{"id":30482,"date":"2025-10-16T11:48:39","date_gmt":"2025-10-16T09:48:39","guid":{"rendered":"https:\/\/www.psib-psoe.org\/mallorca\/?p=30482"},"modified":"2025-10-16T11:48:50","modified_gmt":"2025-10-16T09:48:50","slug":"els-socialistes-de-mallorca-denuncien-el-caos-del-consell-de-mallorca-en-el-tramit-de-les-subvencions-culturals-als-municipis","status":"publish","type":"post","link":"https:\/\/www.psib-psoe.org\/mallorca\/els-socialistes-de-mallorca-denuncien-el-caos-del-consell-de-mallorca-en-el-tramit-de-les-subvencions-culturals-als-municipis\/","title":{"rendered":"Els Socialistes de Mallorca denuncien el caos del Consell de Mallorca en el tr\u00e0mit de les subvencions culturals als municipis."},"content":{"rendered":"\n<figure class=\"wp-block-image size-large\"><img loading=\"lazy\" decoding=\"async\" width=\"1024\" height=\"768\" src=\"https:\/\/www.psib-psoe.org\/mallorca\/wp-content\/uploads\/Gamundi-Campins-Lloseta-1024x768.jpeg\" alt=\"\" class=\"wp-image-30483\" srcset=\"https:\/\/www.psib-psoe.org\/mallorca\/wp-content\/uploads\/Gamundi-Campins-Lloseta-1024x768.jpeg 1024w, https:\/\/www.psib-psoe.org\/mallorca\/wp-content\/uploads\/Gamundi-Campins-Lloseta-300x225.jpeg 300w, https:\/\/www.psib-psoe.org\/mallorca\/wp-content\/uploads\/Gamundi-Campins-Lloseta-768x576.jpeg 768w, https:\/\/www.psib-psoe.org\/mallorca\/wp-content\/uploads\/Gamundi-Campins-Lloseta-1536x1152.jpeg 1536w, https:\/\/www.psib-psoe.org\/mallorca\/wp-content\/uploads\/Gamundi-Campins-Lloseta-2048x1536.jpeg 2048w, https:\/\/www.psib-psoe.org\/mallorca\/wp-content\/uploads\/Gamundi-Campins-Lloseta-150x113.jpeg 150w, https:\/\/www.psib-psoe.org\/mallorca\/wp-content\/uploads\/Gamundi-Campins-Lloseta-600x450.jpeg 600w, https:\/\/www.psib-psoe.org\/mallorca\/wp-content\/uploads\/Gamundi-Campins-Lloseta-900x675.jpeg 900w, https:\/\/www.psib-psoe.org\/mallorca\/wp-content\/uploads\/Gamundi-Campins-Lloseta-20x16.jpeg 20w\" sizes=\"(max-width: 1024px) 100vw, 1024px\" \/><\/figure>\n\n\n<p><em><u>La secret\u00e0ria de Coordinaci\u00f3 Municipal de la Federaci\u00f3 Socialista de Mallorca i consellera del Grup Socialista al Consell de Mallorca, Beatriu Gamund\u00ed, i la batlessa de Lloseta, Paquita Campins, han expressat la seva preocupaci\u00f3, en nom dels batles i regidors socialistes de Mallorca, per la manca de planificaci\u00f3 i els retards en la gesti\u00f3 de les subvencions del Departament de Cultura i Patrimoni del Consell de Mallorca, dirigit per la consellera Ant\u00f2nia Roca, de l\u2019equip de govern PPVox. Aquesta situaci\u00f3 obliga a programar \u201ca la cega\u201d les activitats culturals subvencionables de final d\u2019enguany i de 2026, i genera incertesa en la gesti\u00f3 dels municipis.<\/u><\/em><strong>\u00a0<\/strong><\/p>\n<p>Caos en la gesti\u00f3 de les ajudes del CACIM al departament de Cultura del Consell de Mallorca. Els municipis veuen amb estupor com ha finalitzat la programaci\u00f3 subvencionada amb l\u2019anterior programa, mentre que el Consell no ha estat capa\u00e7 de tramitar la nova l\u00ednia de subvencions i d\u2019oferta cultural i d\u2019espectacles per als municipis, i obliga als ajuntaments de Mallorca a avan\u00e7ar despeses i contractacions. La feina mod\u00e8lica i socialment necess\u00e0ria dels ajuntaments per mantenir programacions culturals d\u2019inter\u00e8s als municipis es veu \u201camena\u00e7ada i ofegada per la burocr\u00e0cia del Departament de Cultura del Consell de Mallorca, dirigit pel Partit Popular. El PP del Sr.Galm\u00e8s, va prometre simplificaci\u00f3, per\u00f2 ha dut el caos i la imprevisi\u00f3\u201d, ha dit Beatriu Gamund\u00ed.<\/p>\n<p>El Cat\u00e0leg d\u2019Activitats Culturals del Consell Insular de Mallorca (CACIM) \u00e9s una eina fonamental per a la programaci\u00f3 anual dels ajuntaments, que va ser creada pels socialistes al Consell de Mallorca. La darrera convocat\u00f2ria va finalitzar el 30 de setembre de 2025 i, a hores d\u2019ara, la convocat\u00f2ria 25-26 est\u00e0 en fase de tramitaci\u00f3 i encara no t\u00e9 data prevista de publicaci\u00f3. \u201cAquesta situaci\u00f3 demostra una falta de previsi\u00f3 i complica la planificaci\u00f3 municipal, obligant els consistoris a assumir riscos i a treballar sense garanties clares\u201d, ha dit Beatriu Gamund\u00ed.<\/p>\n<p>No \u00e9s aquesta l\u2019\u00fanica l\u00ednia que pateix embossos i retards al departament de Cultura. Aix\u00ed mateix, la convocat\u00f2ria de subvencions 2025 per a inversions municipals en equipaments culturals i festes d\u2019inter\u00e8s cultural nom\u00e9s concedeix 10 dies h\u00e0bils per a la justificaci\u00f3 de les ajudes. Segons els ajuntaments socialistes, aquest termini \u00e9s dif\u00edcil de complir, especialment per als municipis m\u00e9s petits, i suposa una c\u00e0rrega administrativa addicional.<\/p>\n<p>La constataci\u00f3 de la manca de planificaci\u00f3 de Roca i Galm\u00e9s respecte la cultura i la tradici\u00f3 la sofreixen ajuntaments i entitats que fan activitats de gegants i caparrots, amb una convocat\u00f2ria de 2025 totalment retardada que es publica a finals de setembre quan la majoria d\u2019activitats que s\u2019havien de fer ja s\u2019han hagut de finan\u00e7ar per avan\u00e7at. \u201c\u00c9s inadmissible que s&#8217;aprovin les bases de les ajudes de l&#8217;any quan el termini d&#8217;execuci\u00f3 ja ha finalitzat\u201d.<\/p>\n<p>Gamund\u00ed ha afegit que \u201cel Consell hauria de ser un aliat dels ajuntaments en la gesti\u00f3 cultural. La demora en la publicaci\u00f3 de la nova convocat\u00f2ria del CACIM, els terminis ajustats de justificaci\u00f3 i la deixadesa amb la subvenci\u00f3 a activitats de gegants i caparrots demostren el poc inter\u00e8s que posa PPVox en mantenir unes activitats culturals que el Consell hauria de defensar; probablement per que es tracta d\u2019iniciatives que van ser posades en marxa pels socialistes des del govern del Consell\u201d.<\/p>\n<p>\u00a0Lloseta ha estat el lloc escollit pels socialistes per denunciar la situaci\u00f3 de les subvencions del Consell de Mallorca a les activitats culturals municipis. Paquita Campins, batlessa de Lloseta, ha expressat \u201cpreocupaci\u00f3 i malestar per la gesti\u00f3 de les ajudes que fa el Consell, que a dia d\u2019avui no s\u2019han resolt i que ens obliguen a programar la temporada cultural pr\u00e0cticament a la cega\u201d. Campins ha posat l\u2019exemple del municipi de Lloseta, que compta amb subvencions concedides a l\u2019escola de m\u00fasica i al centre sa Mina, per\u00f2 amb terminis de nom\u00e9s 10 dies per justificar la despesa. \u201cAix\u00f2 ens obliga a treballar a contrarellotge, i ens posa davant d\u2019un risc innecessari de perdre les ajudes; no volem ajudes simb\u00f2liques, volem comprom\u00eds real i \u00fatil\u201d, ha dit la batlessa socialista de Lloseta. Les ajudes a l\u2019associaci\u00f3 gegantera del municipi tamb\u00e9 es troba en la situaci\u00f3 d\u2019haver de justificar les despeses d\u2019activitats que ja ha realitzat, \u201cuna situaci\u00f3 absurda, per que el que necessiten es finan\u00e7ament per al seu funcionament i garantir la seva continu\u00eftat\u201d.<\/p>\n<p>\u00a0<\/p>\n\n\n<figure class=\"wp-block-audio\"><audio controls src=\"https:\/\/www.psib-psoe.org\/mallorca\/wp-content\/uploads\/161025_Bea-Gamundi.mp3\"><\/audio><\/figure>\n\n\n\n<figure class=\"wp-block-audio\"><audio controls src=\"https:\/\/www.psib-psoe.org\/mallorca\/wp-content\/uploads\/161025_Paquita-Campins.mp3\"><\/audio><\/figure>\n","protected":false},"excerpt":{"rendered":"<p>La secret\u00e0ria de Coordinaci\u00f3 Municipal de la Federaci\u00f3 Socialista de Mallorca i consellera del Grup Socialista al Consell de Mallorca, Beatriu Gamund\u00ed, i la batlessa de Lloseta, Paquita Campins, han expressat la seva preocupaci\u00f3, en nom dels batles i regidors socialistes de Mallorca, per la manca de planificaci\u00f3 i els retards en la gesti\u00f3 de&hellip;<\/p>\n","protected":false},"author":3,"featured_media":30483,"comment_status":"false","ping_status":"closed","sticky":false,"template":"","format":"standard","meta":{"footnotes":""},"categories":[89,2,1,90,92],"tags":[218,447,105,83,639,614,84,581],"class_list":["post-30482","post","type-post","status-publish","format-standard","has-post-thumbnail","hentry","category-consell-de-mallorca","category-federacio-de-mallorca","category-federacio-de-mallorca-portada","category-municipis","category-portada","tag-amanda-fernandez","tag-bea-gamundi","tag-catalina-cladera","tag-consell-de-mallorca","tag-joan-mendez-2","tag-paquita-campins","tag-psib-psoe","tag-xisco-dalmau"],"_links":{"self":[{"href":"https:\/\/www.psib-psoe.org\/mallorca\/wp-json\/wp\/v2\/posts\/30482"}],"collection":[{"href":"https:\/\/www.psib-psoe.org\/mallorca\/wp-json\/wp\/v2\/posts"}],"about":[{"href":"https:\/\/www.psib-psoe.org\/mallorca\/wp-json\/wp\/v2\/types\/post"}],"author":[{"embeddable":true,"href":"https:\/\/www.psib-psoe.org\/mallorca\/wp-json\/wp\/v2\/users\/3"}],"replies":[{"embeddable":true,"href":"https:\/\/www.psib-psoe.org\/mallorca\/wp-json\/wp\/v2\/comments?post=30482"}],"version-history":[{"count":1,"href":"https:\/\/www.psib-psoe.org\/mallorca\/wp-json\/wp\/v2\/posts\/30482\/revisions"}],"predecessor-version":[{"id":30486,"href":"https:\/\/www.psib-psoe.org\/mallorca\/wp-json\/wp\/v2\/posts\/30482\/revisions\/30486"}],"wp:featuredmedia":[{"embeddable":true,"href":"https:\/\/www.psib-psoe.org\/mallorca\/wp-json\/wp\/v2\/media\/30483"}],"wp:attachment":[{"href":"https:\/\/www.psib-psoe.org\/mallorca\/wp-json\/wp\/v2\/media?parent=30482"}],"wp:term":[{"taxonomy":"category","embeddable":true,"href":"https:\/\/www.psib-psoe.org\/mallorca\/wp-json\/wp\/v2\/categories?post=30482"},{"taxonomy":"post_tag","embeddable":true,"href":"https:\/\/www.psib-psoe.org\/mallorca\/wp-json\/wp\/v2\/tags?post=30482"}],"curies":[{"name":"wp","href":"https:\/\/api.w.org\/{rel}","templated":true}]}}