{"id":30487,"date":"2025-10-17T14:30:37","date_gmt":"2025-10-17T12:30:37","guid":{"rendered":"https:\/\/www.psib-psoe.org\/mallorca\/?p=30487"},"modified":"2025-10-17T14:30:48","modified_gmt":"2025-10-17T12:30:48","slug":"el-psib-psoe-reclama-major-compromis-politic-per-combatre-la-desigualtat-i-en-favor-de-la-justicia-social-en-el-dia-internacional-per-a-la-erradicacio-de-la-pobresa","status":"publish","type":"post","link":"https:\/\/www.psib-psoe.org\/mallorca\/el-psib-psoe-reclama-major-compromis-politic-per-combatre-la-desigualtat-i-en-favor-de-la-justicia-social-en-el-dia-internacional-per-a-la-erradicacio-de-la-pobresa\/","title":{"rendered":"El PSIB-PSOE reclama major comprom\u00eds pol\u00edtic per combatre la desigualtat i en favor de la just\u00edcia social en el Dia Internacional per a la erradicaci\u00f3 de la pobresa."},"content":{"rendered":"\n<figure class=\"wp-block-image size-large\"><img loading=\"lazy\" decoding=\"async\" width=\"2274\" height=\"2274\" src=\"https:\/\/www.psib-psoe.org\/mallorca\/wp-content\/uploads\/EAPN-Dia-Pobresa-2-edited.jpeg\" alt=\"\" class=\"wp-image-30489\" srcset=\"https:\/\/www.psib-psoe.org\/mallorca\/wp-content\/uploads\/EAPN-Dia-Pobresa-2-edited.jpeg 2274w, https:\/\/www.psib-psoe.org\/mallorca\/wp-content\/uploads\/EAPN-Dia-Pobresa-2-edited-300x300.jpeg 300w, https:\/\/www.psib-psoe.org\/mallorca\/wp-content\/uploads\/EAPN-Dia-Pobresa-2-edited-1024x1024.jpeg 1024w, https:\/\/www.psib-psoe.org\/mallorca\/wp-content\/uploads\/EAPN-Dia-Pobresa-2-edited-150x150.jpeg 150w, https:\/\/www.psib-psoe.org\/mallorca\/wp-content\/uploads\/EAPN-Dia-Pobresa-2-edited-768x768.jpeg 768w, https:\/\/www.psib-psoe.org\/mallorca\/wp-content\/uploads\/EAPN-Dia-Pobresa-2-edited-1536x1536.jpeg 1536w, https:\/\/www.psib-psoe.org\/mallorca\/wp-content\/uploads\/EAPN-Dia-Pobresa-2-edited-2048x2048.jpeg 2048w, https:\/\/www.psib-psoe.org\/mallorca\/wp-content\/uploads\/EAPN-Dia-Pobresa-2-edited-600x600.jpeg 600w, https:\/\/www.psib-psoe.org\/mallorca\/wp-content\/uploads\/EAPN-Dia-Pobresa-2-edited-900x900.jpeg 900w, https:\/\/www.psib-psoe.org\/mallorca\/wp-content\/uploads\/EAPN-Dia-Pobresa-2-edited-20x20.jpeg 20w\" sizes=\"(max-width: 2274px) 100vw, 2274px\" \/><\/figure>\n\n\n<p><em><u>Amb motiu del Dia Internacional per a l\u2019Erradicaci\u00f3 de la Pobresa, la secret\u00e0ria de Drets Socials del PSIB-PSOE i portaveu adjunta del Grup Socialista al Consell de Mallorca, Sofia Alonso, ha participat en la presentaci\u00f3 de l\u2019informe anual i la lectura posterior d\u2019un manifest que ha elaborat la Xarxa per a la inclusi\u00f3 social EAPN Illes Balears. La socialista reivindica la defensa dels drets de totes les persones com a base per a combatre la desigualtat que fomenta la pobresa.<\/u><\/em><\/p>\n<p>Segons les dades exposades a l\u2019informe \u2018L\u2019estat de la pobresa a les Illes Balears 2025, presentat per EAPN, m\u00e9s de 200.000 persones a les Illes Balears es troben en situaci\u00f3 de pobresa, una xifra que, tot i mostrar una lleugera millora respecte a anys anteriors, se situa en el 16,2% de la poblaci\u00f3 resident i continua sent alarmant. Davant aquesta realitat, des del PSIB PSOE s\u2019ha fet una crida a incrementar el comprom\u00eds pol\u00edtic per atacar una q\u00fcesti\u00f3 social de primer ordre que posa en q\u00fcesti\u00f3 la conviv\u00e8ncia. La secret\u00e0ria de Drets Socials del PSIB-PSOE, Sofia Alonso ha afirmat que \u201cerradicar la pobresa \u00e9s una q\u00fcesti\u00f3 que ens interpel\u00b7la a tots i a totes\u201d, i ha insistit que \u201cmentre hi hagi una sola persona que es trobi en aquesta situaci\u00f3, hem de treballar de valent perqu\u00e8 aquesta realitat es reverteixi\u201d.<\/p>\n<p>La portaveu socialista ha subratllat que la lluita contra la pobresa no \u00e9s nom\u00e9s una q\u00fcesti\u00f3 de pol\u00edtiques p\u00fabliques, sin\u00f3 de comprom\u00eds col\u00b7lectiu i de valors democr\u00e0tics. \u201cAquesta tasca es fa per dues vies fonamentals: defensant els drets socials i lluitant per la just\u00edcia social\u201d, ha explicat. En aquest sentit, ha remarcat que \u201cels drets no s\u00f3n negociables\u201d. Alonso ha denunciat que les desigualtats socials continuen sent una barrera per a la plena garantia dels drets de la ciutadania: \u201cDes del moment en qu\u00e8 tenim un m\u00f3n on es permeten les desigualtats socials, no tindrem un m\u00f3n en qu\u00e8 tots i totes tinguem els mateixos drets\u201d.<\/p>\n<p>Les dades de EAPN per Balears dibuixen un escenari complex en el qual les fam\u00edlies amb fills a c\u00e0rrec en situaci\u00f3 de vulnerabilitat tenen m\u00e9s risc de caure en situaci\u00f3 de pobresa severa, d\u2019igual manera que la dificultat creixent en l\u2019acc\u00e9s a un habitatge digne suposa un llindar decisiu que dispara les situacions de pobresa entre aquells que no disposen d\u2019un lloc adequat i assequible per poder dur a terme el seu projecte de vida. Des del PSIB-PSOE es fa una crida a refor\u00e7ar les pol\u00edtiques de protecci\u00f3 social, inclusi\u00f3, educaci\u00f3, habitatge digne i ocupaci\u00f3 de qualitat, com a eines imprescindibles per combatre la pobresa i construir una societat m\u00e9s justa i cohesionada, per Alonso, pol\u00edtiques imprescindibles en el cam\u00ed cap a la igualtat social. El PSIB-PSOE reitera el seu comprom\u00eds amb la defensa de pol\u00edtiques que vagin en aquesta l\u00ednia de blindatge social dels drets inalienables de les persones. \u201cLa lluita contra la pobresa no \u00e9s una opci\u00f3, \u00e9s una obligaci\u00f3 moral i pol\u00edtica\u201d, ha concl\u00f2s Alonso.<\/p>\n<p>\u00a0<\/p>\n\n\n<figure class=\"wp-block-audio\"><audio controls src=\"https:\/\/www.psib-psoe.org\/mallorca\/wp-content\/uploads\/171025-Sofia-EAPN.mp3\"><\/audio><\/figure>\n","protected":false},"excerpt":{"rendered":"<p>Amb motiu del Dia Internacional per a l\u2019Erradicaci\u00f3 de la Pobresa, la secret\u00e0ria de Drets Socials del PSIB-PSOE i portaveu adjunta del Grup Socialista al Consell de Mallorca, Sofia Alonso, ha participat en la presentaci\u00f3 de l\u2019informe anual i la lectura posterior d\u2019un manifest que ha elaborat la Xarxa per a la inclusi\u00f3 social EAPN&hellip;<\/p>\n","protected":false},"author":3,"featured_media":30489,"comment_status":"false","ping_status":"closed","sticky":false,"template":"","format":"standard","meta":{"footnotes":""},"categories":[89,2,1,90,92],"tags":[218,343,447,105,83,650,77,483,268,504,551,594,84,312],"class_list":["post-30487","post","type-post","status-publish","format-standard","has-post-thumbnail","hentry","category-consell-de-mallorca","category-federacio-de-mallorca","category-federacio-de-mallorca-portada","category-municipis","category-portada","tag-amanda-fernandez","tag-andreu-serra","tag-bea-gamundi","tag-catalina-cladera","tag-consell-de-mallorca","tag-daniel-oliveira","tag-federacio-socialista-de-mallorca","tag-joan-ferrer","tag-jose-hila","tag-juana-m-adrover","tag-omar-lamin","tag-patricia-gomez-2","tag-psib-psoe","tag-silvana-gonzalez"],"_links":{"self":[{"href":"https:\/\/www.psib-psoe.org\/mallorca\/wp-json\/wp\/v2\/posts\/30487"}],"collection":[{"href":"https:\/\/www.psib-psoe.org\/mallorca\/wp-json\/wp\/v2\/posts"}],"about":[{"href":"https:\/\/www.psib-psoe.org\/mallorca\/wp-json\/wp\/v2\/types\/post"}],"author":[{"embeddable":true,"href":"https:\/\/www.psib-psoe.org\/mallorca\/wp-json\/wp\/v2\/users\/3"}],"replies":[{"embeddable":true,"href":"https:\/\/www.psib-psoe.org\/mallorca\/wp-json\/wp\/v2\/comments?post=30487"}],"version-history":[{"count":2,"href":"https:\/\/www.psib-psoe.org\/mallorca\/wp-json\/wp\/v2\/posts\/30487\/revisions"}],"predecessor-version":[{"id":30492,"href":"https:\/\/www.psib-psoe.org\/mallorca\/wp-json\/wp\/v2\/posts\/30487\/revisions\/30492"}],"wp:featuredmedia":[{"embeddable":true,"href":"https:\/\/www.psib-psoe.org\/mallorca\/wp-json\/wp\/v2\/media\/30489"}],"wp:attachment":[{"href":"https:\/\/www.psib-psoe.org\/mallorca\/wp-json\/wp\/v2\/media?parent=30487"}],"wp:term":[{"taxonomy":"category","embeddable":true,"href":"https:\/\/www.psib-psoe.org\/mallorca\/wp-json\/wp\/v2\/categories?post=30487"},{"taxonomy":"post_tag","embeddable":true,"href":"https:\/\/www.psib-psoe.org\/mallorca\/wp-json\/wp\/v2\/tags?post=30487"}],"curies":[{"name":"wp","href":"https:\/\/api.w.org\/{rel}","templated":true}]}}