{"id":30493,"date":"2025-10-17T16:31:07","date_gmt":"2025-10-17T14:31:07","guid":{"rendered":"https:\/\/www.psib-psoe.org\/mallorca\/?p=30493"},"modified":"2025-10-17T16:31:19","modified_gmt":"2025-10-17T14:31:19","slug":"els-socialistes-dalcudia-critiquen-una-nova-modificacio-de-pressupost-municipal-que-incorpora-400-000-euros-per-festes-i-fires","status":"publish","type":"post","link":"https:\/\/www.psib-psoe.org\/mallorca\/els-socialistes-dalcudia-critiquen-una-nova-modificacio-de-pressupost-municipal-que-incorpora-400-000-euros-per-festes-i-fires\/","title":{"rendered":"Els Socialistes d\u2019Alc\u00fadia critiquen una nova modificaci\u00f3 de pressupost\u00a0 municipal que incorpora 400.000 euros per festes i fires."},"content":{"rendered":"<div class=\"wpb-content-wrapper\">\n<figure class=\"wp-block-image size-full\"><img loading=\"lazy\" decoding=\"async\" width=\"768\" height=\"605\" src=\"https:\/\/www.psib-psoe.org\/mallorca\/wp-content\/uploads\/Agrupacio-Alcudia-2.jpg\" alt=\"\" class=\"wp-image-30497\" srcset=\"https:\/\/www.psib-psoe.org\/mallorca\/wp-content\/uploads\/Agrupacio-Alcudia-2.jpg 768w, https:\/\/www.psib-psoe.org\/mallorca\/wp-content\/uploads\/Agrupacio-Alcudia-2-300x236.jpg 300w, https:\/\/www.psib-psoe.org\/mallorca\/wp-content\/uploads\/Agrupacio-Alcudia-2-20x16.jpg 20w, https:\/\/www.psib-psoe.org\/mallorca\/wp-content\/uploads\/Agrupacio-Alcudia-2-150x118.jpg 150w, https:\/\/www.psib-psoe.org\/mallorca\/wp-content\/uploads\/Agrupacio-Alcudia-2-600x473.jpg 600w\" sizes=\"(max-width: 768px) 100vw, 768px\" \/><\/figure>\n\n\n<p>L\u2019Ajuntament d\u2019Alc\u00fadia ha incorporat avui al seu pressupost dues partides per un total de 400.000 euros per a fer m\u00e9s fires i festes. El regidor Joan Gaspar Vallori ha criticat la gesti\u00f3 pressupost\u00e0ria de la batlessa Fina Linares, que prioritza el \u201cpa i circ\u201d per damunt de les necessitats b\u00e0siques de la ciutadania. \u201cLes seves prioritats s\u00f3n fer uns pressupostos de barra lliure pagats amb els doblers de tots\u201d, ha dit Vallori, despr\u00e9s de remarcar que la d\u2019avui divendres ha estat la modificaci\u00f3 de cr\u00e8dit n\u00famero 43 d\u2019enguany, per un pressupost de 2025 que es va aprovar el passat mes d\u2019agost amb 8 mesos de retard.  <\/p>\n\n\n[vc_row][vc_column][vc_column_text]\n<p>El \u201cpa i circ\u201d domina la pol\u00edtica municipal a Alc\u00fadia. Una pol\u00edtica de Fina Linares que prioritza les fires i les festes per damunt d\u2019altres necessitats b\u00e0siques. El ple extraordinari d\u2019avui ha servit per aprovar la 43ena. Modificaci\u00f3 de cr\u00e8dit d\u2019enguany a Alc\u00fadia, que ha incl\u00f2s, entre d\u2019altres, una partida de 400.000 euros per suplementar un ja hipertrofiat cap\u00edtol de despesa que frega els 2 milions d\u2019euros. <\/p>\n<p>\u201cLes seves prioritats s\u00f3n fer pressupostos de pa i circ, una barra lliure que paguen amb els diners de tots\u201d, ha manifestat Joan Gaspar Vallori. Aquests 400.000 euros serveixen per pagar factures pendents \u201cper que el que hi havia als pressupostos no els bastava\u201d. Pel regidor socialista, resulta sagnant que \u201ces gastin m\u00e9s doblers en fires i festes mentre que deixen sense executar altres partides en mat\u00e8ria de benestar social, cohesi\u00f3, salut o igualtat\u201d. Per Vallori \u201cla cohesi\u00f3 social no es construeix amb pa i circ, sin\u00f3 amb oportunitats i serveis dignes, i la pol\u00edtica no es fa nom\u00e9s amb animaci\u00f3 sociocultural, sin\u00f3 amb la gesti\u00f3 del be com\u00fa\u201d. <\/p>\n<p>Els Socialistes d\u2019Alc\u00fadia van criticar la gesti\u00f3 de l\u2019aprovaci\u00f3 del pressupost, per un equip de govern que en principi te la majoria suficient per haver aprovat els comptes en temps i forma. En canvi no va ser fins al passat mes d\u2019agost, 8 mesos despr\u00e9s d\u2019haver iniciat l\u2019exercici, que Alc\u00fadia va comptar amb pressupostos de 2025. Avui Vallori ha constatat que s\u2019han fet modificacions de cr\u00e8dit a un ritme \u201cd\u2019una per setmana\u201d, la qual cosa demostra que \u201cel pressupost que l\u2019equip de govern ens va vendre com a bo, no ho era tant\u201d. Vallori ha recordat tamb\u00e9 el pla d\u2019ajust pressupostari que la intervenci\u00f3 municipal va obligar a adoptar per l\u2019incompliment de les regles fiscals, i que per tant obligava a preveure un increment d\u2019ingressos per via d\u2019una pujada de la taxa dels fems per a tots els alcudiencs. <\/p>\n<p>\u201cQu\u00e8 hi ha de les necessitats reals per a les fam\u00edlies\u201d ha demanat Vallori, que ha apel\u00b7lat a la responsabilitat de l\u2019actual equip de govern de PPVox: \u201cuna administraci\u00f3 responsable ha de pensar en el dia despr\u00e9s, per que la gent no nom\u00e9s vol festa, tamb\u00e9 vol futur; vosaltres, quin futur deixareu?\u201d <\/p>\n[\/vc_column_text][\/vc_column][\/vc_row]\n<\/div>","protected":false},"excerpt":{"rendered":"L\u2019Ajuntament d\u2019Alc\u00fadia ha incorporat avui al seu pressupost dues partides per un total de 400.000 euros per a fer m\u00e9s fires i festes. El regidor Joan Gaspar Vallori ha criticat la gesti\u00f3 pressupost\u00e0ria de la batlessa Fina Linares, que prioritza el \u201cpa i circ\u201d per damunt de les necessitats b\u00e0siques de la ciutadania. \u201cLes seves&hellip;","protected":false},"author":3,"featured_media":30497,"comment_status":"closed","ping_status":"closed","sticky":false,"template":"","format":"standard","meta":{"footnotes":""},"categories":[2,1,90,92],"tags":[348,556,218,349,77,304,551],"class_list":["post-30493","post","type-post","status-publish","format-standard","has-post-thumbnail","hentry","category-federacio-de-mallorca","category-federacio-de-mallorca-portada","category-municipis","category-portada","tag-agrupacio-socialista-dalcudia","tag-agui-lobo","tag-amanda-fernandez","tag-barbara-rebassa","tag-federacio-socialista-de-mallorca","tag-joan-gaspar-vallori","tag-omar-lamin"],"_links":{"self":[{"href":"https:\/\/www.psib-psoe.org\/mallorca\/wp-json\/wp\/v2\/posts\/30493"}],"collection":[{"href":"https:\/\/www.psib-psoe.org\/mallorca\/wp-json\/wp\/v2\/posts"}],"about":[{"href":"https:\/\/www.psib-psoe.org\/mallorca\/wp-json\/wp\/v2\/types\/post"}],"author":[{"embeddable":true,"href":"https:\/\/www.psib-psoe.org\/mallorca\/wp-json\/wp\/v2\/users\/3"}],"replies":[{"embeddable":true,"href":"https:\/\/www.psib-psoe.org\/mallorca\/wp-json\/wp\/v2\/comments?post=30493"}],"version-history":[{"count":2,"href":"https:\/\/www.psib-psoe.org\/mallorca\/wp-json\/wp\/v2\/posts\/30493\/revisions"}],"predecessor-version":[{"id":30498,"href":"https:\/\/www.psib-psoe.org\/mallorca\/wp-json\/wp\/v2\/posts\/30493\/revisions\/30498"}],"wp:featuredmedia":[{"embeddable":true,"href":"https:\/\/www.psib-psoe.org\/mallorca\/wp-json\/wp\/v2\/media\/30497"}],"wp:attachment":[{"href":"https:\/\/www.psib-psoe.org\/mallorca\/wp-json\/wp\/v2\/media?parent=30493"}],"wp:term":[{"taxonomy":"category","embeddable":true,"href":"https:\/\/www.psib-psoe.org\/mallorca\/wp-json\/wp\/v2\/categories?post=30493"},{"taxonomy":"post_tag","embeddable":true,"href":"https:\/\/www.psib-psoe.org\/mallorca\/wp-json\/wp\/v2\/tags?post=30493"}],"curies":[{"name":"wp","href":"https:\/\/api.w.org\/{rel}","templated":true}]}}