{"id":30499,"date":"2025-10-18T18:40:36","date_gmt":"2025-10-18T16:40:36","guid":{"rendered":"https:\/\/www.psib-psoe.org\/mallorca\/?p=30499"},"modified":"2025-10-18T18:40:47","modified_gmt":"2025-10-18T16:40:47","slug":"el-psib-psoe-demana-a-marga-prohens-que-prioritzi-el-tren-de-llevant-en-lloc-de-relegar-lo-sent-la-linia-mes-avancada-de-quantes-ha-promes-la-presidenta","status":"publish","type":"post","link":"https:\/\/www.psib-psoe.org\/mallorca\/el-psib-psoe-demana-a-marga-prohens-que-prioritzi-el-tren-de-llevant-en-lloc-de-relegar-lo-sent-la-linia-mes-avancada-de-quantes-ha-promes-la-presidenta\/","title":{"rendered":"El PSIB-PSOE demana a Marga Prohens que prioritzi el tren de Llevant en lloc de relegar-lo, sent la l\u00ednia m\u00e9s avan\u00e7ada de quantes ha prom\u00e8s la presidenta"},"content":{"rendered":"<div class=\"wpb-content-wrapper\">\n<figure class=\"wp-block-image size-full\"><img loading=\"lazy\" decoding=\"async\" width=\"1170\" height=\"2042\" src=\"https:\/\/www.psib-psoe.org\/mallorca\/wp-content\/uploads\/181025_Amanda-Fernandez-i-Manolo-Galan.jpeg\" alt=\"\" class=\"wp-image-30500\" srcset=\"https:\/\/www.psib-psoe.org\/mallorca\/wp-content\/uploads\/181025_Amanda-Fernandez-i-Manolo-Galan.jpeg 1170w, https:\/\/www.psib-psoe.org\/mallorca\/wp-content\/uploads\/181025_Amanda-Fernandez-i-Manolo-Galan-172x300.jpeg 172w, https:\/\/www.psib-psoe.org\/mallorca\/wp-content\/uploads\/181025_Amanda-Fernandez-i-Manolo-Galan-587x1024.jpeg 587w, https:\/\/www.psib-psoe.org\/mallorca\/wp-content\/uploads\/181025_Amanda-Fernandez-i-Manolo-Galan-768x1340.jpeg 768w, https:\/\/www.psib-psoe.org\/mallorca\/wp-content\/uploads\/181025_Amanda-Fernandez-i-Manolo-Galan-880x1536.jpeg 880w, https:\/\/www.psib-psoe.org\/mallorca\/wp-content\/uploads\/181025_Amanda-Fernandez-i-Manolo-Galan-300x524.jpeg 300w, https:\/\/www.psib-psoe.org\/mallorca\/wp-content\/uploads\/181025_Amanda-Fernandez-i-Manolo-Galan-150x262.jpeg 150w, https:\/\/www.psib-psoe.org\/mallorca\/wp-content\/uploads\/181025_Amanda-Fernandez-i-Manolo-Galan-600x1047.jpeg 600w, https:\/\/www.psib-psoe.org\/mallorca\/wp-content\/uploads\/181025_Amanda-Fernandez-i-Manolo-Galan-900x1571.jpeg 900w, https:\/\/www.psib-psoe.org\/mallorca\/wp-content\/uploads\/181025_Amanda-Fernandez-i-Manolo-Galan-20x36.jpeg 20w\" sizes=\"(max-width: 1170px) 100vw, 1170px\" \/><\/figure>\n\n\n<p>Els i les socialistes de Mallorca denuncien que l\u2019Executiu prefereix fer l\u00ednies que no tenen ni projecte, ni tra\u00e7at ni finan\u00e7ament, abans que el projecte del Llevant que estava preparat per comen\u00e7ar les obres.<\/p>\n\n\n[vc_row][vc_column][vc_column_text]\n<p>Els socialistes de Mallorca han exigit a la presidenta del Govern, Marga Prohens que prioritzi el tren de Llevant, pel fet d\u2019estar molt m\u00e9s avan\u00e7at que la resta de l\u00ednies ferrovi\u00e0ries anunciades per la cap de l\u2019Executiu en els m\u00e9s de dos anys que du en el c\u00e0rrec.<\/p>\n<p>La secret\u00e0ria general, Amanda Fern\u00e1ndez, ha denunciat que \u201cno entenem com la senyora Prohens prioritza el tren a Alc\u00fadia, que t\u00e9 un rebuig total entre la gent i els ve\u00efns i ve\u00efnes de Sa Pobla, o perqu\u00e8 prioritza el tren a Campos, el municipi de la presidenta, que no t\u00e9 ni projecte, ni tra\u00e7at, ni consens social\u201d.<\/p>\n<p>En canvi, el tren del Llevant, impulsat per l\u2019anterior govern progressista de Francina Armengol, es va deixar preparat per comen\u00e7ar les obres amb un finan\u00e7ament de 30 milions d\u2019euros de l\u2019Impost del Turisme Sostenible per al 2023. \u201cT\u00e9 el suport de la gran majoria de la ciutadania, el suport institucional de tots els ajuntaments de la comarca, tra\u00e7at i projecte, per la qual cosa volem que arribi com m\u00e9s aviat millor a Cala Rajada\u201d, ha advertit Fern\u00e1ndez.<\/p>\n<p>En el mateix sentit s\u2019ha pronunciat el batle d\u2019Art\u00e0, el socialista Manolo Gal\u00e1n, qui ha criticat que \u201cuna vegada m\u00e9s el PP discrimina la comarca del Llevant en mat\u00e8ria d\u2019infraestructures ferrovi\u00e0ries\u201d. En aquest sentit, ha recordat que \u201camb Jos\u00e9 Ram\u00f3n Bauz\u00e1 es va aturar quan ja estava comen\u00e7at i es van retornar els doblers que hi havia per finan\u00e7ar-lo mentre que el 2023, amb finan\u00e7ament de l\u2019Impost del Turisme Sostenible ja assignat, Marga Prohens el torna a aturar\u201d.<\/p>\n<p>Per al batle socialista, \u00e9s encara m\u00e9s greu que \u201cla setmana passada al Parlament la presidenta del Govern va dir que hi havia finan\u00e7ament de la comunitat aut\u00f2noma per a totes les l\u00ednies de tren menys per la del Llevant, i que si vol\u00edem finan\u00e7ament hav\u00edem d\u2019anar a Madrid\u201d.<\/p>\n<p>Davant aix\u00f2, Gal\u00e1n ha reivindicat que \u201cels ciutadans i les ciutadanes de la comarca del Llevant tenim els mateixos drets i mereixem el mateix tracte en mat\u00e8ria de mobilitat ferrovi\u00e0ria que els de la resta de Mallorca\u201d, per la qual cosa ha demanat a Prohens que escolti a la comarca del Llevant. <\/p>\n[\/vc_column_text][\/vc_column][\/vc_row]\n<\/div>","protected":false},"excerpt":{"rendered":"Els i les socialistes de Mallorca denuncien que l\u2019Executiu prefereix fer l\u00ednies que no tenen ni projecte, ni tra\u00e7at ni finan\u00e7ament, abans que el projecte del Llevant que estava preparat per comen\u00e7ar les obres. [vc_row][vc_column][vc_column_text] Els socialistes de Mallorca han exigit a la presidenta del Govern, Marga Prohens que prioritzi el tren de Llevant, pel&hellip;","protected":false},"author":4,"featured_media":30500,"comment_status":"closed","ping_status":"closed","sticky":false,"template":"","format":"standard","meta":{"footnotes":""},"categories":[2,1,90,92],"tags":[348,556,218,349,77,304,551],"class_list":["post-30499","post","type-post","status-publish","format-standard","has-post-thumbnail","hentry","category-federacio-de-mallorca","category-federacio-de-mallorca-portada","category-municipis","category-portada","tag-agrupacio-socialista-dalcudia","tag-agui-lobo","tag-amanda-fernandez","tag-barbara-rebassa","tag-federacio-socialista-de-mallorca","tag-joan-gaspar-vallori","tag-omar-lamin"],"_links":{"self":[{"href":"https:\/\/www.psib-psoe.org\/mallorca\/wp-json\/wp\/v2\/posts\/30499"}],"collection":[{"href":"https:\/\/www.psib-psoe.org\/mallorca\/wp-json\/wp\/v2\/posts"}],"about":[{"href":"https:\/\/www.psib-psoe.org\/mallorca\/wp-json\/wp\/v2\/types\/post"}],"author":[{"embeddable":true,"href":"https:\/\/www.psib-psoe.org\/mallorca\/wp-json\/wp\/v2\/users\/4"}],"replies":[{"embeddable":true,"href":"https:\/\/www.psib-psoe.org\/mallorca\/wp-json\/wp\/v2\/comments?post=30499"}],"version-history":[{"count":1,"href":"https:\/\/www.psib-psoe.org\/mallorca\/wp-json\/wp\/v2\/posts\/30499\/revisions"}],"predecessor-version":[{"id":30501,"href":"https:\/\/www.psib-psoe.org\/mallorca\/wp-json\/wp\/v2\/posts\/30499\/revisions\/30501"}],"wp:featuredmedia":[{"embeddable":true,"href":"https:\/\/www.psib-psoe.org\/mallorca\/wp-json\/wp\/v2\/media\/30500"}],"wp:attachment":[{"href":"https:\/\/www.psib-psoe.org\/mallorca\/wp-json\/wp\/v2\/media?parent=30499"}],"wp:term":[{"taxonomy":"category","embeddable":true,"href":"https:\/\/www.psib-psoe.org\/mallorca\/wp-json\/wp\/v2\/categories?post=30499"},{"taxonomy":"post_tag","embeddable":true,"href":"https:\/\/www.psib-psoe.org\/mallorca\/wp-json\/wp\/v2\/tags?post=30499"}],"curies":[{"name":"wp","href":"https:\/\/api.w.org\/{rel}","templated":true}]}}