{"id":30502,"date":"2025-10-20T15:54:33","date_gmt":"2025-10-20T13:54:33","guid":{"rendered":"https:\/\/www.psib-psoe.org\/mallorca\/?p=30502"},"modified":"2025-10-20T15:54:45","modified_gmt":"2025-10-20T13:54:45","slug":"els-socialistes-de-soller-recullen-les-propostes-dels-experts-per-palliar-la-manca-daigua-que-viu-el-municipi","status":"publish","type":"post","link":"https:\/\/www.psib-psoe.org\/mallorca\/els-socialistes-de-soller-recullen-les-propostes-dels-experts-per-palliar-la-manca-daigua-que-viu-el-municipi\/","title":{"rendered":"Els Socialistes de S\u00f3ller recullen les propostes dels experts per pal\u00b7liar la manca d\u2019aigua que viu el municipi"},"content":{"rendered":"<div class=\"wpb-content-wrapper\">\n<figure class=\"wp-block-image size-full\"><img loading=\"lazy\" decoding=\"async\" width=\"2048\" height=\"1536\" src=\"https:\/\/www.psib-psoe.org\/mallorca\/wp-content\/uploads\/201025_Foto-Soller-1.jpeg\" alt=\"\" class=\"wp-image-30503\" srcset=\"https:\/\/www.psib-psoe.org\/mallorca\/wp-content\/uploads\/201025_Foto-Soller-1.jpeg 2048w, https:\/\/www.psib-psoe.org\/mallorca\/wp-content\/uploads\/201025_Foto-Soller-1-300x225.jpeg 300w, https:\/\/www.psib-psoe.org\/mallorca\/wp-content\/uploads\/201025_Foto-Soller-1-1024x768.jpeg 1024w, https:\/\/www.psib-psoe.org\/mallorca\/wp-content\/uploads\/201025_Foto-Soller-1-768x576.jpeg 768w, https:\/\/www.psib-psoe.org\/mallorca\/wp-content\/uploads\/201025_Foto-Soller-1-1536x1152.jpeg 1536w, https:\/\/www.psib-psoe.org\/mallorca\/wp-content\/uploads\/201025_Foto-Soller-1-150x113.jpeg 150w, https:\/\/www.psib-psoe.org\/mallorca\/wp-content\/uploads\/201025_Foto-Soller-1-600x450.jpeg 600w, https:\/\/www.psib-psoe.org\/mallorca\/wp-content\/uploads\/201025_Foto-Soller-1-900x675.jpeg 900w, https:\/\/www.psib-psoe.org\/mallorca\/wp-content\/uploads\/201025_Foto-Soller-1-20x16.jpeg 20w\" sizes=\"(max-width: 2048px) 100vw, 2048px\" \/><\/figure>\n\n\n<p>L\u00edmit de creixement tur\u00edstic i urban\u00edstic, millorar les infraestructures h\u00eddriques amb la depuradora d\u2019aig\u00fces terci\u00e0ries, i crear noves eines per regular els consums excessius de l\u2019aigua i fomentar-ne l\u2019estalvi, principals iniciatives de la primera jornada de les \u201cVesprades Socialistes.<\/p>\n\n\n[vc_row][vc_column][vc_column_text]\n<p>Els Socialistes de S\u00f3ller han obert les \u201cVesprades Socialistes\u201d, un cicle de xerrades obertes a tota la ciutadania, amb experts en diferents temes amb l\u2019objectiu de debatre sobre els reptes del municipi per als pr\u00f2xims anys i les solucions que s\u2019hi poden aplicar.<\/p>\n<p>En aquesta primera jornada, celebrada a la capella de Ses Escol\u00e0pies, el debat va ser sobre la gesti\u00f3 de l\u2019aigua a S\u00f3ller, amb les intervencions del secretari general, Jaume Mateu, el doctor en biologia i director de l\u2019Alian\u00e7a per l\u2019Aigua d\u2019Eivissa i Formentera, Juan Calvo, el president del Sindicat de Regants de S\u00f3ller, Guillem Dey\u00e0, i el cap de gesti\u00f3 d\u2019Aqualia a les Balears, Luis L\u00f3pez.<\/p>\n<p>Prop d\u2019una trentena de persones han assistit a la trobada en la qual s\u2019han posat damunt la taula solucions de futur com la millora de la gesti\u00f3 de l\u2019aigua per reduir consum, posar l\u00edmits tur\u00edstics i urban\u00edstics, la millora de les infraestructures h\u00eddriques, la sensibilitzaci\u00f3 de la ciutadania per a l\u2019aprofitament d\u2019un recurs tan esc\u00e0s, i la reutilitzaci\u00f3 de l\u2019aigua.<\/p>\n<p>En concret, el secretari general dels socialistes de S\u00f3ller i portaveu a l\u2019Ajuntament, Jaume Mateu, ha exposat que \u201ctot i que al municipi hi ha una cultura de l\u2019aigua que ve d\u2019enfora, s\u2019ha d\u2019adaptar la demanda a l\u2019aigua que tenim\u201d, perqu\u00e8 \u201csi quan arriba l\u2019agost tenim problemes d\u2019aigua, s\u2019han de preveure mesures abans d\u2019arribar en aquest extrem, i donar aigua a tothom \u00e9s la primera funci\u00f3 d\u2019un ajuntament\u201d.<\/p>\n<p>Per aix\u00f2, Mateu ha defensat la necessitat de fer canvis els pr\u00f2xims anys perqu\u00e8 la tend\u00e8ncia de futur apunta cap a la manca d\u2019aigua i al municipi hi ha d\u00e8ficits que es poden afrontar, com la manca d\u2019infraestructures i el clavegueram.<\/p>\n<p>Per part seva, el director de l\u2019Alian\u00e7a per l\u2019Aigua d\u2019Eivissa i Formentera, Juan Calvo, ha apuntat al canvi clim\u00e0tic com el causant dels episodis de pluges intenses i d\u2019inundacions que de cada vegada s\u00f3n m\u00e9s intensos, per\u00f2 tamb\u00e9 de calor i de sequera, els quals reclamen \u201cuna millora de la gesti\u00f3 de l\u2019aigua que permeti reduir els consums, assumint el debat de la pressi\u00f3 humana i plantejant posar l\u00edmits al turisme i als creixements urban\u00edstics\u201d.<\/p>\n<p>Calvo ha apostat per afrontar la manca d\u2019aigua m\u00e9s enll\u00e0 d\u2019una legislatura i amb consensos pol\u00edtics governi qui governi, de la mateixa manera que ha remarcat la import\u00e0ncia que part de l\u2019Impost del Turisme Sostenible es destini a l\u2019aigua i que els consells insulars donin suport als ajuntaments amb oficines energ\u00e8tiques que ajudin a accelerar projectes d\u2019aigua, especialment en el cas dels ajuntaments m\u00e9s petits.<\/p>\n<p>El cap de gesti\u00f3 d\u2019Aqualia a Balears, Luis L\u00f3pez, ha assegurat que a S\u00f3ller 250 unitats de consum representen el 20% del consum total d\u2019aigua del municipi, la qual cosa implica la necessitat de controlar el consum de grans consumidors d\u2019aigua.<\/p>\n<p>L\u00f3pez tamb\u00e9 ha insistit en el fet de sensibilitzar a les noves generacions en l\u2019\u00fas que es fa de l\u2019aigua, en adaptar les infraestructures h\u00eddriques al canvi clim\u00e0tic i a les pluges torrencials i en tancar el cercle de l\u2019aigua per poder reutilitzar el m\u00e0xim possible, perqu\u00e8 cada gota d\u2019aigua compta.<\/p>\n<p>Finalment, el president del Sindicat de Regants de S\u00f3ller, Guillem Dey\u00e0, ha defensat la necessitat que la nova depuradora d\u2019aig\u00fces terci\u00e0ries sigui una realitat, perqu\u00e8 permetria solucionar per complet la manca d\u2019aigua per al regadiu agr\u00edcola que necessiten els m\u00e9s de 500 regants que hi ha al municipi.<\/p>\n<p>Tamb\u00e9 s\u2019ha referit a les conseq\u00fc\u00e8ncies del canvi clim\u00e0tic, destacant que \u201cdevers dia 15 d\u2019agost Sa Font de s\u2019Olla quasi es va eixugar, i aix\u00f2 no havia passat mai\u201d, mentre que \u201cenguany ha plogut molt poc, i quan plou, hi ha aigua per tot\u201d.<\/p>\n<p>L\u2019Agrupaci\u00f3 Socialista de S\u00f3ller va prendre bona nota de l\u2019an\u00e0lisi de la situaci\u00f3 actual i sobretot de les propostes, que tendr\u00e0 en compte per plantejar l\u2019alternativa al govern municipal actual per a les eleccions del 2027.  <\/p>\n[\/vc_column_text][\/vc_column][\/vc_row]\n<\/div>","protected":false},"excerpt":{"rendered":"L\u00edmit de creixement tur\u00edstic i urban\u00edstic, millorar les infraestructures h\u00eddriques amb la depuradora d\u2019aig\u00fces terci\u00e0ries, i crear noves eines per regular els consums excessius de l\u2019aigua i fomentar-ne l\u2019estalvi, principals iniciatives de la primera jornada de les \u201cVesprades Socialistes. [vc_row][vc_column][vc_column_text] Els Socialistes de S\u00f3ller han obert les \u201cVesprades Socialistes\u201d, un cicle de xerrades obertes a&hellip;","protected":false},"author":4,"featured_media":30503,"comment_status":"closed","ping_status":"closed","sticky":false,"template":"","format":"standard","meta":{"footnotes":""},"categories":[2,1,90,92],"tags":[651,77,186],"class_list":["post-30502","post","type-post","status-publish","format-standard","has-post-thumbnail","hentry","category-federacio-de-mallorca","category-federacio-de-mallorca-portada","category-municipis","category-portada","tag-agrupacio-socialista-de-soller-2","tag-federacio-socialista-de-mallorca","tag-jaume-mateu"],"_links":{"self":[{"href":"https:\/\/www.psib-psoe.org\/mallorca\/wp-json\/wp\/v2\/posts\/30502"}],"collection":[{"href":"https:\/\/www.psib-psoe.org\/mallorca\/wp-json\/wp\/v2\/posts"}],"about":[{"href":"https:\/\/www.psib-psoe.org\/mallorca\/wp-json\/wp\/v2\/types\/post"}],"author":[{"embeddable":true,"href":"https:\/\/www.psib-psoe.org\/mallorca\/wp-json\/wp\/v2\/users\/4"}],"replies":[{"embeddable":true,"href":"https:\/\/www.psib-psoe.org\/mallorca\/wp-json\/wp\/v2\/comments?post=30502"}],"version-history":[{"count":2,"href":"https:\/\/www.psib-psoe.org\/mallorca\/wp-json\/wp\/v2\/posts\/30502\/revisions"}],"predecessor-version":[{"id":30505,"href":"https:\/\/www.psib-psoe.org\/mallorca\/wp-json\/wp\/v2\/posts\/30502\/revisions\/30505"}],"wp:featuredmedia":[{"embeddable":true,"href":"https:\/\/www.psib-psoe.org\/mallorca\/wp-json\/wp\/v2\/media\/30503"}],"wp:attachment":[{"href":"https:\/\/www.psib-psoe.org\/mallorca\/wp-json\/wp\/v2\/media?parent=30502"}],"wp:term":[{"taxonomy":"category","embeddable":true,"href":"https:\/\/www.psib-psoe.org\/mallorca\/wp-json\/wp\/v2\/categories?post=30502"},{"taxonomy":"post_tag","embeddable":true,"href":"https:\/\/www.psib-psoe.org\/mallorca\/wp-json\/wp\/v2\/tags?post=30502"}],"curies":[{"name":"wp","href":"https:\/\/api.w.org\/{rel}","templated":true}]}}