{"id":30507,"date":"2025-10-21T10:25:27","date_gmt":"2025-10-21T08:25:27","guid":{"rendered":"https:\/\/www.psib-psoe.org\/mallorca\/?p=30507"},"modified":"2025-10-21T10:25:38","modified_gmt":"2025-10-21T08:25:38","slug":"el-consell-de-mallorca-ppvox-evita-aprovar-de-la-llei-de-la-serra-de-tramuntana-mentre-que-permet-la-seva-degradacio-i-lespeculacio-urbanistica","status":"publish","type":"post","link":"https:\/\/www.psib-psoe.org\/mallorca\/el-consell-de-mallorca-ppvox-evita-aprovar-de-la-llei-de-la-serra-de-tramuntana-mentre-que-permet-la-seva-degradacio-i-lespeculacio-urbanistica\/","title":{"rendered":"El Consell de Mallorca PPVox evita aprovar de la Llei de la Serra de Tramuntana mentre que permet la seva degradaci\u00f3 i l\u2019especulaci\u00f3 urban\u00edstica."},"content":{"rendered":"\n<figure class=\"wp-block-image size-large\"><img loading=\"lazy\" decoding=\"async\" width=\"1200\" height=\"800\" src=\"https:\/\/www.psib-psoe.org\/mallorca\/wp-content\/uploads\/Grup-Mendez-091025-1-edited.jpeg\" alt=\"\" class=\"wp-image-30508\" srcset=\"https:\/\/www.psib-psoe.org\/mallorca\/wp-content\/uploads\/Grup-Mendez-091025-1-edited.jpeg 1200w, https:\/\/www.psib-psoe.org\/mallorca\/wp-content\/uploads\/Grup-Mendez-091025-1-edited-300x200.jpeg 300w, https:\/\/www.psib-psoe.org\/mallorca\/wp-content\/uploads\/Grup-Mendez-091025-1-edited-1024x683.jpeg 1024w, https:\/\/www.psib-psoe.org\/mallorca\/wp-content\/uploads\/Grup-Mendez-091025-1-edited-768x512.jpeg 768w, https:\/\/www.psib-psoe.org\/mallorca\/wp-content\/uploads\/Grup-Mendez-091025-1-edited-150x100.jpeg 150w, https:\/\/www.psib-psoe.org\/mallorca\/wp-content\/uploads\/Grup-Mendez-091025-1-edited-600x400.jpeg 600w, https:\/\/www.psib-psoe.org\/mallorca\/wp-content\/uploads\/Grup-Mendez-091025-1-edited-900x600.jpeg 900w, https:\/\/www.psib-psoe.org\/mallorca\/wp-content\/uploads\/Grup-Mendez-091025-1-edited-20x13.jpeg 20w\" sizes=\"(max-width: 1200px) 100vw, 1200px\" \/><\/figure>\n\n\n<p><em><u>Malgrat tots els anuncis fets, el Consell de Mallorca no te cap previsi\u00f3, a dia d\u2019avui, per a l\u2019aprovaci\u00f3 de la Llei de la Serra de Tramuntana, tal i com es va comprometre el mateix Galm\u00e9s. Despr\u00e9s de dos anys i mig de legislatura, d\u2019haver creat una nova direcci\u00f3 insular \u2018ad hoc\u2019, i haver nomenat un nou gerent per al Consorci Serra de Tramuntana, la Llei de la Serra no ha estat mostrada ni com a esborrany i no te cap data prevista per passar pel plenari del Consell. El Grup Socialista exigeix Galm\u00e9s que consensu\u00ef la norma i que l\u2019aprovi d\u2019una vegada, per posi fre a l\u2019espiral especulativa a la Serra que condueix a la degradaci\u00f3 de l\u2019entorn, com han denunciat recentment el Grup d\u2019Ornitologia Balear.<\/u><\/em><\/p>\n<p>\u201cExigim que Galm\u00e9s consensu\u00ef la Llei de la Serra de Tramuntana amb tots els grups del Consell de Mallorca, i que la porti immediatament al plenari\u201d; aix\u00ed s\u2019ha expressat la portaveu del Grup Socialista al Consell de Mallorca, Catalina Cladera, despr\u00e9s de saber-se que el grup GOB portar\u00e0 davant d\u2019ICOMOS una den\u00fancia per la progressiva degradaci\u00f3 de la Serra de Tramuntana, per l\u2019aprovaci\u00f3 de noves normatives impulsades pel PP de Prohens que permeten reactivar i legalitzar projectes urban\u00edstics i usos no permesos dins la zona de m\u00e0xima protecci\u00f3. A m\u00e9s, el Grup Socialista exigeix que \u201ces deroguin les normes que permeten augmentar la urbanitzaci\u00f3 i la massificaci\u00f3 a tota la Serra, i que s\u2019aposti per preservar de forma real el paisatge de la Serra i no nom\u00e9s emprar-lo com a reclam tur\u00edstic\u201d.<\/p>\n<p>\u201cFa prop de tres anys que esperem que PPVox presenti la seva llei per a la Serra, que despr\u00e9s haur\u00e0 de tramitar-se al Parlament, per\u00f2 no sabem quan la podrem debatre al ple del Consell, per que de fet, no hem vist ni un sol esborrany del text que preparen\u201d. Cladera ha recordat que durant la passada legislatura ja s\u2019havia fet un projecte de llei que estava a punt per la seva aprovaci\u00f3, i que el PP va decidir guardar en un calaix per la seva conveni\u00e8ncia pol\u00edtica, i comen\u00e7ar a fer un projecte nou, que dos anys i mig despr\u00e9s encara no est\u00e0 llest per a ser aprovat.<\/p>\n<p>La portaveu socialista ha cridat l\u2019atenci\u00f3 sobre la gravetat de no haver legislat encara per blindar la protecci\u00f3 de la Serra, mentre que el Govern de Prohens ha fet tot el contrari amb la Llei 4\/2025, de 18 de juliol, d\u2019actuacions urgents destinades a l\u2019obtenci\u00f3 de s\u00f2l mitjan\u00e7ant projectes residencials estrat\u00e8gics a les Illes Balears. Una contradicci\u00f3 evident, que posa en risc la declaraci\u00f3 de Patrimoni de la Humanitat de la Serra, que ara el GOB posa de manifest amb la den\u00fancia anunciada davant d\u2019ICOMOS.<\/p>\n<p>Les passes enrere que han fet els governs de Marga Prohens i de Lloren\u00e7 Galm\u00e9s en aquesta mat\u00e8ria, permetent legalitzacions en zona protegida, autoritzant m\u00e9s places tur\u00edstiques fins i tot en espais d\u2019alt valor paisatg\u00edstic, i permetent un augment de la massificaci\u00f3 a tot l\u2019entorn que posa en risc la declaraci\u00f3 de la Serra com a Patrimoni Mundial, com han denunciat les entitats ecologistes.<\/p>\n<p>La Declaraci\u00f3 de la Serra de Tramuntana com a Patrimoni Mundial UNESCO de 2011 es va fonamentar en el comprom\u00eds de protegir aquest paisatge per part del Consell i el Govern. Cosa que es va garantir, tant davant d\u2019ICOMOS i de la UNESCO, en base a tota la normativa existent que protegeix la Serra des de fa d\u00e8cades, tant a nivell patrimonial, com urban\u00edstic i patrimonial. Una normativa que ara s\u2019ha comen\u00e7at a modificar a la baixa. A la vegada, des d\u2019ICOMOS es va alertar tamb\u00e9 que calia gestionar amb cura el potencial augment de demanda tur\u00edstica que podia suposar la declaraci\u00f3 de Patrimoni Mundial, amb risc de massificaci\u00f3 si no es feia una gesti\u00f3 adient de tot el territori.<\/p>\n<p>Aix\u00ed, mentre que els pobles de la Serra pateixen per exc\u00e9s de massificaci\u00f3, per l\u2019especulaci\u00f3 immobili\u00e0ria desaforada que expulsa els seus residents i per la p\u00e8rdua de valors patrimonials molt importants, lligats al paisatge agrari, per la pressi\u00f3 urban\u00edstica sobre el territori, el Consell de Mallorca mant\u00e9 paralitzada la redacci\u00f3 de la normativa base que permetria actualitzar, elevar i unificar en una de sola les diferents normes que actuen sobre la protecci\u00f3 d\u2019aquest paratge emblem\u00e0tic de Mallorca.<\/p>","protected":false},"excerpt":{"rendered":"<p>Malgrat tots els anuncis fets, el Consell de Mallorca no te cap previsi\u00f3, a dia d\u2019avui, per a l\u2019aprovaci\u00f3 de la Llei de la Serra de Tramuntana, tal i com es va comprometre el mateix Galm\u00e9s. Despr\u00e9s de dos anys i mig de legislatura, d\u2019haver creat una nova direcci\u00f3 insular \u2018ad hoc\u2019, i haver nomenat&hellip;<\/p>\n","protected":false},"author":3,"featured_media":30508,"comment_status":"false","ping_status":"closed","sticky":false,"template":"","format":"standard","meta":{"footnotes":""},"categories":[89,2,1,90,92],"tags":[218,343,447,546,105,83,77,186,483,504,84,296],"class_list":["post-30507","post","type-post","status-publish","format-standard","has-post-thumbnail","hentry","category-consell-de-mallorca","category-federacio-de-mallorca","category-federacio-de-mallorca-portada","category-municipis","category-portada","tag-amanda-fernandez","tag-andreu-serra","tag-bea-gamundi","tag-biel-alomar","tag-catalina-cladera","tag-consell-de-mallorca","tag-federacio-socialista-de-mallorca","tag-jaume-mateu","tag-joan-ferrer","tag-juana-m-adrover","tag-psib-psoe","tag-sofia-alonso"],"_links":{"self":[{"href":"https:\/\/www.psib-psoe.org\/mallorca\/wp-json\/wp\/v2\/posts\/30507"}],"collection":[{"href":"https:\/\/www.psib-psoe.org\/mallorca\/wp-json\/wp\/v2\/posts"}],"about":[{"href":"https:\/\/www.psib-psoe.org\/mallorca\/wp-json\/wp\/v2\/types\/post"}],"author":[{"embeddable":true,"href":"https:\/\/www.psib-psoe.org\/mallorca\/wp-json\/wp\/v2\/users\/3"}],"replies":[{"embeddable":true,"href":"https:\/\/www.psib-psoe.org\/mallorca\/wp-json\/wp\/v2\/comments?post=30507"}],"version-history":[{"count":1,"href":"https:\/\/www.psib-psoe.org\/mallorca\/wp-json\/wp\/v2\/posts\/30507\/revisions"}],"predecessor-version":[{"id":30509,"href":"https:\/\/www.psib-psoe.org\/mallorca\/wp-json\/wp\/v2\/posts\/30507\/revisions\/30509"}],"wp:featuredmedia":[{"embeddable":true,"href":"https:\/\/www.psib-psoe.org\/mallorca\/wp-json\/wp\/v2\/media\/30508"}],"wp:attachment":[{"href":"https:\/\/www.psib-psoe.org\/mallorca\/wp-json\/wp\/v2\/media?parent=30507"}],"wp:term":[{"taxonomy":"category","embeddable":true,"href":"https:\/\/www.psib-psoe.org\/mallorca\/wp-json\/wp\/v2\/categories?post=30507"},{"taxonomy":"post_tag","embeddable":true,"href":"https:\/\/www.psib-psoe.org\/mallorca\/wp-json\/wp\/v2\/tags?post=30507"}],"curies":[{"name":"wp","href":"https:\/\/api.w.org\/{rel}","templated":true}]}}