{"id":30518,"date":"2025-10-22T16:36:45","date_gmt":"2025-10-22T14:36:45","guid":{"rendered":"https:\/\/www.psib-psoe.org\/mallorca\/amanda-fernandez-adverteix-al-govern-que-amb-loferiment-del-ministre-puente-prohens-ja-no-te-excusa-per-no-comencar-el-tren-de-llevant\/"},"modified":"2025-10-22T16:36:45","modified_gmt":"2025-10-22T14:36:45","slug":"amanda-fernandez-adverteix-al-govern-que-amb-loferiment-del-ministre-puente-prohens-ja-no-te-excusa-per-no-comencar-el-tren-de-llevant","status":"publish","type":"post","link":"https:\/\/www.psib-psoe.org\/mallorca\/amanda-fernandez-adverteix-al-govern-que-amb-loferiment-del-ministre-puente-prohens-ja-no-te-excusa-per-no-comencar-el-tren-de-llevant\/","title":{"rendered":"Amanda Fern\u00e1ndez adverteix al Govern que, amb l\u2019oferiment del ministre Puente, Prohens ja no t\u00e9 excusa per no comen\u00e7ar el Tren de Llevant"},"content":{"rendered":"<figure class=\"wp-block-image size-large\"><img loading=\"lazy\" decoding=\"async\" width=\"969\" height=\"750\" src=\"https:\/\/www.psib-psoe.org\/wp-content\/uploads\/Captura-de-pantalla-2025-10-22-a-les-16.34.11-969x750.png\" alt=\"\" class=\"wp-image-73642\" \/><\/figure>\n<p><em><u>La secret\u00e0ria general ha lamentat que \u201ccada dia tenim m\u00e9s clar que la presidenta no posar\u00e0 ni un metre de via aquesta legislatura\u201d.<\/u><\/em><\/p>\n<p>La secret\u00e0ria general dels i les Socialistes de Mallorca, Amanda Fern\u00e1ndez, ha reiterat una vegada m\u00e9s la necessitat de prioritzar el tren de Llevant per davant de la resta de l\u00ednies ferrovi\u00e0ries plantejades pel Govern de Marga Prohens.<\/p>\n<p>La socialista ha recordat que en el passat debat de pol\u00edtica general, va assegurar als socialistes que per fer realitat el tren de Llevant, \u201cse\u2019n vagin a cercar els doblers a Madrid\u201d. Avui mateix, en resposta oral al Congr\u00e9s, el ministre de Transports, \u00d3scar Puente, ha mostrat la seva predisposici\u00f3 a avan\u00e7ar en un nou conveni ferroviari amb el Govern, sempre que sigui per finan\u00e7ar obres amb el projecte avan\u00e7at i definit, com \u00e9s el cas de la l\u00ednia del Llevant.<\/p>\n<p>De fet, el ministre ha posat de manifest que du des del mes de mar\u00e7 esperant la informaci\u00f3 del Govern per poder avan\u00e7ar en aquest conveni ferroviari. Per aix\u00f2, Fern\u00e1ndez ha advertit a Prohens que \u201cja no t\u00e9 excusa\u201d despr\u00e9s de l\u2019oferiment del ministre Puente, per la qual cosa li ha exigit \u201cque faci feina, que presenti els projectes clars i que posi en marxa aquesta l\u00ednia ferrovi\u00e0ria tan necess\u00e0ria\u201d.<\/p>\n<p>Cal tenir en compte que l\u2019\u00fanic projecte ferroviari que t\u00e9 les passes avan\u00e7ades, entre projecte, tra\u00e7at i expropiacions, \u00e9s de la l\u00ednia que aniria de Manacor a Cala Rajada, a m\u00e9s del consens social i institucional, per\u00f2 \u201cProhens ha decidit prioritzar-ne uns altres\u201d.<\/p>\n<p>Ho va deixar clar tamb\u00e9 en el debat de pol\u00edtica general, quan va avan\u00e7ar la seva aposta pel tren fins a Alc\u00fadia, \u201camb una oposici\u00f3 frontal dels ve\u00efnats i ve\u00efnades de Sa Pobla\u201d, i pel tren a Campos, el seu poble, \u201cdel qual tampoc hi ha projecte ni tra\u00e7at definit\u201d.<\/p>\n<p>Per aix\u00f2, Fern\u00e1ndez ha insistit a la presidenta que escolti les reivindicacions de la comarca, que la setmana passada feia seves el batle d\u2019Art\u00e0, Manolo Gal\u00e1n, i aprofiti l\u2019oportunitat que ha posat damunt la taula el Govern d\u2019Espanya.<\/p>\n<p>Malgrat tot, la secret\u00e0ria general ha pronosticat que \u201ctenim cada dia m\u00e9s clar que el Govern de Marga Prohens no posar\u00e0 ni un metre de via aquesta legislatura\u201d. Ja a principi de legislatura va comen\u00e7ar rebutjant 180 milions d\u2019euros que el Govern d\u2019Espanya havia atorgat a la comunitat aut\u00f2noma per finan\u00e7ar les obres del tramvia de Palma.<\/p>\n<p>Source: Actualitat Fedaraci\u00f3 Mallorca<\/p>\n","protected":false},"excerpt":{"rendered":"<p>La secret\u00e0ria general ha lamentat que \u201ccada dia tenim m\u00e9s clar que la presidenta no posar\u00e0 ni un metre de via aquesta legislatura\u201d. La secret\u00e0ria general dels i les Socialistes de Mallorca, Amanda Fern\u00e1ndez, ha reiterat una vegada m\u00e9s la necessitat de prioritzar el tren de Llevant per davant de la resta de l\u00ednies ferrovi\u00e0ries&hellip;<\/p>\n","protected":false},"author":1,"featured_media":30519,"comment_status":"false","ping_status":"closed","sticky":false,"template":"","format":"standard","meta":{"footnotes":""},"categories":[2],"tags":[77],"class_list":["post-30518","post","type-post","status-publish","format-standard","has-post-thumbnail","hentry","category-federacio-de-mallorca","tag-federacio-socialista-de-mallorca"],"_links":{"self":[{"href":"https:\/\/www.psib-psoe.org\/mallorca\/wp-json\/wp\/v2\/posts\/30518"}],"collection":[{"href":"https:\/\/www.psib-psoe.org\/mallorca\/wp-json\/wp\/v2\/posts"}],"about":[{"href":"https:\/\/www.psib-psoe.org\/mallorca\/wp-json\/wp\/v2\/types\/post"}],"author":[{"embeddable":true,"href":"https:\/\/www.psib-psoe.org\/mallorca\/wp-json\/wp\/v2\/users\/1"}],"replies":[{"embeddable":true,"href":"https:\/\/www.psib-psoe.org\/mallorca\/wp-json\/wp\/v2\/comments?post=30518"}],"version-history":[{"count":0,"href":"https:\/\/www.psib-psoe.org\/mallorca\/wp-json\/wp\/v2\/posts\/30518\/revisions"}],"wp:featuredmedia":[{"embeddable":true,"href":"https:\/\/www.psib-psoe.org\/mallorca\/wp-json\/wp\/v2\/media\/30519"}],"wp:attachment":[{"href":"https:\/\/www.psib-psoe.org\/mallorca\/wp-json\/wp\/v2\/media?parent=30518"}],"wp:term":[{"taxonomy":"category","embeddable":true,"href":"https:\/\/www.psib-psoe.org\/mallorca\/wp-json\/wp\/v2\/categories?post=30518"},{"taxonomy":"post_tag","embeddable":true,"href":"https:\/\/www.psib-psoe.org\/mallorca\/wp-json\/wp\/v2\/tags?post=30518"}],"curies":[{"name":"wp","href":"https:\/\/api.w.org\/{rel}","templated":true}]}}