{"id":30520,"date":"2025-10-22T17:16:48","date_gmt":"2025-10-22T15:16:48","guid":{"rendered":"https:\/\/www.psib-psoe.org\/mallorca\/?p=30520"},"modified":"2025-10-22T17:16:59","modified_gmt":"2025-10-22T15:16:59","slug":"lestabliment-duna-nova-taxa-de-fems-municipal-a-tot-lestat-respon-a-una-normativa-europea-implantada-pel-partit-popular-europeu-amb-el-suport-del-pp-a-madrid","status":"publish","type":"post","link":"https:\/\/www.psib-psoe.org\/mallorca\/lestabliment-duna-nova-taxa-de-fems-municipal-a-tot-lestat-respon-a-una-normativa-europea-implantada-pel-partit-popular-europeu-amb-el-suport-del-pp-a-madrid\/","title":{"rendered":"L\u2019establiment d\u2019una nova taxa de fems municipal a tot l\u2019Estat respon a una normativa europea implantada pel Partit Popular Europeu, amb el suport del PP a Madrid."},"content":{"rendered":"<div class=\"wpb-content-wrapper\">\n<figure class=\"wp-block-image size-full is-resized is-style-default\"><img loading=\"lazy\" decoding=\"async\" width=\"1200\" height=\"675\" src=\"https:\/\/www.psib-psoe.org\/mallorca\/wp-content\/uploads\/Grup-Mendez-091025-1-1-edited.jpeg\" alt=\"\" class=\"wp-image-30522\" style=\"width:788px;height:auto\" srcset=\"https:\/\/www.psib-psoe.org\/mallorca\/wp-content\/uploads\/Grup-Mendez-091025-1-1-edited.jpeg 1200w, https:\/\/www.psib-psoe.org\/mallorca\/wp-content\/uploads\/Grup-Mendez-091025-1-1-edited-300x169.jpeg 300w, https:\/\/www.psib-psoe.org\/mallorca\/wp-content\/uploads\/Grup-Mendez-091025-1-1-edited-1024x576.jpeg 1024w, https:\/\/www.psib-psoe.org\/mallorca\/wp-content\/uploads\/Grup-Mendez-091025-1-1-edited-768x432.jpeg 768w, https:\/\/www.psib-psoe.org\/mallorca\/wp-content\/uploads\/Grup-Mendez-091025-1-1-edited-20x11.jpeg 20w, https:\/\/www.psib-psoe.org\/mallorca\/wp-content\/uploads\/Grup-Mendez-091025-1-1-edited-150x84.jpeg 150w, https:\/\/www.psib-psoe.org\/mallorca\/wp-content\/uploads\/Grup-Mendez-091025-1-1-edited-600x338.jpeg 600w, https:\/\/www.psib-psoe.org\/mallorca\/wp-content\/uploads\/Grup-Mendez-091025-1-1-edited-900x506.jpeg 900w\" sizes=\"(max-width: 1200px) 100vw, 1200px\" \/><\/figure>\n\n\n[vc_row][vc_column][vc_column_text]\n<p><em><u>  La consellera del Grup Socialista al Consell de Mallorca, Juana M. Adrover, lamenta l\u2019\u00fas pol\u00edtic que el PP fa d\u2019una decisi\u00f3 de consens a Europa, basada sota la premissa de \u201cqui contamina, paga\u201d. \u201cIntenten embullar i culpar Pedro S\u00e1nchez d\u2019una pujada de la taxa de fems quan en realitat tot ve d\u2019una Directiva europea implantada per un comissari del PPE\u201d, ha dit Adrover, qui ha lamentat el paper pol\u00edtic que juga la Federaci\u00f3 de Municipis de les Illes Balears, i el seu president, Jaume Ferriol, tamb\u00e9 batle del Partit Popular, que \u201coblida intencionadament l\u2019origen de l\u2019establiment de la nova taxa\u201d.<br \/>\n   <\/u><\/em><\/p>\n[\/vc_column_text][\/vc_column][\/vc_row]\n\n\n[vc_row][vc_column][vc_column_text]\n<p>Els Socialistes de Mallorca exigeixen major honestedat al PP quan pret\u00e9n fer m\u00e9s desgast pol\u00edtic per la implantaci\u00f3 imminent de la nova regulaci\u00f3 per la tarifaci\u00f3 de la recollida i el tractament dels residus urbans a cada municipi. Des del Grup Socialista del Consell de Mallorca es denuncia la manipulaci\u00f3 pol\u00edtica que fa el PP sobre un anunci d\u2019una pujada de la taxa de fems municipal, i la seva imputaci\u00f3 a una decisi\u00f3 del Govern de l\u2019Estat. \u201cEstem davant d\u2019una obligaci\u00f3 marcada per una Directiva europea, que a m\u00e9s va ser implantada per un comissari que pertany al Partit Popular Europeu\u201d, ha recordat Juana M. Adrover. En conseq\u00fc\u00e8ncia, el Partit Popular no va votar en contra del procediment en cap moment, per a la transposici\u00f3 de la normativa europea a l\u2019espanyola al Congr\u00e9s dels Diputats, ni tampoc cap dels seus dirigents ho han fet a Mallorca, fins que els han dit des de G\u00e8nova que aix\u00f2 havia de servir, tamb\u00e9, com a eina de desgast contra el govern de Pedro S\u00e1nchez. <\/p>\n<p>Adrover ha recordat que l\u2019aplicaci\u00f3 de la nova tarifaci\u00f3 es fa a partir del principi de \u201cqui contamina paga\u201d, \u00e9s a dir, que la pujada de la taxa no es pot aplicar de manera indiscriminada sin\u00f3 que es dirigeixi als grans contaminants, tal com estableix la normativa europea. En aquest sentit, ha criticat que els ajuntaments governats pel PP \u201capliquin la taxa sense cap criteri social, afectant per igual fam\u00edlies vulnerables i grans empreses\u201d, contravenint aix\u00ed l\u2019esperit de la norma. \u201cNo carreguin a les espatlles de les fam\u00edlies, all\u00f2 que han d\u2019assumir els grans contaminants\u201d. <\/p>\n<p>Finalment, el Grup Socialista ha lamentat que la FELIB s\u2019hagi usat de nou com a instrument pol\u00edtic del PP, com a corretja de transmissi\u00f3 de missatges pol\u00edtics i estrat\u00e8gics i no com a representant institucional de totes les batlies de Balears, que per descomptat no pensen igual que Ferriol. \u201cEns agradaria m\u00e9s que, en compte de fer aquestes manifestacions, el president de la FELIB exig\u00eds a Prohens i a Galm\u00e9s el compliment de les seves promeses electorals en les quals es comprometien al Consell i ajuntaments a davallar els impostos, quan sabien que havien d\u2019implementar aquesta nova tarifaci\u00f3 durant aquesta legislatura\u201d. <\/p>\n<p>Al Consell de Mallorca, Galm\u00e9s ha incomplert el seu comprom\u00eds de rebaixar un 10% la tarifa de la taxa de fems que han d\u2019abonar els municipis, i que aquests repercuteixen sobre el rebut de la tarifa als propietaris d\u2019immobles, mentre que en els dos primers anys de legislatura ha destinat un total de 62 milions d\u2019euros extres a la concession\u00e0ria de la recollida de residus urbans a Mallorca, sorgits dels romanents de la instituci\u00f3, i detrets a altres pol\u00edtiques socials que haurien de ser priorit\u00e0ries a Mallorca. <\/p>\n[\/vc_column_text][\/vc_column][\/vc_row]\n\n\n\n<figure class=\"wp-block-audio\"><audio controls src=\"https:\/\/www.psib-psoe.org\/mallorca\/wp-content\/uploads\/Juana-Adrover-taxa-fems.mp3\"><\/audio><\/figure>\n<\/div>","protected":false},"excerpt":{"rendered":"[vc_row][vc_column][vc_column_text] La consellera del Grup Socialista al Consell de Mallorca, Juana M. Adrover, lamenta l\u2019\u00fas pol\u00edtic que el PP fa d\u2019una decisi\u00f3 de consens a Europa, basada sota la premissa de \u201cqui contamina, paga\u201d. \u201cIntenten embullar i culpar Pedro S\u00e1nchez d\u2019una pujada de la taxa de fems quan en realitat tot ve d\u2019una Directiva europea&hellip;","protected":false},"author":3,"featured_media":30522,"comment_status":"closed","ping_status":"closed","sticky":false,"template":"","format":"standard","meta":{"footnotes":""},"categories":[2,1,90,92],"tags":[218,362,447,105,83,77,483,504,100,84,296],"class_list":["post-30520","post","type-post","status-publish","format-standard","has-post-thumbnail","hentry","category-federacio-de-mallorca","category-federacio-de-mallorca-portada","category-municipis","category-portada","tag-amanda-fernandez","tag-ares-fernandez","tag-bea-gamundi","tag-catalina-cladera","tag-consell-de-mallorca","tag-federacio-socialista-de-mallorca","tag-joan-ferrer","tag-juana-m-adrover","tag-miquel-cabot","tag-psib-psoe","tag-sofia-alonso"],"_links":{"self":[{"href":"https:\/\/www.psib-psoe.org\/mallorca\/wp-json\/wp\/v2\/posts\/30520"}],"collection":[{"href":"https:\/\/www.psib-psoe.org\/mallorca\/wp-json\/wp\/v2\/posts"}],"about":[{"href":"https:\/\/www.psib-psoe.org\/mallorca\/wp-json\/wp\/v2\/types\/post"}],"author":[{"embeddable":true,"href":"https:\/\/www.psib-psoe.org\/mallorca\/wp-json\/wp\/v2\/users\/3"}],"replies":[{"embeddable":true,"href":"https:\/\/www.psib-psoe.org\/mallorca\/wp-json\/wp\/v2\/comments?post=30520"}],"version-history":[{"count":1,"href":"https:\/\/www.psib-psoe.org\/mallorca\/wp-json\/wp\/v2\/posts\/30520\/revisions"}],"predecessor-version":[{"id":30524,"href":"https:\/\/www.psib-psoe.org\/mallorca\/wp-json\/wp\/v2\/posts\/30520\/revisions\/30524"}],"wp:featuredmedia":[{"embeddable":true,"href":"https:\/\/www.psib-psoe.org\/mallorca\/wp-json\/wp\/v2\/media\/30522"}],"wp:attachment":[{"href":"https:\/\/www.psib-psoe.org\/mallorca\/wp-json\/wp\/v2\/media?parent=30520"}],"wp:term":[{"taxonomy":"category","embeddable":true,"href":"https:\/\/www.psib-psoe.org\/mallorca\/wp-json\/wp\/v2\/categories?post=30520"},{"taxonomy":"post_tag","embeddable":true,"href":"https:\/\/www.psib-psoe.org\/mallorca\/wp-json\/wp\/v2\/tags?post=30520"}],"curies":[{"name":"wp","href":"https:\/\/api.w.org\/{rel}","templated":true}]}}