{"id":30525,"date":"2025-10-23T11:18:53","date_gmt":"2025-10-23T09:18:53","guid":{"rendered":"https:\/\/www.psib-psoe.org\/mallorca\/?p=30525"},"modified":"2025-10-23T17:51:02","modified_gmt":"2025-10-23T15:51:02","slug":"els-socialistes-dandratx-carreguen-contra-la-pujada-indiscriminada-del-30-de-limpost-municipal-dels-fems","status":"publish","type":"post","link":"https:\/\/www.psib-psoe.org\/mallorca\/els-socialistes-dandratx-carreguen-contra-la-pujada-indiscriminada-del-30-de-limpost-municipal-dels-fems\/","title":{"rendered":"Els Socialistes d\u2019Andratx carreguen contra la pujada indiscriminada del 30% de l\u2019impost municipal dels fems."},"content":{"rendered":"<div class=\"wpb-content-wrapper\">\n<figure class=\"wp-block-image size-large\"><img loading=\"lazy\" decoding=\"async\" width=\"800\" height=\"1200\" src=\"https:\/\/www.psib-psoe.org\/mallorca\/wp-content\/uploads\/Enaitz3-edited.jpeg\" alt=\"\" class=\"wp-image-30527\" srcset=\"https:\/\/www.psib-psoe.org\/mallorca\/wp-content\/uploads\/Enaitz3-edited.jpeg 800w, https:\/\/www.psib-psoe.org\/mallorca\/wp-content\/uploads\/Enaitz3-edited-200x300.jpeg 200w, https:\/\/www.psib-psoe.org\/mallorca\/wp-content\/uploads\/Enaitz3-edited-683x1024.jpeg 683w, https:\/\/www.psib-psoe.org\/mallorca\/wp-content\/uploads\/Enaitz3-edited-768x1152.jpeg 768w, https:\/\/www.psib-psoe.org\/mallorca\/wp-content\/uploads\/Enaitz3-edited-300x450.jpeg 300w, https:\/\/www.psib-psoe.org\/mallorca\/wp-content\/uploads\/Enaitz3-edited-150x225.jpeg 150w, https:\/\/www.psib-psoe.org\/mallorca\/wp-content\/uploads\/Enaitz3-edited-600x900.jpeg 600w, https:\/\/www.psib-psoe.org\/mallorca\/wp-content\/uploads\/Enaitz3-edited-20x30.jpeg 20w\" sizes=\"(max-width: 800px) 100vw, 800px\" \/><\/figure>\n\n\n<p>El secretari general de l\u2019Agrupaci\u00f3 Socialista d\u2019Andratx, Enaitz I\u00f1an denuncia que la pujada de la taxa decretada per la batlessa Estefania Gonzalvo \u00e9s \u201cuna mesura injusta, desproporcionada i contr\u00e0ria als principi de la norma europea i de la legislaci\u00f3 espanyola de qui contamina, paga<\/p>\n\n\n[vc_row][vc_column][vc_column_text]\n<p>El regidor del Grup Municipal Socialista d\u2019Andratx, Enaitz I\u00f1an, ha exigit la reforma immediata de l\u2019ordenan\u00e7a fiscal que preveu una pujada generalitzada del 30% en la taxa de fems del municipi. Segons I\u00f1\u00e1n, la mesura \u201ccastiga a tothom per igual, sense tenir en compte qui realment genera m\u00e9s residus\u201d.<\/p>\n<p>I\u00f1an ha criticat que l\u2019equip de govern hagi modificat l\u2019ordenan\u00e7a antiga en lloc d\u2019aprofitar l\u2019oportunitat per redactar-ne una de nova, m\u00e9s justa i moderna. Tot i que la batlessa Estefania Gonzalvo ha defensat que la mesura respon a una obligaci\u00f3 legal estatal, I\u00f1\u00e1n ha matisat que la llei estatal, derivada d\u2019una directiva europea, \u201cpermet als ajuntaments aplicar criteris correctius, i no es pot tractar per igual a un particular que genera un volum de residus dom\u00e8stic, que una empresa que genera fems industrials\u201d, com ha fet Gonzalvo a Andratx amb una destralada que afecta per igual a tots els titulars d\u2019immobles.<\/p>\n<p>El socialista andritxol desmenteix l\u2019argument de Gozalvo sobre la impossibilitat de destriar quin ciutad\u00e0 contamina m\u00e9s, alhora d\u2019aplicar la taxa de fems de manera progressiva en relaci\u00f3 als residus generats i a la capacitat de triatge: \u201cla declaraci\u00f3 de la batlessa de no poder controlar t\u00e8cnicament els fems de cadasc\u00fa \u00e9s una excusa, perqu\u00e8 fa temps que a d\u2019altres municipis ja ho fan, d&#8217;una manera ordenada i amb inspeccions, a trav\u00e9s de la recollida selectiva\u201d. <\/p>\n<p>Des del Grup Socialista al Consell, s\u2019ha fet esment a la voluntat del PP d\u2019usar aquesta pujada de fems com a una arma llanc\u00edvola contra el govern de l\u2019Estat, per fer m\u00e9s desgast pol\u00edtic. \u201cEstem davant d\u2019una obligaci\u00f3 marcada per una Directiva europea, que a m\u00e9s va ser implantada per un comissari que pertany al Partit Popular Europeu\u201d, ha recordat Juana M. Adrover. En conseq\u00fc\u00e8ncia, el Partit Popular no va votar en contra del procediment en cap moment, per a la transposici\u00f3 de la normativa europea a l\u2019espanyola al Congr\u00e9s dels Diputats, ni tampoc cap dels seus dirigents ho han fet a Mallorca, fins que els han dit des de G\u00e8nova que aix\u00f2 havia de servir, tamb\u00e9, com a eina de desgast contra el govern de Pedro S\u00e1nchez. <\/p>\n<p>Adrover ha criticat que els ajuntaments governats pel PP, com ara Andratx, \u201capliquin la taxa sense cap criteri social, afectant per igual fam\u00edlies vulnerables i grans empreses\u201d, contravenint aix\u00ed l\u2019esperit de la norma. \u201cNo carreguin a les espatlles de les fam\u00edlies, all\u00f2 que han d\u2019assumir els grans contaminants\u201d. <\/p>\n<p>Finalment, el Grup Socialista ha lamentat que el president de la  FELIB hagi usat aquesta instituci\u00f3, de nou, com a instrument pol\u00edtic del PP i corretja de transmissi\u00f3 de missatges pol\u00edtics i estrat\u00e8gics i no com a representant institucional de totes les batlies de Balears. Al Consell de Mallorca, Galm\u00e9s ha incomplert el seu comprom\u00eds electoral de rebaixar un 10% la tarifa de la taxa de fems que han d\u2019abonar els municipis, i que aquests repercuteixen sobre el rebut de la tarifa als propietaris d\u2019immobles, mentre que en els dos primers anys de legislatura ha destinat un total de 62 milions d\u2019euros extres a la concession\u00e0ria de la recollida de residus urbans a Mallorca, sorgits dels romanents de la instituci\u00f3, i detrets a altres pol\u00edtiques socials que haurien de ser priorit\u00e0ries a Mallorca. <\/p>\n[\/vc_column_text][\/vc_column][\/vc_row]\n\n\n\n<figure class=\"wp-block-audio\"><audio controls src=\"https:\/\/www.psib-psoe.org\/mallorca\/wp-content\/uploads\/Audio-Enaitz-Andratx.mp3\"><\/audio><\/figure>\n<\/div>","protected":false},"excerpt":{"rendered":"El secretari general de l\u2019Agrupaci\u00f3 Socialista d\u2019Andratx, Enaitz I\u00f1an denuncia que la pujada de la taxa decretada per la batlessa Estefania Gonzalvo \u00e9s \u201cuna mesura injusta, desproporcionada i contr\u00e0ria als principi de la norma europea i de la legislaci\u00f3 espanyola de qui contamina, paga [vc_row][vc_column][vc_column_text] El regidor del Grup Municipal Socialista d\u2019Andratx, Enaitz I\u00f1an, ha&hellip;","protected":false},"author":3,"featured_media":30527,"comment_status":"closed","ping_status":"closed","sticky":false,"template":"","format":"standard","meta":{"footnotes":""},"categories":[89,2,1,92],"tags":[526,218,533,362,105,83,507,77,360,504,351],"class_list":["post-30525","post","type-post","status-publish","format-standard","has-post-thumbnail","hentry","category-consell-de-mallorca","category-federacio-de-mallorca","category-federacio-de-mallorca-portada","category-portada","tag-agrupacio-socialista-dandratx","tag-amanda-fernandez","tag-antoni-mir","tag-ares-fernandez","tag-catalina-cladera","tag-consell-de-mallorca","tag-enaitz-inan","tag-federacio-socialista-de-mallorca","tag-joan-mendez","tag-juana-m-adrover","tag-tolo-aguilar"],"_links":{"self":[{"href":"https:\/\/www.psib-psoe.org\/mallorca\/wp-json\/wp\/v2\/posts\/30525"}],"collection":[{"href":"https:\/\/www.psib-psoe.org\/mallorca\/wp-json\/wp\/v2\/posts"}],"about":[{"href":"https:\/\/www.psib-psoe.org\/mallorca\/wp-json\/wp\/v2\/types\/post"}],"author":[{"embeddable":true,"href":"https:\/\/www.psib-psoe.org\/mallorca\/wp-json\/wp\/v2\/users\/3"}],"replies":[{"embeddable":true,"href":"https:\/\/www.psib-psoe.org\/mallorca\/wp-json\/wp\/v2\/comments?post=30525"}],"version-history":[{"count":2,"href":"https:\/\/www.psib-psoe.org\/mallorca\/wp-json\/wp\/v2\/posts\/30525\/revisions"}],"predecessor-version":[{"id":30544,"href":"https:\/\/www.psib-psoe.org\/mallorca\/wp-json\/wp\/v2\/posts\/30525\/revisions\/30544"}],"wp:featuredmedia":[{"embeddable":true,"href":"https:\/\/www.psib-psoe.org\/mallorca\/wp-json\/wp\/v2\/media\/30527"}],"wp:attachment":[{"href":"https:\/\/www.psib-psoe.org\/mallorca\/wp-json\/wp\/v2\/media?parent=30525"}],"wp:term":[{"taxonomy":"category","embeddable":true,"href":"https:\/\/www.psib-psoe.org\/mallorca\/wp-json\/wp\/v2\/categories?post=30525"},{"taxonomy":"post_tag","embeddable":true,"href":"https:\/\/www.psib-psoe.org\/mallorca\/wp-json\/wp\/v2\/tags?post=30525"}],"curies":[{"name":"wp","href":"https:\/\/api.w.org\/{rel}","templated":true}]}}