{"id":30530,"date":"2025-10-23T13:37:32","date_gmt":"2025-10-23T11:37:32","guid":{"rendered":"https:\/\/www.psib-psoe.org\/mallorca\/?p=30530"},"modified":"2025-10-23T13:37:43","modified_gmt":"2025-10-23T11:37:43","slug":"sofia-alonso-pel-pp-lhabitatge-no-es-un-dret-es-un-negoci-especulatiu-i-sempre-estara-del-costat-dels-seus-amics-i-no-de-qui-necessita-ajuda","status":"publish","type":"post","link":"https:\/\/www.psib-psoe.org\/mallorca\/sofia-alonso-pel-pp-lhabitatge-no-es-un-dret-es-un-negoci-especulatiu-i-sempre-estara-del-costat-dels-seus-amics-i-no-de-qui-necessita-ajuda\/","title":{"rendered":"Sofia Alonso: \u201cPel PP l\u2019habitatge no \u00e9s un dret, \u00e9s un negoci especulatiu i sempre estar\u00e0 del costat dels seus amics, i no de qui necessita ajuda\u201d"},"content":{"rendered":"<div class=\"wpb-content-wrapper\">\n<figure class=\"wp-block-image size-full is-resized is-style-default\"><img loading=\"lazy\" decoding=\"async\" width=\"1349\" height=\"899\" src=\"https:\/\/www.psib-psoe.org\/mallorca\/wp-content\/uploads\/Acte-Carittas-1-edited.jpeg\" alt=\"\" class=\"wp-image-30533\" style=\"width:788px;height:auto\" srcset=\"https:\/\/www.psib-psoe.org\/mallorca\/wp-content\/uploads\/Acte-Carittas-1-edited.jpeg 1349w, https:\/\/www.psib-psoe.org\/mallorca\/wp-content\/uploads\/Acte-Carittas-1-edited-300x200.jpeg 300w, https:\/\/www.psib-psoe.org\/mallorca\/wp-content\/uploads\/Acte-Carittas-1-edited-1024x682.jpeg 1024w, https:\/\/www.psib-psoe.org\/mallorca\/wp-content\/uploads\/Acte-Carittas-1-edited-768x512.jpeg 768w, https:\/\/www.psib-psoe.org\/mallorca\/wp-content\/uploads\/Acte-Carittas-1-edited-150x100.jpeg 150w, https:\/\/www.psib-psoe.org\/mallorca\/wp-content\/uploads\/Acte-Carittas-1-edited-600x400.jpeg 600w, https:\/\/www.psib-psoe.org\/mallorca\/wp-content\/uploads\/Acte-Carittas-1-edited-900x600.jpeg 900w, https:\/\/www.psib-psoe.org\/mallorca\/wp-content\/uploads\/Acte-Carittas-1-edited-20x13.jpeg 20w\" sizes=\"(max-width: 1349px) 100vw, 1349px\" \/><\/figure>\n\n\n[vc_row][vc_column][vc_column_text]\n<p><em><u> La portaveu adjunta al Consell de Mallorca, i secret\u00e0ria de Drets Socials del PSIB ha criticat durament la manca de propostes de Govern i de Consell de Mallorca davant de l\u2019enorme problema social que significa la dificultat d\u2019acc\u00e9s a l\u2019habitatge d\u2019una cada vegada major part de la societat de Mallorca. Dos informes coneguts ahir mateix, el de Caritas i el del Consell Econ\u00f2mic i Social tornen a posar de manifest que tenir un habitatge digne suposa la difer\u00e8ncia entre poder aspirar a tenir un projecte de vida o simplement estar condemnats a la superviv\u00e8ncia.<br \/>\n   <\/u><\/em><\/p>\n[\/vc_column_text][\/vc_column][\/vc_row]\n\n\n[vc_row][vc_column][vc_column_text]\n<p>La Mem\u00f2ria de Caritas 2024 detalla que la aquesta ONG ja at\u00e9n 841 persones sense llar. El Consell Econ\u00f2mic i Social, en el seu darrer treball recopilatori de la societat de les illes, tamb\u00e9 conegut ahir, detalla que un resident balear que destina el 30% de la seva renda anual a la compra d\u2019un habitatge, es torbar\u00e0 61 anys a pagar-lo, el doble que la mitjana estatal, que se situa en els 30 anys. Dues dades que posen de manifest all\u00f2 que des del Grup Socialista es defensa de fa temps, que el gran problema social de Mallorca \u00e9s la creixent dificultat en l\u2019acc\u00e9s a l\u2019habitatge. <\/p>\n<p>La portaveu socialista adjunta al Consell de Mallorca ha posat de manifest un cop m\u00e9s que davant d\u2019aquest enorme repte social, les institucions en mans de PPVox a Balears i a Mallorca han decidit en contra dels drets de la ciutadania: \u201cper ells, l\u2019habitatge no \u00e9s un dret sin\u00f3 un negoci especulatiu, i per aix\u00f2 sempre acaben fent suport als seus amics\u201d. Aquestes afirmacions s\u2019han donat al final d\u2019un acte celebrat per Caritas a la pla\u00e7a Major de Palma, en qu\u00e8 ha posat de manifest la situaci\u00f3 en qu\u00e8 viuen el milenar de persones que viuen dins instal\u00b7lacions de l\u2019ONG, i que no ha comptat amb cap pres\u00e8ncia institucional del Govern ni del Consell de Mallorca.<\/p>\n<p>Davant d\u2019aquesta abs\u00e8ncia generalitzada, que no fa m\u00e9s que confirmar que la inclusi\u00f3 social no es troba entre les prioritats de la dreta i la ultradreta, Alonso ha exigit Prohens i Galm\u00e9s \u201cque es posin del costat de les persones d\u2019una vegada per totes, del costat dels Drets Humans i no de l\u2019espaculaci\u00f3.\u201d Alonso ha criticat que quan cal fer suport a les entitats com l\u2019Esgl\u00e9sia o el tercer sector social que treballen directament amb les persones excloses, el PP prefereix \u201cmirar cap a una altra banda\u201d. <\/p>\n<p>El PSIB ha recordat que l\u2019IMAS, sota la presid\u00e8ncia de Guillermo S\u00e1nchez, ha mostrat durant els primers dos anys de legislatura una manca de suport alarmant cap a Ca l\u2019Ardiaca i Es Refugi, que s\u2019ha tradu\u00eft en manca de recursos per al seu funcionament, retards en els pagaments a les entitats que gestionen aquests centres, posant en risc la continu\u00eftat dels serveis. Alonso ha tornat a exigir que la vida de les persones, i especialment la de les que es troben en situaci\u00f3 de vulnerabilitat greu, passi a ser una prioritat en l\u2019atenci\u00f3 social de l\u2019IMAS, i que de manera transversal es puguin implantar mesures efectives que tractin l\u2019habitatge com a un dret de la ciutadania i no com un valor de mercat per a fer negoci. <\/p>\n[\/vc_column_text][\/vc_column][\/vc_row]\n\n\n\n<figure class=\"wp-block-audio\"><audio controls src=\"https:\/\/www.psib-psoe.org\/mallorca\/wp-content\/uploads\/Sofia-Caritas-audio-extractor.net_.mp3\"><\/audio><\/figure>\n<\/div>","protected":false},"excerpt":{"rendered":"[vc_row][vc_column][vc_column_text] La portaveu adjunta al Consell de Mallorca, i secret\u00e0ria de Drets Socials del PSIB ha criticat durament la manca de propostes de Govern i de Consell de Mallorca davant de l\u2019enorme problema social que significa la dificultat d\u2019acc\u00e9s a l\u2019habitatge d\u2019una cada vegada major part de la societat de Mallorca. Dos informes coneguts ahir&hellip;","protected":false},"author":3,"featured_media":30533,"comment_status":"closed","ping_status":"closed","sticky":false,"template":"","format":"standard","meta":{"footnotes":""},"categories":[2,1,90,92],"tags":[218,362,447,105,83,650,77,483,504,100,551,84,312,296,581],"class_list":["post-30530","post","type-post","status-publish","format-standard","has-post-thumbnail","hentry","category-federacio-de-mallorca","category-federacio-de-mallorca-portada","category-municipis","category-portada","tag-amanda-fernandez","tag-ares-fernandez","tag-bea-gamundi","tag-catalina-cladera","tag-consell-de-mallorca","tag-daniel-oliveira","tag-federacio-socialista-de-mallorca","tag-joan-ferrer","tag-juana-m-adrover","tag-miquel-cabot","tag-omar-lamin","tag-psib-psoe","tag-silvana-gonzalez","tag-sofia-alonso","tag-xisco-dalmau"],"_links":{"self":[{"href":"https:\/\/www.psib-psoe.org\/mallorca\/wp-json\/wp\/v2\/posts\/30530"}],"collection":[{"href":"https:\/\/www.psib-psoe.org\/mallorca\/wp-json\/wp\/v2\/posts"}],"about":[{"href":"https:\/\/www.psib-psoe.org\/mallorca\/wp-json\/wp\/v2\/types\/post"}],"author":[{"embeddable":true,"href":"https:\/\/www.psib-psoe.org\/mallorca\/wp-json\/wp\/v2\/users\/3"}],"replies":[{"embeddable":true,"href":"https:\/\/www.psib-psoe.org\/mallorca\/wp-json\/wp\/v2\/comments?post=30530"}],"version-history":[{"count":1,"href":"https:\/\/www.psib-psoe.org\/mallorca\/wp-json\/wp\/v2\/posts\/30530\/revisions"}],"predecessor-version":[{"id":30534,"href":"https:\/\/www.psib-psoe.org\/mallorca\/wp-json\/wp\/v2\/posts\/30530\/revisions\/30534"}],"wp:featuredmedia":[{"embeddable":true,"href":"https:\/\/www.psib-psoe.org\/mallorca\/wp-json\/wp\/v2\/media\/30533"}],"wp:attachment":[{"href":"https:\/\/www.psib-psoe.org\/mallorca\/wp-json\/wp\/v2\/media?parent=30530"}],"wp:term":[{"taxonomy":"category","embeddable":true,"href":"https:\/\/www.psib-psoe.org\/mallorca\/wp-json\/wp\/v2\/categories?post=30530"},{"taxonomy":"post_tag","embeddable":true,"href":"https:\/\/www.psib-psoe.org\/mallorca\/wp-json\/wp\/v2\/tags?post=30530"}],"curies":[{"name":"wp","href":"https:\/\/api.w.org\/{rel}","templated":true}]}}