{"id":30535,"date":"2025-10-23T16:22:01","date_gmt":"2025-10-23T14:22:01","guid":{"rendered":"https:\/\/www.psib-psoe.org\/mallorca\/?p=30535"},"modified":"2025-10-24T11:38:39","modified_gmt":"2025-10-24T09:38:39","slug":"els-socialistes-de-marratxi-reclamen-que-ajuntament-govern-i-consell-actuin-contundentment-per-aturar-el-projecte-fotovoltaic-de-son-bonet","status":"publish","type":"post","link":"https:\/\/www.psib-psoe.org\/mallorca\/els-socialistes-de-marratxi-reclamen-que-ajuntament-govern-i-consell-actuin-contundentment-per-aturar-el-projecte-fotovoltaic-de-son-bonet\/","title":{"rendered":"Els Socialistes de Marratx\u00ed reclamen que Ajuntament, Govern i Consell actu\u00efn contundentment per aturar el projecte fotovoltaic de Son Bonet."},"content":{"rendered":"<div class=\"wpb-content-wrapper\">\n<figure class=\"wp-block-image size-full is-resized is-style-default\"><img loading=\"lazy\" decoding=\"async\" width=\"1536\" height=\"864\" src=\"https:\/\/www.psib-psoe.org\/mallorca\/wp-content\/uploads\/Son-Bonet-edited.jpeg\" alt=\"\" class=\"wp-image-30542\" style=\"width:788px;height:auto\" srcset=\"https:\/\/www.psib-psoe.org\/mallorca\/wp-content\/uploads\/Son-Bonet-edited.jpeg 1536w, https:\/\/www.psib-psoe.org\/mallorca\/wp-content\/uploads\/Son-Bonet-edited-300x169.jpeg 300w, https:\/\/www.psib-psoe.org\/mallorca\/wp-content\/uploads\/Son-Bonet-edited-1024x576.jpeg 1024w, https:\/\/www.psib-psoe.org\/mallorca\/wp-content\/uploads\/Son-Bonet-edited-768x432.jpeg 768w, https:\/\/www.psib-psoe.org\/mallorca\/wp-content\/uploads\/Son-Bonet-edited-20x11.jpeg 20w, https:\/\/www.psib-psoe.org\/mallorca\/wp-content\/uploads\/Son-Bonet-edited-150x84.jpeg 150w, https:\/\/www.psib-psoe.org\/mallorca\/wp-content\/uploads\/Son-Bonet-edited-600x338.jpeg 600w, https:\/\/www.psib-psoe.org\/mallorca\/wp-content\/uploads\/Son-Bonet-edited-900x506.jpeg 900w\" sizes=\"(max-width: 1536px) 100vw, 1536px\" \/><\/figure>\n\n\n[vc_row][vc_column][vc_column_text]\n<p><em><u> El  portaveu socialista a Marratx\u00ed, Miquel Cabot tamb\u00e9 exigeix al batle, Jaume Llompart (PP), que \u201ces deixi de gestos simb\u00f2lics i lideri una acci\u00f3 coordinada amb el Consell de Mallorca i el Govern balear per defensar els interessos del municipi\u201d, per impedir la implantaci\u00f3 d\u2019un parc solar a Son Bonet, en contra de la voluntat de tots els ve\u00efnats de la zona.<br \/>\n[\/vc_column_text][\/vc_column][\/vc_row]\n\n\n[vc_row][vc_column][vc_column_text]\n<p>L\u2019Agrupaci\u00f3 Socialista de Marratx\u00ed ha tornat a al\u00e7ar la veu contra el projecte de parc fotovoltaic que AENA vol instal\u00b7lar als terrenys de l\u2019aer\u00f2drom de Son Bonet. El secretari general i portaveu municipal, Miquel Cabot, ha exigit al batle de Marratx\u00ed \u201cque actu\u00ef de manera efica\u00e7 contra el projecte fotovoltaic de Son Bonet\u201d i ha criticat que \u201chagi enviat una carta al Ministeri, com ha fet, \u00e9s del tot insuficient\u201d. <\/p>\n<p>Segons Cabot, \u201cnecessitem la implicaci\u00f3 activa de totes les institucions, Ajuntament, Govern i Consell com aix\u00ed v\u00e0rem fer a l\u2019anterior legislatura, on v\u00e0rem aconseguir aturar la tramitaci\u00f3 d\u2019aquest parc que no afavoreix els interessos del marratxiners\u201d.<\/p>\n<p>El projecte, impulsat per AENA, preveu la instal\u00b7laci\u00f3 de fins a 32.000 plaques solars en una superf\u00edcie de 26 hect\u00e0rees, amb l\u2019objectiu de proveir d\u2019energia les instal\u00b7lacions aeroportu\u00e0ries. Tot i que la iniciativa es presenta com una aposta per la sostenibilitat, tant l\u2019Ajuntament com nombrosos col\u00b7lectius ve\u00efnals han expressat reiteradament el seu rebuig. \u201cNo s\u2019han valorat alternatives menys agressives per al territori\u201d, ha recordat Cabot, que tamb\u00e9 ha denunciat \u201cla manca de sensibilitat cap a un espai que els ve\u00efns consideren un pulm\u00f3 verd del municipi\u201d.<\/p>\n<p>La plataforma ciutadana Son Bonet Pulm\u00f3 Verd fa m\u00e9s de dos anys i mig que lluita contra aquest projecte, reclamant que la zona es destini a \u00fas p\u00fablic i verd, com un bosc urb\u00e0 mediterrani. El passat 28 de setembre, prop de 200 ve\u00efns es van manifestar per exigir la paralitzaci\u00f3 del projecte i defensar la preservaci\u00f3 del paisatge i la biodiversitat. Davant la reactivaci\u00f3 del projecte, despr\u00e9s que la just\u00edcia permet\u00e9s reprendre\u2019n la tramitaci\u00f3, Cabot ha fet una crida a la mobilitzaci\u00f3 institucional: \u201cNo basta amb gestos simb\u00f2lics. Cal que el Consell de Mallorca, el Govern balear i l\u2019Ajuntament actu\u00efn amb determinaci\u00f3 per defensar els interessos del nostre municipi. \u00c9s el moment de passar a l\u2019acci\u00f3.\u201d<\/p>\n[\/vc_column_text][\/vc_column][\/vc_row]\n\n\n\n<figure class=\"wp-block-audio\"><audio controls src=\"https:\/\/www.psib-psoe.org\/mallorca\/wp-content\/uploads\/Cabot-plaques-solars.mp3\"><\/audio><\/figure>\n<\/div>","protected":false},"excerpt":{"rendered":"[vc_row][vc_column][vc_column_text] El portaveu socialista a Marratx\u00ed, Miquel Cabot tamb\u00e9 exigeix al batle, Jaume Llompart (PP), que \u201ces deixi de gestos simb\u00f2lics i lideri una acci\u00f3 coordinada amb el Consell de Mallorca i el Govern balear per defensar els interessos del municipi\u201d, per impedir la implantaci\u00f3 d\u2019un parc solar a Son Bonet, en contra de la&hellip;","protected":false},"author":3,"featured_media":30542,"comment_status":"closed","ping_status":"closed","sticky":false,"template":"","format":"standard","meta":{"footnotes":""},"categories":[2,1,90,92],"tags":[414,218,362,105,100,84,351],"class_list":["post-30535","post","type-post","status-publish","format-standard","has-post-thumbnail","hentry","category-federacio-de-mallorca","category-federacio-de-mallorca-portada","category-municipis","category-portada","tag-agrupacio-socialista-marratxi","tag-amanda-fernandez","tag-ares-fernandez","tag-catalina-cladera","tag-miquel-cabot","tag-psib-psoe","tag-tolo-aguilar"],"_links":{"self":[{"href":"https:\/\/www.psib-psoe.org\/mallorca\/wp-json\/wp\/v2\/posts\/30535"}],"collection":[{"href":"https:\/\/www.psib-psoe.org\/mallorca\/wp-json\/wp\/v2\/posts"}],"about":[{"href":"https:\/\/www.psib-psoe.org\/mallorca\/wp-json\/wp\/v2\/types\/post"}],"author":[{"embeddable":true,"href":"https:\/\/www.psib-psoe.org\/mallorca\/wp-json\/wp\/v2\/users\/3"}],"replies":[{"embeddable":true,"href":"https:\/\/www.psib-psoe.org\/mallorca\/wp-json\/wp\/v2\/comments?post=30535"}],"version-history":[{"count":2,"href":"https:\/\/www.psib-psoe.org\/mallorca\/wp-json\/wp\/v2\/posts\/30535\/revisions"}],"predecessor-version":[{"id":30543,"href":"https:\/\/www.psib-psoe.org\/mallorca\/wp-json\/wp\/v2\/posts\/30535\/revisions\/30543"}],"wp:featuredmedia":[{"embeddable":true,"href":"https:\/\/www.psib-psoe.org\/mallorca\/wp-json\/wp\/v2\/media\/30542"}],"wp:attachment":[{"href":"https:\/\/www.psib-psoe.org\/mallorca\/wp-json\/wp\/v2\/media?parent=30535"}],"wp:term":[{"taxonomy":"category","embeddable":true,"href":"https:\/\/www.psib-psoe.org\/mallorca\/wp-json\/wp\/v2\/categories?post=30535"},{"taxonomy":"post_tag","embeddable":true,"href":"https:\/\/www.psib-psoe.org\/mallorca\/wp-json\/wp\/v2\/tags?post=30535"}],"curies":[{"name":"wp","href":"https:\/\/api.w.org\/{rel}","templated":true}]}}