{"id":30545,"date":"2025-10-24T13:44:34","date_gmt":"2025-10-24T11:44:34","guid":{"rendered":"https:\/\/www.psib-psoe.org\/mallorca\/?p=30545"},"modified":"2025-10-24T13:44:46","modified_gmt":"2025-10-24T11:44:46","slug":"els-socialistes-de-llucmajor-proposen-la-creacio-del-consell-municipal-de-fires-per-revitalitzar-i-protegir-les-fires-del-municipi","status":"publish","type":"post","link":"https:\/\/www.psib-psoe.org\/mallorca\/els-socialistes-de-llucmajor-proposen-la-creacio-del-consell-municipal-de-fires-per-revitalitzar-i-protegir-les-fires-del-municipi\/","title":{"rendered":"Els Socialistes de Llucmajor proposen la creaci\u00f3 del Consell Municipal de Fires per revitalitzar i protegir les Fires del municipi."},"content":{"rendered":"<div class=\"wpb-content-wrapper\">\n<figure class=\"wp-block-image size-full is-resized is-style-default\"><img loading=\"lazy\" decoding=\"async\" width=\"2048\" height=\"1886\" src=\"https:\/\/www.psib-psoe.org\/mallorca\/wp-content\/uploads\/ple-Llucmajor-030725-3-1.jpeg\" alt=\"\" class=\"wp-image-30546\" style=\"width:788px;height:auto\" srcset=\"https:\/\/www.psib-psoe.org\/mallorca\/wp-content\/uploads\/ple-Llucmajor-030725-3-1.jpeg 2048w, https:\/\/www.psib-psoe.org\/mallorca\/wp-content\/uploads\/ple-Llucmajor-030725-3-1-300x276.jpeg 300w, https:\/\/www.psib-psoe.org\/mallorca\/wp-content\/uploads\/ple-Llucmajor-030725-3-1-1024x943.jpeg 1024w, https:\/\/www.psib-psoe.org\/mallorca\/wp-content\/uploads\/ple-Llucmajor-030725-3-1-768x707.jpeg 768w, https:\/\/www.psib-psoe.org\/mallorca\/wp-content\/uploads\/ple-Llucmajor-030725-3-1-1536x1415.jpeg 1536w, https:\/\/www.psib-psoe.org\/mallorca\/wp-content\/uploads\/ple-Llucmajor-030725-3-1-380x350.jpeg 380w, https:\/\/www.psib-psoe.org\/mallorca\/wp-content\/uploads\/ple-Llucmajor-030725-3-1-20x18.jpeg 20w, https:\/\/www.psib-psoe.org\/mallorca\/wp-content\/uploads\/ple-Llucmajor-030725-3-1-150x138.jpeg 150w, https:\/\/www.psib-psoe.org\/mallorca\/wp-content\/uploads\/ple-Llucmajor-030725-3-1-600x553.jpeg 600w, https:\/\/www.psib-psoe.org\/mallorca\/wp-content\/uploads\/ple-Llucmajor-030725-3-1-900x829.jpeg 900w, https:\/\/www.psib-psoe.org\/mallorca\/wp-content\/uploads\/ple-Llucmajor-030725-3-1-760x700.jpeg 760w, https:\/\/www.psib-psoe.org\/mallorca\/wp-content\/uploads\/ple-Llucmajor-030725-3-1-1140x1050.jpeg 1140w\" sizes=\"(max-width: 2048px) 100vw, 2048px\" \/><\/figure>\n\n\n[vc_row][vc_column][vc_column_text]\n<p><em><u> El Grup Municipal del PSIB-PSOE a Llucmajor ha registrat una resoluci\u00f3 per al pr\u00f2xim ple de l\u2019Ajuntament amb l\u2019objectiu de posar en marxa el Consell Municipal de Fires, una eina de participaci\u00f3 i planificaci\u00f3 que permeti revitalitzar les Fires del municipi i garantir-ne la continu\u00eftat davant els reptes actuals. Els socialistes reclamen \u201cm\u00e9s participaci\u00f3 ciutadana, planificaci\u00f3 i mesures contra la deixadesa i la improvisaci\u00f3\u201d que afecten les Fires de Llucmajor que l\u2019actual equip de govern de Lascolas ha abandonat.<br \/>\n   <\/u><\/em><\/p>\n[\/vc_column_text][\/vc_column][\/vc_row]\n\n\n[vc_row][vc_column][vc_column_text]\n<p>\u201cLa celebraci\u00f3 de les Fires no pot continuar depenent de la improvisaci\u00f3, la manca de previsi\u00f3 i l\u2019opacitat. Llucmajor mereix unes Fires dignes, ben organitzades i adaptades als temps que vivim\u201d, ha declarat el portaveu socialista, Jaume J. Oliver. Llucmajor ha celebrat enguany la seva 479a edici\u00f3 de les Fires, una tradici\u00f3 que es remunta a l\u2019any 1546 i que ha estat hist\u00f2ricament una de les m\u00e9s importants de Mallorca. \u201cLa decad\u00e8ncia del camp, l\u2019auge del comer\u00e7 electr\u00f2nic i la proliferaci\u00f3 de fires tem\u00e0tiques arreu de l\u2019illa han desfigurat el car\u00e0cter original de les nostres Fires. \u00c9s hora de recuperar-ne l\u2019ess\u00e8ncia amb noves idees i amb la veu de la ciutadania, i la batlessa Lascolas no en te la m\u00e9s m\u00ednima intenci\u00f3\u201d, ha afirmat Oliver.<\/p>\n<p>La proposta socialista recull la preocupaci\u00f3 ciutadana sobre la des\u00eddia i la deixadesa amb les que Lascolas tracta el patrimoni cultural i comercial de Llucmajor; inclou la creaci\u00f3 d\u2019un Consell Municipal de Fires d\u2019acord amb el Reglament de Participaci\u00f3 Ciutadana, l\u2019elaboraci\u00f3 d\u2019un reglament consensuat amb tots els grups municipals, i la difusi\u00f3 activa del nou \u00f2rgan per fomentar la participaci\u00f3 de firaires, entitats, comerciants i ve\u00efns.<\/p>\n<p>A m\u00e9s, la resoluci\u00f3 exigeix la redacci\u00f3 d\u2019un pla de conting\u00e8ncia per fer front als episodis meteorol\u00f2gics extrems, cada vegada m\u00e9s freq\u00fcents a causa del canvi clim\u00e0tic. El pla hauria d\u2019incloure alternatives d\u2019ubicaci\u00f3, com escoles o pavellons esportius, i establir mecanismes de coordinaci\u00f3 amb les \u00e0rees municipals, serveis d\u2019emerg\u00e8ncia i cossos de seguretat. Tamb\u00e9 es proposa una comunicaci\u00f3 efectiva amb tots els actors implicats i una revisi\u00f3 anual del protocol d\u2019organitzaci\u00f3.<\/p>\n<p>\u201cLes Fires s\u00f3n patrimoni de tots, i no poden quedar en mans d\u2019un govern que les tracta com un tr\u00e0mit m\u00e9s. Volem que tornin a ser un orgull per a Llucmajor, amb qualitat, seguretat i participaci\u00f3\u201d, ha concl\u00f2s Jaume J. Oliver.<\/p>\n[\/vc_column_text][\/vc_column][\/vc_row]\n\n\n\n<p><\/p>\n<\/div>","protected":false},"excerpt":{"rendered":"[vc_row][vc_column][vc_column_text] El Grup Municipal del PSIB-PSOE a Llucmajor ha registrat una resoluci\u00f3 per al pr\u00f2xim ple de l\u2019Ajuntament amb l\u2019objectiu de posar en marxa el Consell Municipal de Fires, una eina de participaci\u00f3 i planificaci\u00f3 que permeti revitalitzar les Fires del municipi i garantir-ne la continu\u00eftat davant els reptes actuals. Els socialistes reclamen \u201cm\u00e9s participaci\u00f3&hellip;","protected":false},"author":3,"featured_media":30546,"comment_status":"closed","ping_status":"closed","sticky":false,"template":"","format":"standard","meta":{"footnotes":""},"categories":[2,1,90,92],"tags":[218,362,613,497,234,98,84,211,212],"class_list":["post-30545","post","type-post","status-publish","format-standard","has-post-thumbnail","hentry","category-federacio-de-mallorca","category-federacio-de-mallorca-portada","category-municipis","category-portada","tag-amanda-fernandez","tag-ares-fernandez","tag-elsa-herranz","tag-jaume-j-oliver","tag-jaume-oliver","tag-llucmajor","tag-psib-psoe","tag-sarenal","tag-sarenal-de-llucmajor"],"_links":{"self":[{"href":"https:\/\/www.psib-psoe.org\/mallorca\/wp-json\/wp\/v2\/posts\/30545"}],"collection":[{"href":"https:\/\/www.psib-psoe.org\/mallorca\/wp-json\/wp\/v2\/posts"}],"about":[{"href":"https:\/\/www.psib-psoe.org\/mallorca\/wp-json\/wp\/v2\/types\/post"}],"author":[{"embeddable":true,"href":"https:\/\/www.psib-psoe.org\/mallorca\/wp-json\/wp\/v2\/users\/3"}],"replies":[{"embeddable":true,"href":"https:\/\/www.psib-psoe.org\/mallorca\/wp-json\/wp\/v2\/comments?post=30545"}],"version-history":[{"count":1,"href":"https:\/\/www.psib-psoe.org\/mallorca\/wp-json\/wp\/v2\/posts\/30545\/revisions"}],"predecessor-version":[{"id":30547,"href":"https:\/\/www.psib-psoe.org\/mallorca\/wp-json\/wp\/v2\/posts\/30545\/revisions\/30547"}],"wp:featuredmedia":[{"embeddable":true,"href":"https:\/\/www.psib-psoe.org\/mallorca\/wp-json\/wp\/v2\/media\/30546"}],"wp:attachment":[{"href":"https:\/\/www.psib-psoe.org\/mallorca\/wp-json\/wp\/v2\/media?parent=30545"}],"wp:term":[{"taxonomy":"category","embeddable":true,"href":"https:\/\/www.psib-psoe.org\/mallorca\/wp-json\/wp\/v2\/categories?post=30545"},{"taxonomy":"post_tag","embeddable":true,"href":"https:\/\/www.psib-psoe.org\/mallorca\/wp-json\/wp\/v2\/tags?post=30545"}],"curies":[{"name":"wp","href":"https:\/\/api.w.org\/{rel}","templated":true}]}}