{"id":30549,"date":"2025-10-24T14:40:42","date_gmt":"2025-10-24T12:40:42","guid":{"rendered":"https:\/\/www.psib-psoe.org\/mallorca\/?p=30549"},"modified":"2025-10-24T14:40:54","modified_gmt":"2025-10-24T12:40:54","slug":"els-socialistes-de-soller-denuncien-la-improvisacio-del-pp-amb-la-taxa-de-fems-i-adverteixen-que-cap-increment-ha-servit-per-millorar-el-servei","status":"publish","type":"post","link":"https:\/\/www.psib-psoe.org\/mallorca\/els-socialistes-de-soller-denuncien-la-improvisacio-del-pp-amb-la-taxa-de-fems-i-adverteixen-que-cap-increment-ha-servit-per-millorar-el-servei\/","title":{"rendered":"Els Socialistes de S\u00f3ller denuncien la improvisaci\u00f3 del PP amb la taxa de fems i adverteixen que cap increment ha servit per millorar el servei"},"content":{"rendered":"\n<figure class=\"wp-block-image size-full\"><img loading=\"lazy\" decoding=\"async\" width=\"2560\" height=\"1707\" src=\"http:\/\/www.psib-psoe.org\/mallorca\/wp-content\/uploads\/250320-Executiva-Jaume-Mateu-1-scaled.jpg\" alt=\"\" class=\"wp-image-30428\" srcset=\"https:\/\/www.psib-psoe.org\/mallorca\/wp-content\/uploads\/250320-Executiva-Jaume-Mateu-1-scaled.jpg 2560w, https:\/\/www.psib-psoe.org\/mallorca\/wp-content\/uploads\/250320-Executiva-Jaume-Mateu-1-300x200.jpg 300w, https:\/\/www.psib-psoe.org\/mallorca\/wp-content\/uploads\/250320-Executiva-Jaume-Mateu-1-1024x683.jpg 1024w, https:\/\/www.psib-psoe.org\/mallorca\/wp-content\/uploads\/250320-Executiva-Jaume-Mateu-1-768x512.jpg 768w, https:\/\/www.psib-psoe.org\/mallorca\/wp-content\/uploads\/250320-Executiva-Jaume-Mateu-1-1536x1024.jpg 1536w, https:\/\/www.psib-psoe.org\/mallorca\/wp-content\/uploads\/250320-Executiva-Jaume-Mateu-1-2048x1365.jpg 2048w, https:\/\/www.psib-psoe.org\/mallorca\/wp-content\/uploads\/250320-Executiva-Jaume-Mateu-1-150x100.jpg 150w, https:\/\/www.psib-psoe.org\/mallorca\/wp-content\/uploads\/250320-Executiva-Jaume-Mateu-1-600x400.jpg 600w, https:\/\/www.psib-psoe.org\/mallorca\/wp-content\/uploads\/250320-Executiva-Jaume-Mateu-1-900x600.jpg 900w, https:\/\/www.psib-psoe.org\/mallorca\/wp-content\/uploads\/250320-Executiva-Jaume-Mateu-1-20x13.jpg 20w\" sizes=\"(max-width: 2560px) 100vw, 2560px\" \/><\/figure>\n\n\n\n<p><em><u>Jaume Mateu: \u201cEl PP dubta per apujar la taxa dels fems als ETV, per\u00f2 no va dubtar gens per incrementar-la a tota la ciutadania\u201d.<\/u><\/em><\/p>\n\n\n\n<p>Els Socialistes de S\u00f3ller han considerat una nova mostra de la improvisaci\u00f3 que regna a l\u2019Ajuntament del PP la reculada amb la pujada de la taxa de fems als habitatges que fan lloguer tur\u00edstic. Aix\u00ed ho ha denunciat el secretari general i portaveu socialista a l\u2019Ajuntament, Jaume Mateu, qui ha recordat la nefasta pol\u00edtica de residus durant tota la legislatura.<\/p>\n\n\n\n<p>El portaveu socialista ha alertat que \u201cel batle governa a cop de diari\u201d, tornant enrere ara una decisi\u00f3 que havia pres de forma improvisada \u201cper tapar la seva inacci\u00f3 amb mesures que ajudin a combatre de veres la sensaci\u00f3 de massificaci\u00f3 tur\u00edstica que pateixen els ve\u00efnats i les ve\u00efnades del nostre municipi\u201d.<\/p>\n\n\n\n<p>Cal tenir en compte que ara gaireb\u00e9 fa un any, el novembre del 2024, l\u2019equip de govern municipal ja va apujar el rebut dels fems un 40% a tothom, sense fer cap mena de millora en un servei que \u00e9s essencial. \u201cEl PP dubta per apujar la taxa dels fems als ETV, per\u00f2 no va dubtar gens per incrementar-la a tota la ciutadania\u201d, ha criticat Mateu.<\/p>\n\n\n\n<p>De fet, S\u00f3ller va ser un dels primers municipis a incrementar el preu del fems, obeint la normativa europea implantada pel Partit Popular Europeu, amb el suport tamb\u00e9 del PP a Madrid. A m\u00e9s a m\u00e9s, l\u2019aplicaci\u00f3 d\u2019aquesta nova tarifaci\u00f3 europea parteix del principi de \u201cqui contamina paga\u201d, per la qual cosa hauria d\u2019haver anat aplicada als grans contaminants i no a tothom de manera indiscriminada.<\/p>\n\n\n\n<p>El que \u00e9s pitjor, per al portaveu socialista, \u00e9s que \u201ccap increment de la recaptaci\u00f3 ha servit per millorar el servei\u201d, mentre que \u201ctampoc han posat en marxa cap de les mesures promeses, com la recollida org\u00e0nica, el porta a porta, nous punts d\u2019aportaci\u00f3, la millora dels contenidors, o la compra de nous vehicles\u201d.<\/p>\n\n\n\n<p>En qualsevol cas, Mateu ha insistit en el fet que la gesti\u00f3 de residus que fa el PP \u201c\u00e9s nefasta\u201d, perqu\u00e8 \u201cel poble est\u00e0 molt brut, tenim unes instal\u00b7lacions obsoletes i som dels pobles que menys recicla de tot Mallorca, sense que el batle faci res per revertir-ho, i S\u00f3ller no es mereix aix\u00f2\u201d.<\/p>\n","protected":false},"excerpt":{"rendered":"<p>Jaume Mateu: \u201cEl PP dubta per apujar la taxa dels fems als ETV, per\u00f2 no va dubtar gens per incrementar-la a tota la ciutadania\u201d. Els Socialistes de S\u00f3ller han considerat una nova mostra de la improvisaci\u00f3 que regna a l\u2019Ajuntament del PP la reculada amb la pujada de la taxa de fems als habitatges que&hellip;<\/p>\n","protected":false},"author":4,"featured_media":30428,"comment_status":"closed","ping_status":"closed","sticky":false,"template":"","format":"standard","meta":{"footnotes":""},"categories":[1,90,92],"tags":[],"class_list":["post-30549","post","type-post","status-publish","format-standard","has-post-thumbnail","hentry","category-federacio-de-mallorca-portada","category-municipis","category-portada"],"_links":{"self":[{"href":"https:\/\/www.psib-psoe.org\/mallorca\/wp-json\/wp\/v2\/posts\/30549"}],"collection":[{"href":"https:\/\/www.psib-psoe.org\/mallorca\/wp-json\/wp\/v2\/posts"}],"about":[{"href":"https:\/\/www.psib-psoe.org\/mallorca\/wp-json\/wp\/v2\/types\/post"}],"author":[{"embeddable":true,"href":"https:\/\/www.psib-psoe.org\/mallorca\/wp-json\/wp\/v2\/users\/4"}],"replies":[{"embeddable":true,"href":"https:\/\/www.psib-psoe.org\/mallorca\/wp-json\/wp\/v2\/comments?post=30549"}],"version-history":[{"count":1,"href":"https:\/\/www.psib-psoe.org\/mallorca\/wp-json\/wp\/v2\/posts\/30549\/revisions"}],"predecessor-version":[{"id":30550,"href":"https:\/\/www.psib-psoe.org\/mallorca\/wp-json\/wp\/v2\/posts\/30549\/revisions\/30550"}],"wp:featuredmedia":[{"embeddable":true,"href":"https:\/\/www.psib-psoe.org\/mallorca\/wp-json\/wp\/v2\/media\/30428"}],"wp:attachment":[{"href":"https:\/\/www.psib-psoe.org\/mallorca\/wp-json\/wp\/v2\/media?parent=30549"}],"wp:term":[{"taxonomy":"category","embeddable":true,"href":"https:\/\/www.psib-psoe.org\/mallorca\/wp-json\/wp\/v2\/categories?post=30549"},{"taxonomy":"post_tag","embeddable":true,"href":"https:\/\/www.psib-psoe.org\/mallorca\/wp-json\/wp\/v2\/tags?post=30549"}],"curies":[{"name":"wp","href":"https:\/\/api.w.org\/{rel}","templated":true}]}}