{"id":30556,"date":"2025-10-27T12:45:53","date_gmt":"2025-10-27T10:45:53","guid":{"rendered":"https:\/\/www.psib-psoe.org\/mallorca\/?p=30556"},"modified":"2025-10-27T12:46:05","modified_gmt":"2025-10-27T10:46:05","slug":"el-psib-psoe-de-llucmajor-denuncia-que-lajuntament-cobra-de-mes-als-ciutadans-per-la-taxa-de-fems-des-de-fa-sis-anys-mentre-que-el-servei-de-recollida-es-cada-dia-pitjor","status":"publish","type":"post","link":"https:\/\/www.psib-psoe.org\/mallorca\/el-psib-psoe-de-llucmajor-denuncia-que-lajuntament-cobra-de-mes-als-ciutadans-per-la-taxa-de-fems-des-de-fa-sis-anys-mentre-que-el-servei-de-recollida-es-cada-dia-pitjor\/","title":{"rendered":"El PSIB-PSOE de Llucmajor denuncia que l\u2019Ajuntament cobra de m\u00e9s als ciutadans per la taxa de fems des de fa sis anys, mentre que el servei de recollida es cada dia pitjor."},"content":{"rendered":"<div class=\"wpb-content-wrapper\">\n<figure class=\"wp-block-image size-full is-resized is-style-default\"><img loading=\"lazy\" decoding=\"async\" width=\"1200\" height=\"675\" src=\"https:\/\/www.psib-psoe.org\/mallorca\/wp-content\/uploads\/image-edited.jpeg\" alt=\"Aquesta imatge t\u00e9 l'atribut alt buit; el seu nom \u00e9s ple-Llucmajor-030725-edited.jpeg\" class=\"wp-image-30560\" style=\"width:788px;height:auto\" srcset=\"https:\/\/www.psib-psoe.org\/mallorca\/wp-content\/uploads\/image-edited.jpeg 1200w, https:\/\/www.psib-psoe.org\/mallorca\/wp-content\/uploads\/image-edited-300x169.jpeg 300w, https:\/\/www.psib-psoe.org\/mallorca\/wp-content\/uploads\/image-edited-1024x576.jpeg 1024w, https:\/\/www.psib-psoe.org\/mallorca\/wp-content\/uploads\/image-edited-768x432.jpeg 768w, https:\/\/www.psib-psoe.org\/mallorca\/wp-content\/uploads\/image-edited-20x11.jpeg 20w, https:\/\/www.psib-psoe.org\/mallorca\/wp-content\/uploads\/image-edited-150x84.jpeg 150w, https:\/\/www.psib-psoe.org\/mallorca\/wp-content\/uploads\/image-edited-600x338.jpeg 600w, https:\/\/www.psib-psoe.org\/mallorca\/wp-content\/uploads\/image-edited-900x506.jpeg 900w\" sizes=\"(max-width: 1200px) 100vw, 1200px\" \/><\/figure>\n\n\n[vc_row][vc_column][vc_column_text]\n<p><em><u> El portaveu socialista, Jaume J. Oliver, afirma que \u201cno es pot exigir a la ciutadania que pagui puntualment una de les taxes m\u00e9s elevades de Mallorca mentre conviu amb la brutor, les males olors i les plagues de rates\u201d. Els socialistes apunten que la taxa hauria deixat a les arques municipals prop d\u2019un 1 mili\u00f3 d\u2019euros de sobrecost entre all\u00f2 que l\u2019Ajuntament recapta per la taxa de fems, i all\u00f2 que paga a la concession\u00e0ria pel servei de recollida. Oliver presentar\u00e0 una moci\u00f3 en el pr\u00f2xim ple municipal per exigir el rec\u00e0lcul de l\u2019impost a la baixa i la millora del servei.<br \/>\n   <\/u><\/em><\/p>\n[\/vc_column_text][\/vc_column][\/vc_row]\n\n\n[vc_row][vc_column][vc_column_text]\n<p>\u201cNo permetrem \u00e9s que es continu\u00ef abusant de la butxaca dels llucmajorers i llucmajoreres mentre el municipi s\u2019enfonsa en la deixadesa i la manca de control\u201d. El Grup Municipal Socialista de Llucmajor ha registrat una moci\u00f3 per al pr\u00f2xim ple de l\u2019Ajuntament en qu\u00e8 denuncia la situaci\u00f3 \u201cinadmissible\u201d que pateixen els ve\u00efns i ve\u00efnes del municipi en mat\u00e8ria de recollida de residus i neteja vi\u00e0ria. Els socialistes alerten que, des de fa almenys sis anys, l\u2019Ajuntament registra super\u00e0vits reiterats en la taxa de fems, que haurien arribat a 1 mili\u00f3 d\u2019euros ingressats de m\u00e9s per l\u2019Ajuntament, incomplint el principi de correspond\u00e8ncia entre el cost real del servei i l\u2019import cobrat. \u201cL\u2019actual ordenan\u00e7a fiscal estableix clarament que la base imposable no pot superar el cost del servei. Per\u00f2 la realitat \u00e9s que l\u2019Ajuntament ha recaptat molt per damunt del costa de la prestaci\u00f3\u201d, ha denunciat el portaveu del Grup Municipal Socialista a l\u2019Ajuntament de Llucmajor, Jaume J. Oliver, que a m\u00e9s s\u2019ha queixat de l\u2019obscurantisme de l\u2019Ajuntament que \u201cens ha amagat repetidament aquesta dada\u201d. <\/p>\n<p>Malgrat haver recaptat de m\u00e9s, l\u2019equip de govern de la batlessa Xisca Lascolas est\u00e0 preparant una nova pujada de la taxa, un fet que Oliver troba \u201cinadmissible i ins\u00f2lit\u201d. El Grup socialista \u201crebutja frontalment qualsevol augment de la taxa de fems no justificat, i molt manco mentre no es garanteixi un servei digne i ajustat al seu cost real\u201d. L\u2019equip de govern (PP-VOX-ASI) pret\u00e9n aprovar aquesta nova taxa municipal per adaptar-la, segons diuen, al futur macro contracte de recollida de residus, i que, segons han anunciat, implicaria un nou increment de la taxa a partir de 2026. \u201cAquest augment no respon a cap millora del servei, sin\u00f3 a la necessitat de tapar els forats d\u2019un pressupost mal gestionat i contractes tramitats tard i malament\u201d, ha afirmat el portaveu socialista.<\/p>\n<p>Els socialistes de Llucmajor recorden que cobrar taxes per serveis municipals per damunt del seu cost vulnera la legislaci\u00f3 que el Tribunal Suprem ha establert en diverses sent\u00e8ncies que qualifiquen aquest fet com a un tribut recaptatori, vulnerant els principis de legalitat i proporcionalitat. \u201cA Llucmajor, aix\u00f2 fa anys que passa, abans amb Jare\u00f1o i ara amb Lascolas, sempre amb el PP al govern a i el m\u00e9s greu \u00e9s que el servei \u00e9s absolutament deficient\u201d, ha remarcat Oliver.<\/p>\n<p>La moci\u00f3 dels Socialistes de Llucmajor proposa, entre altres mesures, l\u2019elaboraci\u00f3 d\u2019un informe t\u00e8cnic i econ\u00f2mic sobre el cost real del servei dels darrers sis anys, la revisi\u00f3 immediata de l\u2019ordenan\u00e7a fiscal, la devoluci\u00f3 proporcional dels cobraments indeguts, i l\u2019exig\u00e8ncia de millores immediates a l\u2019empresa concession\u00e0ria. Tamb\u00e9 es reclama la publicaci\u00f3 dels resultats i la incorporaci\u00f3 d\u2019un mecanisme anual de revisi\u00f3 i transpar\u00e8ncia.<\/p>\n[\/vc_column_text][\/vc_column][\/vc_row]\n\n\n\n<p><\/p>\n<\/div>","protected":false},"excerpt":{"rendered":"[vc_row][vc_column][vc_column_text] El portaveu socialista, Jaume J. Oliver, afirma que \u201cno es pot exigir a la ciutadania que pagui puntualment una de les taxes m\u00e9s elevades de Mallorca mentre conviu amb la brutor, les males olors i les plagues de rates\u201d. Els socialistes apunten que la taxa hauria deixat a les arques municipals prop d\u2019un 1&hellip;","protected":false},"author":3,"featured_media":30560,"comment_status":"closed","ping_status":"closed","sticky":false,"template":"","format":"standard","meta":{"footnotes":""},"categories":[2,1,90,92],"tags":[218,362,613,497,234,98,84,211,212],"class_list":["post-30556","post","type-post","status-publish","format-standard","has-post-thumbnail","hentry","category-federacio-de-mallorca","category-federacio-de-mallorca-portada","category-municipis","category-portada","tag-amanda-fernandez","tag-ares-fernandez","tag-elsa-herranz","tag-jaume-j-oliver","tag-jaume-oliver","tag-llucmajor","tag-psib-psoe","tag-sarenal","tag-sarenal-de-llucmajor"],"_links":{"self":[{"href":"https:\/\/www.psib-psoe.org\/mallorca\/wp-json\/wp\/v2\/posts\/30556"}],"collection":[{"href":"https:\/\/www.psib-psoe.org\/mallorca\/wp-json\/wp\/v2\/posts"}],"about":[{"href":"https:\/\/www.psib-psoe.org\/mallorca\/wp-json\/wp\/v2\/types\/post"}],"author":[{"embeddable":true,"href":"https:\/\/www.psib-psoe.org\/mallorca\/wp-json\/wp\/v2\/users\/3"}],"replies":[{"embeddable":true,"href":"https:\/\/www.psib-psoe.org\/mallorca\/wp-json\/wp\/v2\/comments?post=30556"}],"version-history":[{"count":1,"href":"https:\/\/www.psib-psoe.org\/mallorca\/wp-json\/wp\/v2\/posts\/30556\/revisions"}],"predecessor-version":[{"id":30561,"href":"https:\/\/www.psib-psoe.org\/mallorca\/wp-json\/wp\/v2\/posts\/30556\/revisions\/30561"}],"wp:featuredmedia":[{"embeddable":true,"href":"https:\/\/www.psib-psoe.org\/mallorca\/wp-json\/wp\/v2\/media\/30560"}],"wp:attachment":[{"href":"https:\/\/www.psib-psoe.org\/mallorca\/wp-json\/wp\/v2\/media?parent=30556"}],"wp:term":[{"taxonomy":"category","embeddable":true,"href":"https:\/\/www.psib-psoe.org\/mallorca\/wp-json\/wp\/v2\/categories?post=30556"},{"taxonomy":"post_tag","embeddable":true,"href":"https:\/\/www.psib-psoe.org\/mallorca\/wp-json\/wp\/v2\/tags?post=30556"}],"curies":[{"name":"wp","href":"https:\/\/api.w.org\/{rel}","templated":true}]}}