{"id":30562,"date":"2025-10-27T13:43:41","date_gmt":"2025-10-27T11:43:41","guid":{"rendered":"https:\/\/www.psib-psoe.org\/mallorca\/?p=30562"},"modified":"2025-10-27T13:43:51","modified_gmt":"2025-10-27T11:43:51","slug":"les-cameres-a-les-carreteres-de-la-serra-de-tramuntana-dos-anys-de-promeses-incomplertes-de-rubio-i-galmes","status":"publish","type":"post","link":"https:\/\/www.psib-psoe.org\/mallorca\/les-cameres-a-les-carreteres-de-la-serra-de-tramuntana-dos-anys-de-promeses-incomplertes-de-rubio-i-galmes\/","title":{"rendered":"Les c\u00e0meres a les carreteres de la Serra de Tramuntana: dos anys de promeses incomplertes de Rubio i Galm\u00e9s ."},"content":{"rendered":"<div class=\"wpb-content-wrapper\">\n<figure class=\"wp-block-image size-full is-resized is-style-default\"><img loading=\"lazy\" decoding=\"async\" width=\"1200\" height=\"675\" src=\"http:\/\/www.psib-psoe.org\/mallorca\/wp-content\/uploads\/Grup-Mendez-091025-1-1-edited.jpeg\" alt=\"\" class=\"wp-image-30522\" style=\"width:788px;height:auto\" srcset=\"https:\/\/www.psib-psoe.org\/mallorca\/wp-content\/uploads\/Grup-Mendez-091025-1-1-edited.jpeg 1200w, https:\/\/www.psib-psoe.org\/mallorca\/wp-content\/uploads\/Grup-Mendez-091025-1-1-edited-300x169.jpeg 300w, https:\/\/www.psib-psoe.org\/mallorca\/wp-content\/uploads\/Grup-Mendez-091025-1-1-edited-1024x576.jpeg 1024w, https:\/\/www.psib-psoe.org\/mallorca\/wp-content\/uploads\/Grup-Mendez-091025-1-1-edited-768x432.jpeg 768w, https:\/\/www.psib-psoe.org\/mallorca\/wp-content\/uploads\/Grup-Mendez-091025-1-1-edited-20x11.jpeg 20w, https:\/\/www.psib-psoe.org\/mallorca\/wp-content\/uploads\/Grup-Mendez-091025-1-1-edited-150x84.jpeg 150w, https:\/\/www.psib-psoe.org\/mallorca\/wp-content\/uploads\/Grup-Mendez-091025-1-1-edited-600x338.jpeg 600w, https:\/\/www.psib-psoe.org\/mallorca\/wp-content\/uploads\/Grup-Mendez-091025-1-1-edited-900x506.jpeg 900w\" sizes=\"(max-width: 1200px) 100vw, 1200px\" \/><\/figure>\n\n\n[vc_row][vc_column][vc_column_text]\n<p><em><u> L\u2019anunci d\u2019una nova licitaci\u00f3 de 65 c\u00e0meres de vigil\u00e0ncia a les carreteres de la Serra de Tramuntana i de Mallorca, que ha votat el Consell de Mallorca, suposa la nova constataci\u00f3 que totes les promeses fetes des de finals de 2023, a ve\u00efnats, plataforma MA10 i batles de la Serra, han estat simplement una columna de fum, d\u2019incompliments i de constataci\u00f3 de la incompet\u00e8ncia de Galm\u00e9s i Rubio, que se\u2019n riuen de la problem\u00e0tica de les curses il\u00b7legals. \u201cDir que ara inicien una nova licitaci\u00f3 vol dir que nji tant sols a l\u2019estiu de l\u2019any qe ve estaran aquestes c\u00e0meres instal\u00b7lades\u201d, ha dit el conseller del Grup Socialista, i portaveu del Grup Municipal a S\u00f3ller, Jaume Mateu.<br \/>\n   <\/u><\/em><\/p>\n[\/vc_column_text][\/vc_column][\/vc_row]\n\n\n[vc_row][vc_column][vc_column_text]\n<p>Promeses que queden en no res, anuncis que inunden les p\u00e0gines de premsa per\u00f2 que mai es duen a la pr\u00e0ctica, i evadir responsabilitats cap a les administracions que no governa el PP. El modus operandi preferit del manual de desgovern de Galm\u00e9s l\u2019aplica ara el conseller de Territori, Mobilitat i Infraestructures, Fernando Rubio, amb les c\u00e0meres a les carreteres de la Serra de Tramuntana. Fa dos anys que es va dir que el Consell les instal\u00b7laria. El comprom\u00eds p\u00fablic amb la plataforma Indignats Ma10 i amb els batles de la zona \u00e9s que les c\u00e0meres ja funcionessin a l\u2019estiu de 2024. Ara, en plena tardor de 2025, el Consell de Mallorca anuncia una nova licitaci\u00f3 per 65 c\u00e0meres per control de velocitat i sonometria, no nom\u00e9s a les carreteres de la Serra, sin\u00f3 a d\u2019altres punts de la xarxa vi\u00e0ria de Mallorca. <\/p>\n<p>\u201cRubio es va comprometre a principi de legislatura a fer una instal\u00b7laci\u00f3 r\u00e0pida de les c\u00e0meres. Dos anys despr\u00e9s no hi ha res de tot el que es va prometre\u201d, afirma Jaume Mateu. L\u2019anunci d\u2019un nou procediment administratiu, aprovat en Consell Executiu i anunciat amb tot detall a la premsa, suposa el reinici de tot el proc\u00e9s, i fa que \u201cni tant sols a l\u2019estiu de 2026 es pugui comptar amb aquestes c\u00e0meres instal\u00b7lades i en servei\u201d. <\/p>\n<p>Mateu ha expressat el cansament que provoca tot aquest lamentable incompliment de les promeses fetes als ve\u00efnats de la Serra, per que \u201cles promeses del PP queden en un no-res, mentre que la problem\u00e0tica de les curses il\u00b7legals a la Ma10 continua ben igual com a l\u2019inici de la legislatura\u201d, quan Galm\u00e9s va afirmar sense cap rubor que venia a resoldre tots els problemes dels mallorquins. <\/p>\n[\/vc_column_text][\/vc_column][\/vc_row]\n\n\n\n<figure class=\"wp-block-audio\"><audio controls src=\"https:\/\/www.psib-psoe.org\/mallorca\/wp-content\/uploads\/Mateu-cameres-Serra-.mp3\"><\/audio><\/figure>\n<\/div>","protected":false},"excerpt":{"rendered":"[vc_row][vc_column][vc_column_text] L\u2019anunci d\u2019una nova licitaci\u00f3 de 65 c\u00e0meres de vigil\u00e0ncia a les carreteres de la Serra de Tramuntana i de Mallorca, que ha votat el Consell de Mallorca, suposa la nova constataci\u00f3 que totes les promeses fetes des de finals de 2023, a ve\u00efnats, plataforma MA10 i batles de la Serra, han estat simplement una&hellip;","protected":false},"author":3,"featured_media":30522,"comment_status":"closed","ping_status":"closed","sticky":false,"template":"","format":"standard","meta":{"footnotes":""},"categories":[2,1,90,92],"tags":[218,362,447,105,83,77,186,639,296],"class_list":["post-30562","post","type-post","status-publish","format-standard","has-post-thumbnail","hentry","category-federacio-de-mallorca","category-federacio-de-mallorca-portada","category-municipis","category-portada","tag-amanda-fernandez","tag-ares-fernandez","tag-bea-gamundi","tag-catalina-cladera","tag-consell-de-mallorca","tag-federacio-socialista-de-mallorca","tag-jaume-mateu","tag-joan-mendez-2","tag-sofia-alonso"],"_links":{"self":[{"href":"https:\/\/www.psib-psoe.org\/mallorca\/wp-json\/wp\/v2\/posts\/30562"}],"collection":[{"href":"https:\/\/www.psib-psoe.org\/mallorca\/wp-json\/wp\/v2\/posts"}],"about":[{"href":"https:\/\/www.psib-psoe.org\/mallorca\/wp-json\/wp\/v2\/types\/post"}],"author":[{"embeddable":true,"href":"https:\/\/www.psib-psoe.org\/mallorca\/wp-json\/wp\/v2\/users\/3"}],"replies":[{"embeddable":true,"href":"https:\/\/www.psib-psoe.org\/mallorca\/wp-json\/wp\/v2\/comments?post=30562"}],"version-history":[{"count":1,"href":"https:\/\/www.psib-psoe.org\/mallorca\/wp-json\/wp\/v2\/posts\/30562\/revisions"}],"predecessor-version":[{"id":30565,"href":"https:\/\/www.psib-psoe.org\/mallorca\/wp-json\/wp\/v2\/posts\/30562\/revisions\/30565"}],"wp:featuredmedia":[{"embeddable":true,"href":"https:\/\/www.psib-psoe.org\/mallorca\/wp-json\/wp\/v2\/media\/30522"}],"wp:attachment":[{"href":"https:\/\/www.psib-psoe.org\/mallorca\/wp-json\/wp\/v2\/media?parent=30562"}],"wp:term":[{"taxonomy":"category","embeddable":true,"href":"https:\/\/www.psib-psoe.org\/mallorca\/wp-json\/wp\/v2\/categories?post=30562"},{"taxonomy":"post_tag","embeddable":true,"href":"https:\/\/www.psib-psoe.org\/mallorca\/wp-json\/wp\/v2\/tags?post=30562"}],"curies":[{"name":"wp","href":"https:\/\/api.w.org\/{rel}","templated":true}]}}