{"id":30566,"date":"2025-10-27T14:55:35","date_gmt":"2025-10-27T12:55:35","guid":{"rendered":"https:\/\/www.psib-psoe.org\/mallorca\/?p=30566"},"modified":"2025-10-27T14:55:46","modified_gmt":"2025-10-27T12:55:46","slug":"els-socialistes-de-valldemossa-denuncien-la-passivitat-de-lequip-de-govern-de-lajuntament-per-deixar-se-perdre-subvencions-per-al-jovent","status":"publish","type":"post","link":"https:\/\/www.psib-psoe.org\/mallorca\/els-socialistes-de-valldemossa-denuncien-la-passivitat-de-lequip-de-govern-de-lajuntament-per-deixar-se-perdre-subvencions-per-al-jovent\/","title":{"rendered":"Els Socialistes de Valldemossa denuncien la passivitat de l\u2019equip de govern de l\u2019Ajuntament per deixar-se perdre subvencions per al jovent."},"content":{"rendered":"<div class=\"wpb-content-wrapper\">\n<figure class=\"wp-block-image size-full is-resized is-style-default\"><img loading=\"lazy\" decoding=\"async\" width=\"1200\" height=\"1600\" src=\"https:\/\/www.psib-psoe.org\/mallorca\/wp-content\/uploads\/FX-Rossello.jpeg\" alt=\"\" class=\"wp-image-30077\" style=\"width:788px;height:auto\" srcset=\"https:\/\/www.psib-psoe.org\/mallorca\/wp-content\/uploads\/FX-Rossello.jpeg 1200w, https:\/\/www.psib-psoe.org\/mallorca\/wp-content\/uploads\/FX-Rossello-225x300.jpeg 225w, https:\/\/www.psib-psoe.org\/mallorca\/wp-content\/uploads\/FX-Rossello-768x1024.jpeg 768w, https:\/\/www.psib-psoe.org\/mallorca\/wp-content\/uploads\/FX-Rossello-1152x1536.jpeg 1152w, https:\/\/www.psib-psoe.org\/mallorca\/wp-content\/uploads\/FX-Rossello-300x400.jpeg 300w, https:\/\/www.psib-psoe.org\/mallorca\/wp-content\/uploads\/FX-Rossello-150x200.jpeg 150w, https:\/\/www.psib-psoe.org\/mallorca\/wp-content\/uploads\/FX-Rossello-600x800.jpeg 600w, https:\/\/www.psib-psoe.org\/mallorca\/wp-content\/uploads\/FX-Rossello-900x1200.jpeg 900w, https:\/\/www.psib-psoe.org\/mallorca\/wp-content\/uploads\/FX-Rossello-20x27.jpeg 20w\" sizes=\"(max-width: 1200px) 100vw, 1200px\" \/><\/figure>\n\n\n[vc_row][vc_column][vc_column_text]\n<p><em><u> Valldemossa ha estat l\u2019\u00fanic municipi de tota l\u2019illa excl\u00f2s de la convocat\u00f2ria per no haver respost un requeriment administratiu b\u00e0sic dins el termini establert. \u201c\u00c9s absolutament inadmissible que Valldemossa sigui l\u2019\u00fanic poble de Mallorca que queda fora d\u2019una l\u00ednia d\u2019ajudes tan important per al nostre jovent\u201d, ha dit el secretari general de l\u2019Agrupaci\u00f3 Socialista de Valldemossa, Jaume X. Rosell\u00f3. <\/p>\n[\/vc_column_text][\/vc_column][\/vc_row]\n\n\n[vc_row][vc_column][vc_column_text]\n<p>Els Socialistes de Valldemossa denuncien amb \u201cprofunda preocupaci\u00f3\u201d la p\u00e8rdua d\u2019una nova subvenci\u00f3 per part de l\u2019Ajuntament, aquesta vegada destinada a accions de dinamitzaci\u00f3 juvenil. Segons la resoluci\u00f3 publicada pel Consell de Mallorca, la causa de la denegaci\u00f3 de la subvenci\u00f3 ha estat el desistiment del demandant per no haver respost un requeriment administratiu b\u00e0sic dins el termini establert.<\/p>\n<p>La l\u00ednia de subvencions, que es va publicar el passat mes de maig, inclou finan\u00e7ament per a municipis de Mallorca amb poblaci\u00f3 inferior a 55.000 habitants, per a fer actuacions d\u2019informaci\u00f3, dinamitzaci\u00f3 i formaci\u00f3 juvenil, l\u2019adquisici\u00f3 de b\u00e9ns inventariables per millorar equipaments juvenils, la inversi\u00f3 per adequar casals i centres d\u2019informaci\u00f3 juvenil, la contractaci\u00f3 de joves i el desenvolupament de plans locals de joventut. <\/p>\n<p>\u201c\u00c9s inadmissible que Valldemossa sigui l\u2019\u00fanic poble de Mallorca que queda fora d\u2019una l\u00ednia d\u2019ajudes tan important per al nostre jovent\u201d, ha declarat Jaume Rosell\u00f3, secretari general del PSIB-PSOE Valldemossa. \u201cAquesta deixadesa no \u00e9s un fet puntual, sin\u00f3 una mostra m\u00e9s d\u2019una gesti\u00f3 negligent i desconnectada de les necessitats reals del municipi.\u201d<\/p>\n<p>Aix\u00ed, en els darrers mesos, l\u2019Ajuntament tamb\u00e9 ha deixat escapar subvencions destinades a la restauraci\u00f3 de la creu de terme i a la reparaci\u00f3 de la paret i el pati de l\u2019escola vella. \u201cCada subvenci\u00f3 perduda \u00e9s una oportunitat que s\u2019esfuma per millorar el nostre poble\u201d, ha afegit Rosell\u00f3. \u201cMentre altres ajuntaments petits de Mallorca fan la feina i aconsegueixen recursos, aqu\u00ed es perden per pura passivitat. El jovent de Valldemossa mereix molt m\u00e9s.\u201d<\/p>\n<p>Rosell\u00f3 exigeix explicacions p\u00fabliques immediates i un canvi radical en la manera de gestionar el consistori. \u201cNo \u00e9s possible que l\u2019Ajuntament es gestioni amb aquesta sensaci\u00f3 de passivitat que condemna el municipi a la par\u00e0lisi; el poble est\u00e0 cansat d\u2019excuses. \u00c9s hora de posar-se a fer feina de deb\u00f2\u201d, ha concl\u00f2s Rosell\u00f3.<\/p>\n[\/vc_column_text][\/vc_column][\/vc_row]\n\n\n\n<p><\/p>\n<\/div>","protected":false},"excerpt":{"rendered":"[vc_row][vc_column][vc_column_text] Valldemossa ha estat l\u2019\u00fanic municipi de tota l\u2019illa excl\u00f2s de la convocat\u00f2ria per no haver respost un requeriment administratiu b\u00e0sic dins el termini establert. \u201c\u00c9s absolutament inadmissible que Valldemossa sigui l\u2019\u00fanic poble de Mallorca que queda fora d\u2019una l\u00ednia d\u2019ajudes tan important per al nostre jovent\u201d, ha dit el secretari general de l\u2019Agrupaci\u00f3 Socialista&hellip;","protected":false},"author":3,"featured_media":30077,"comment_status":"closed","ping_status":"closed","sticky":false,"template":"","format":"standard","meta":{"footnotes":""},"categories":[2,1,90,92],"tags":[589,218,362,105,590,226,84,460,351,581],"class_list":["post-30566","post","type-post","status-publish","format-standard","has-post-thumbnail","hentry","category-federacio-de-mallorca","category-federacio-de-mallorca-portada","category-municipis","category-portada","tag-agrupacio-socialista-de-valldemossa","tag-amanda-fernandez","tag-ares-fernandez","tag-catalina-cladera","tag-jaume-x-rossello","tag-javier-de-juan","tag-psib-psoe","tag-teresa-suarez","tag-tolo-aguilar","tag-xisco-dalmau"],"_links":{"self":[{"href":"https:\/\/www.psib-psoe.org\/mallorca\/wp-json\/wp\/v2\/posts\/30566"}],"collection":[{"href":"https:\/\/www.psib-psoe.org\/mallorca\/wp-json\/wp\/v2\/posts"}],"about":[{"href":"https:\/\/www.psib-psoe.org\/mallorca\/wp-json\/wp\/v2\/types\/post"}],"author":[{"embeddable":true,"href":"https:\/\/www.psib-psoe.org\/mallorca\/wp-json\/wp\/v2\/users\/3"}],"replies":[{"embeddable":true,"href":"https:\/\/www.psib-psoe.org\/mallorca\/wp-json\/wp\/v2\/comments?post=30566"}],"version-history":[{"count":1,"href":"https:\/\/www.psib-psoe.org\/mallorca\/wp-json\/wp\/v2\/posts\/30566\/revisions"}],"predecessor-version":[{"id":30567,"href":"https:\/\/www.psib-psoe.org\/mallorca\/wp-json\/wp\/v2\/posts\/30566\/revisions\/30567"}],"wp:featuredmedia":[{"embeddable":true,"href":"https:\/\/www.psib-psoe.org\/mallorca\/wp-json\/wp\/v2\/media\/30077"}],"wp:attachment":[{"href":"https:\/\/www.psib-psoe.org\/mallorca\/wp-json\/wp\/v2\/media?parent=30566"}],"wp:term":[{"taxonomy":"category","embeddable":true,"href":"https:\/\/www.psib-psoe.org\/mallorca\/wp-json\/wp\/v2\/categories?post=30566"},{"taxonomy":"post_tag","embeddable":true,"href":"https:\/\/www.psib-psoe.org\/mallorca\/wp-json\/wp\/v2\/tags?post=30566"}],"curies":[{"name":"wp","href":"https:\/\/api.w.org\/{rel}","templated":true}]}}