{"id":30568,"date":"2025-10-28T15:59:39","date_gmt":"2025-10-28T13:59:39","guid":{"rendered":"https:\/\/www.psib-psoe.org\/mallorca\/?p=30568"},"modified":"2025-10-28T15:59:51","modified_gmt":"2025-10-28T13:59:51","slug":"el-grup-socialista-exigeix-a-galmes-la-destitucio-del-conseller-de-turisme-despres-duna-compareixenca-que-confirma-una-gestio-incompetent-del-turisme-de-mallorca","status":"publish","type":"post","link":"https:\/\/www.psib-psoe.org\/mallorca\/el-grup-socialista-exigeix-a-galmes-la-destitucio-del-conseller-de-turisme-despres-duna-compareixenca-que-confirma-una-gestio-incompetent-del-turisme-de-mallorca\/","title":{"rendered":"El Grup Socialista exigeix a Galm\u00e9s la destituci\u00f3 del conseller de Turisme despr\u00e9s d\u2019una compareixen\u00e7a que confirma \u201cuna gesti\u00f3 incompetent\u201d del Turisme de Mallorca."},"content":{"rendered":"<div class=\"wpb-content-wrapper\">\n<figure class=\"wp-block-image size-full is-resized is-style-default\"><img loading=\"lazy\" decoding=\"async\" width=\"1024\" height=\"768\" src=\"https:\/\/www.psib-psoe.org\/mallorca\/wp-content\/uploads\/Grup-ple-Marcial-281025.jpeg\" alt=\"\" class=\"wp-image-30569\" style=\"width:788px;height:auto\" srcset=\"https:\/\/www.psib-psoe.org\/mallorca\/wp-content\/uploads\/Grup-ple-Marcial-281025.jpeg 1024w, https:\/\/www.psib-psoe.org\/mallorca\/wp-content\/uploads\/Grup-ple-Marcial-281025-300x225.jpeg 300w, https:\/\/www.psib-psoe.org\/mallorca\/wp-content\/uploads\/Grup-ple-Marcial-281025-768x576.jpeg 768w, https:\/\/www.psib-psoe.org\/mallorca\/wp-content\/uploads\/Grup-ple-Marcial-281025-150x113.jpeg 150w, https:\/\/www.psib-psoe.org\/mallorca\/wp-content\/uploads\/Grup-ple-Marcial-281025-600x450.jpeg 600w, https:\/\/www.psib-psoe.org\/mallorca\/wp-content\/uploads\/Grup-ple-Marcial-281025-900x675.jpeg 900w, https:\/\/www.psib-psoe.org\/mallorca\/wp-content\/uploads\/Grup-ple-Marcial-281025-20x16.jpeg 20w\" sizes=\"(max-width: 1024px) 100vw, 1024px\" \/><\/figure>\n\n\n[vc_row][vc_column][vc_column_text]\n<p><em><u> El Grup Socialista ha for\u00e7at la compareixen\u00e7a del conseller de Turisme, Jos\u00e9 Marcial Rodr\u00edguez, per exigir comptes davant les reiterades abs\u00e8ncies i la manca d\u2019informaci\u00f3 i resultats sobre la seva gesti\u00f3. La portaveu del Grup, Catalina Cladera, ha qualificat Rodr\u00edguez com a \u201cun conseller perdut, sense programa, sense equip, sense rumb i sense suport.\u201d Cladera ha assenyalat que la compareixen\u00e7a s\u2019ha produ\u00eft nom\u00e9s perqu\u00e8 l\u2019han obligat. La manca d\u2019arguments en la compareixen\u00e7a ha portat Cladera a reclamar Galm\u00e9s la destituci\u00f3 del conseller de Turisme, per la \u201cincompet\u00e8ncia\u201d en la gesti\u00f3 que ha culminat en la triple anul\u00b7laci\u00f3 del procediment d\u2019adjudicaci\u00f3 de 1.500 places tur\u00edstiques.<br \/>\n   <\/u><\/em><\/p>\n[\/vc_column_text][\/vc_column][\/vc_row]\n\n\n[vc_row][vc_column][vc_column_text]\n<p>La portaveu Catalina Cladera acusa Jos\u00e9 Marcial Rodr\u00edguez \u201cd\u2019opacitat, inacci\u00f3 i d\u2019obrir noves places tur\u00edstiques malgrat les demandes ciutadanes de posar l\u00edmits al turisme\u201d, en relaci\u00f3 a la posada en marxa d\u2019una convocat\u00f2ria de noves places tur\u00edstiques, la gesti\u00f3 de la qual ha demostrat \u201cla incompet\u00e8ncia del conseller de Turisme\u201d, per  que ha hagut de ser anul\u00b7lades despr\u00e9s de tres intents infructuosos de fer l\u2019adjudicaci\u00f3. <\/p>\n<p>Segons el Grup Socialista, la pol\u00edtica tur\u00edstica del Consell ha estat marcada per l\u2019opacitat i la contradicci\u00f3 respecte a la mateixa ret\u00f2rica de sostenibilitat. Cladera ha denunciat que \u201chan fet anuncis de sostenibilitat i contenci\u00f3 que s&#8217;han convertit en tot el contrari; han mentit als ciutadans.\u201d En lloc d\u2019aplicar mesures de contenci\u00f3 o decreixement, el Consell ha autoritzat 1.570 noves places tur\u00edstiques i ha tombat la morat\u00f2ria vigent, cosa que, segons el Grup, suposa \u201cm\u00e9s creixement\u201d i m\u00e9s pressi\u00f3 sobre l\u2019illa. Cladera ha criticat que aquest increment de places, en plena onada de preocupaci\u00f3 ciutadana per la massificaci\u00f3 tur\u00edstica es faci sense que s\u2019hagi encarregat l\u2019anunciat estudi de c\u00e0rrega tur\u00edstica de Mallorca, i que tampoc s\u2019hagi avan\u00e7at en dos anys en la modificaci\u00f3 del PIAT, el Pla d\u2019Intervenci\u00f3 en \u00c0mbits Tur\u00edstics, que \u00e9s el mecanisme legal necessari a on s\u2019hauria de consignar la reducci\u00f3 de places tur\u00edstiques, en el cas que l\u2019equip de govern PPVox tingu\u00e9s la intenci\u00f3 de dur-la a terme.  <\/p>\n<p>La portaveu del Grup Socialista ha exigit, sense resposta de Rodr\u00edguez,  dades concretes sobre l\u2019actuaci\u00f3 contra l\u2019oferta il\u00b7legal, ja que, exposen, la lluita contra pisos i anuncis il\u00b7legals ha estat un frac\u00e0s. La manca de transpar\u00e8ncia ha estat un altre dels punts de cr\u00edtica sobre la gesti\u00f3 del Turisme de Mallorca. Davant aquesta reiterada manca d\u2019informaci\u00f3, Cladera ha preguntat directament \u201cquants pisos il\u00b7legals s\u2019han inspeccionat, sancionat i clausurat, amb les compet\u00e8ncies que pot exercir el departament de Turisme del Consell de Mallorca\u201d i ha criticat l\u2019acord signat amb plataformes com Airbnb, que es ven com un avan\u00e7 quan encara \u00e9s \u201cmenys exigent que la normativa vigent\u201d. <\/p>\n<p>Per Cladera, la conseq\u00fc\u00e8ncia que extreu de tanta incompet\u00e8ncia i anuncis buits de contingut \u00e9s que \u201cen realitat no tenen cap intenci\u00f3 real de reduir la promoci\u00f3 tur\u00edstica; amplien el pressupost i continuen promocionant l&#8217;oferta massiva.\u201d Aix\u00ed queda demostrat despr\u00e9s que la Fundaci\u00f3 Mallorca Turisme hagi incrementat el seu pressupost en 7,5 milions d\u2019euros provinents de l\u2019ITS, que es destinen \u00edntegrament a fer promoci\u00f3, i publicitat de la destinaci\u00f3 tur\u00edstica Mallorca als aeroports. <\/p>\n<p>En la seva intervenci\u00f3, Cladera ha demanat que el President del Consell expliqui per qu\u00e8 mant\u00e9 al c\u00e0rrec un conseller q\u00fcestionat pel sector, pels funcionaris i per la seva pr\u00f2pia organitzaci\u00f3, \u201csigui valent i destitueixi Rodr\u00edguez, el conseller que ja no hauria de ser conseller\u201d. <\/p>\n[\/vc_column_text][\/vc_column][\/vc_row]\n\n\n\n<figure class=\"wp-block-audio\"><audio controls src=\"https:\/\/www.psib-psoe.org\/mallorca\/wp-content\/uploads\/281025_Catalina-Cladera-compareixenca-Rodriguez.mp3\"><\/audio><\/figure>\n<\/div>","protected":false},"excerpt":{"rendered":"[vc_row][vc_column][vc_column_text] El Grup Socialista ha for\u00e7at la compareixen\u00e7a del conseller de Turisme, Jos\u00e9 Marcial Rodr\u00edguez, per exigir comptes davant les reiterades abs\u00e8ncies i la manca d\u2019informaci\u00f3 i resultats sobre la seva gesti\u00f3. La portaveu del Grup, Catalina Cladera, ha qualificat Rodr\u00edguez com a \u201cun conseller perdut, sense programa, sense equip, sense rumb i sense suport.\u201d&hellip;","protected":false},"author":3,"featured_media":30569,"comment_status":"closed","ping_status":"closed","sticky":false,"template":"","format":"standard","meta":{"footnotes":""},"categories":[2,1,90,92],"tags":[218,343,362,447,546,105,83,77,483,639,504,84,296],"class_list":["post-30568","post","type-post","status-publish","format-standard","has-post-thumbnail","hentry","category-federacio-de-mallorca","category-federacio-de-mallorca-portada","category-municipis","category-portada","tag-amanda-fernandez","tag-andreu-serra","tag-ares-fernandez","tag-bea-gamundi","tag-biel-alomar","tag-catalina-cladera","tag-consell-de-mallorca","tag-federacio-socialista-de-mallorca","tag-joan-ferrer","tag-joan-mendez-2","tag-juana-m-adrover","tag-psib-psoe","tag-sofia-alonso"],"_links":{"self":[{"href":"https:\/\/www.psib-psoe.org\/mallorca\/wp-json\/wp\/v2\/posts\/30568"}],"collection":[{"href":"https:\/\/www.psib-psoe.org\/mallorca\/wp-json\/wp\/v2\/posts"}],"about":[{"href":"https:\/\/www.psib-psoe.org\/mallorca\/wp-json\/wp\/v2\/types\/post"}],"author":[{"embeddable":true,"href":"https:\/\/www.psib-psoe.org\/mallorca\/wp-json\/wp\/v2\/users\/3"}],"replies":[{"embeddable":true,"href":"https:\/\/www.psib-psoe.org\/mallorca\/wp-json\/wp\/v2\/comments?post=30568"}],"version-history":[{"count":1,"href":"https:\/\/www.psib-psoe.org\/mallorca\/wp-json\/wp\/v2\/posts\/30568\/revisions"}],"predecessor-version":[{"id":30571,"href":"https:\/\/www.psib-psoe.org\/mallorca\/wp-json\/wp\/v2\/posts\/30568\/revisions\/30571"}],"wp:featuredmedia":[{"embeddable":true,"href":"https:\/\/www.psib-psoe.org\/mallorca\/wp-json\/wp\/v2\/media\/30569"}],"wp:attachment":[{"href":"https:\/\/www.psib-psoe.org\/mallorca\/wp-json\/wp\/v2\/media?parent=30568"}],"wp:term":[{"taxonomy":"category","embeddable":true,"href":"https:\/\/www.psib-psoe.org\/mallorca\/wp-json\/wp\/v2\/categories?post=30568"},{"taxonomy":"post_tag","embeddable":true,"href":"https:\/\/www.psib-psoe.org\/mallorca\/wp-json\/wp\/v2\/tags?post=30568"}],"curies":[{"name":"wp","href":"https:\/\/api.w.org\/{rel}","templated":true}]}}