{"id":30572,"date":"2025-10-28T20:30:29","date_gmt":"2025-10-28T18:30:29","guid":{"rendered":"https:\/\/www.psib-psoe.org\/mallorca\/?p=30572"},"modified":"2025-10-28T20:30:40","modified_gmt":"2025-10-28T18:30:40","slug":"els-socialistes-de-mallorca-reclamen-a-soller-la-proteccio-de-la-serra-de-tramuntana-davant-lamenaca-de-les-politiques-especulatives-del-pp","status":"publish","type":"post","link":"https:\/\/www.psib-psoe.org\/mallorca\/els-socialistes-de-mallorca-reclamen-a-soller-la-proteccio-de-la-serra-de-tramuntana-davant-lamenaca-de-les-politiques-especulatives-del-pp\/","title":{"rendered":"Els Socialistes de Mallorca reclamen a S\u00f3ller la protecci\u00f3 de la Serra de Tramuntana davant l\u2019amena\u00e7a de les pol\u00edtiques especulatives del PP."},"content":{"rendered":"<div class=\"wpb-content-wrapper\">\n<figure class=\"wp-block-image size-full is-resized is-style-default\"><img loading=\"lazy\" decoding=\"async\" width=\"2560\" height=\"1920\" src=\"https:\/\/www.psib-psoe.org\/mallorca\/wp-content\/uploads\/Soller-1-scaled.jpeg\" alt=\"\" class=\"wp-image-30573\" style=\"width:788px;height:auto\" srcset=\"https:\/\/www.psib-psoe.org\/mallorca\/wp-content\/uploads\/Soller-1-scaled.jpeg 2560w, https:\/\/www.psib-psoe.org\/mallorca\/wp-content\/uploads\/Soller-1-300x225.jpeg 300w, https:\/\/www.psib-psoe.org\/mallorca\/wp-content\/uploads\/Soller-1-1024x768.jpeg 1024w, https:\/\/www.psib-psoe.org\/mallorca\/wp-content\/uploads\/Soller-1-768x576.jpeg 768w, https:\/\/www.psib-psoe.org\/mallorca\/wp-content\/uploads\/Soller-1-1536x1152.jpeg 1536w, https:\/\/www.psib-psoe.org\/mallorca\/wp-content\/uploads\/Soller-1-2048x1536.jpeg 2048w, https:\/\/www.psib-psoe.org\/mallorca\/wp-content\/uploads\/Soller-1-150x113.jpeg 150w, https:\/\/www.psib-psoe.org\/mallorca\/wp-content\/uploads\/Soller-1-600x450.jpeg 600w, https:\/\/www.psib-psoe.org\/mallorca\/wp-content\/uploads\/Soller-1-900x675.jpeg 900w, https:\/\/www.psib-psoe.org\/mallorca\/wp-content\/uploads\/Soller-1-20x16.jpeg 20w\" sizes=\"(max-width: 2560px) 100vw, 2560px\" \/><\/figure>\n\n\n[vc_row][vc_column][vc_column_text]\n<p><em><u> Batles i regidors socialistes dels municipis de la Serra es concentren a S\u00f3ller per alertar que les lleis de projectes estrat\u00e8gics del PP posen en risc la declaraci\u00f3 de Patrimoni Mundial de la UNESCO. \u201cLa Serra de Tramuntana est\u00e0 en perill\u201d, ha alertat la secret\u00e0ria general, Amanda Fern\u00e0ndez. La portaveu del Grup Socialista al Consell de Mallorca, Catalina Cladera ha exigit que la instituci\u00f3 aprovi d\u2019una vegada el projecte de llei de la Serra, que fa m\u00e9s de 10 mesos que est\u00e0 en tr\u00e0mit inicial. El portaveu del Gruo Municipal Socialista a S\u00f3ller, Jaume Mateu ha reivindicat la protecci\u00f3 de la Serra sota el paraig\u00fces de la declaraci\u00f3 de Patrimoni de la UNESCO, per a no expulsar les persones que viuen i treballen di\u00e0riament a municipis de la Serra. <\/p>\n<p>   <\/u><\/em><\/p>\n[\/vc_column_text][\/vc_column][\/vc_row]\n\n\n[vc_row][vc_column][vc_column_text]\n<p>Batles i regidors socialistes dels municipis de la Serra de Tramuntana s\u2019han reunit avui a S\u00f3ller per reclamar la protecci\u00f3 d\u2019aquest espai emblem\u00e0tic davant el risc que les pol\u00edtiques especulatives impulsades pel Partit Popular, especialment a trav\u00e9s de les lleis de projectes estrat\u00e8gics, puguin posar en perill la seva declaraci\u00f3 com a Patrimoni Mundial de la UNESCO.<\/p>\n<p>La secret\u00e0ria general de la Federaci\u00f3 Socialista de Mallorca, Amanda Fern\u00e0ndez ha denunciat que \u201cla Serra de Tramuntana est\u00e0 m\u00e9s en perill que mai\u201d, tal i com la coneixem, per l\u2019obsessi\u00f3 que t\u00e9 el PP de fer negoci de tot, tamb\u00e9 d\u2019un patrimoni mundial de la UNESCO.\u201d Ha remarcat que \u201cla desregulaci\u00f3 urban\u00edstica, l\u2019amnistia a construccions il\u00b7legals en s\u00f2l r\u00fastic i l\u2019increment de places tur\u00edstiques estan generant una pressi\u00f3 insostenible sobre el territori i els municipis de la Serra\u201d.<\/p>\n<p>Fern\u00e0ndez ha recordat que \u201cel PP en dos anys ha amnistiat les construccions en sol r\u00fastic, hi permeten construir i incrementen places tur\u00edstiques que incrementen la massificaci\u00f3 a municipis com S\u00f3ller\u201d. Fern\u00e0ndez s\u2019ha referit al \u201csilenci escandal\u00f3s de Galm\u00e9s\u201d davant d\u2019aquest atac a la Serra, quan des del Consell \u201chauria de ser el seu major defensor\u201d.  <\/p>\n<p>Davant aquest escenari, la socialista ha agra\u00eft la \u201cpassa valenta\u201d que ha fet el GOB, per la den\u00fancia presentada davant ICOMOS, i ha fet una crida a la mobilitzaci\u00f3 ciutadana, apel\u00b7lant a la mem\u00f2ria col\u00b7lectiva: \u201c\u00c9s hora de tornar al \u2018qui estima Mallorca la protegeix\u2019.\u201d Ha recordat que sempre que la societat s\u2019ha mobilitzat, s\u2019han aturat projectes urban\u00edstics com els d\u2019Es Guix, Muleta o altres indrets de la Serra. Finalment, Fern\u00e0ndez ha reafirmat el comprom\u00eds del Partit Socialista amb la Serra i amb la seva gent \u201cm\u00e9s ferm que mai; la Serra no es toca.\u201d<\/p>\n<p>La portaveu socialista al Consell de Mallorca, Catalina Cladera, ha acusat Lloren\u00e7 Galm\u00e9s d\u2019haver renunciat a impulsar la Llei de la Serra de Tramuntana, tot i haver-se trobat un projecte de llei redactat durant la passada legislatura. \u201cGalm\u00e9s ha iniciat el proc\u00e9s fa mesos, ha simulat un proc\u00e9s de participaci\u00f3, per\u00f2 encara no ha mostrat la llei a ning\u00fa\u201d. Denuncia la manca de transpar\u00e8ncia, la paralitzaci\u00f3 del projecte i la submissi\u00f3 del Consell de Mallorca als interessos especulatius del Govern de Prohens, que prioritzen els lobbis per damunt de la conservaci\u00f3 d\u2019aquest patrimoni de la UNESCO. Cladera tem que aquesta legislatura \u201cno hi haur\u00e0 llei per la Serra, fet que posa en risc la seva protecci\u00f3\u201d. \u201cGalm\u00e9s est\u00e0 atrapat per que Prohens fa pol\u00edtiques de desprotecci\u00f3 de la Serra, i ell no sap com ha de tirar endavant aquesta llei\u201d. Cladera ha fet una crida al consens de tothom per a qu\u00e8 \u201caquesta llei pugui ser aprovada, el m\u00e9s aviat possible al Consell de Mallorca\u201d.  <\/p>\n<p>El portaveu del Grup Municipal Socialista a S\u00f3ller, Jaume Mateu ha reivindicat la necessitat de mantenir la condici\u00f3 de Patrimoni de la UNESCO per a tota la zona de la Tramuntana, per que \u201cper desgr\u00e0cia les persones que vivim a la Serra cada vegada tenim m\u00e9s dif\u00edcil fer-ho, per que tenim saturaci\u00f3 a les carreteres, dificultats per accedir a un habitatge i una pressi\u00f3 tur\u00edstica cada vegada m\u00e9s creixent\u201d. Mateu ha lamentat que les \u201cpol\u00edtiques del PP que fomenten l\u2019especulaci\u00f3 i la massificaci\u00f3 el que estan fent \u00e9s expulsar la poblaci\u00f3 cap a altres bandes\u201d. <\/p>\n[\/vc_column_text][\/vc_column][\/vc_row]\n\n\n\n<figure class=\"wp-block-audio\"><audio controls src=\"https:\/\/www.psib-psoe.org\/mallorca\/wp-content\/uploads\/Amanda-Serra.mp3\"><\/audio><\/figure>\n\n\n\n<p><\/p>\n\n\n\n<figure class=\"wp-block-audio\"><audio controls src=\"https:\/\/www.psib-psoe.org\/mallorca\/wp-content\/uploads\/Catalina-Serra.mp3\"><\/audio><\/figure>\n\n\n\n<figure class=\"wp-block-audio\"><audio controls src=\"https:\/\/www.psib-psoe.org\/mallorca\/wp-content\/uploads\/Mateu-Serra.mp3\"><\/audio><\/figure>\n<\/div>","protected":false},"excerpt":{"rendered":"[vc_row][vc_column][vc_column_text] Batles i regidors socialistes dels municipis de la Serra es concentren a S\u00f3ller per alertar que les lleis de projectes estrat\u00e8gics del PP posen en risc la declaraci\u00f3 de Patrimoni Mundial de la UNESCO. \u201cLa Serra de Tramuntana est\u00e0 en perill\u201d, ha alertat la secret\u00e0ria general, Amanda Fern\u00e0ndez. La portaveu del Grup Socialista al&hellip;","protected":false},"author":3,"featured_media":30573,"comment_status":"closed","ping_status":"closed","sticky":false,"template":"","format":"standard","meta":{"footnotes":""},"categories":[2,1,90,92],"tags":[218,343,362,105,83,186,639,84,296,581],"class_list":["post-30572","post","type-post","status-publish","format-standard","has-post-thumbnail","hentry","category-federacio-de-mallorca","category-federacio-de-mallorca-portada","category-municipis","category-portada","tag-amanda-fernandez","tag-andreu-serra","tag-ares-fernandez","tag-catalina-cladera","tag-consell-de-mallorca","tag-jaume-mateu","tag-joan-mendez-2","tag-psib-psoe","tag-sofia-alonso","tag-xisco-dalmau"],"_links":{"self":[{"href":"https:\/\/www.psib-psoe.org\/mallorca\/wp-json\/wp\/v2\/posts\/30572"}],"collection":[{"href":"https:\/\/www.psib-psoe.org\/mallorca\/wp-json\/wp\/v2\/posts"}],"about":[{"href":"https:\/\/www.psib-psoe.org\/mallorca\/wp-json\/wp\/v2\/types\/post"}],"author":[{"embeddable":true,"href":"https:\/\/www.psib-psoe.org\/mallorca\/wp-json\/wp\/v2\/users\/3"}],"replies":[{"embeddable":true,"href":"https:\/\/www.psib-psoe.org\/mallorca\/wp-json\/wp\/v2\/comments?post=30572"}],"version-history":[{"count":1,"href":"https:\/\/www.psib-psoe.org\/mallorca\/wp-json\/wp\/v2\/posts\/30572\/revisions"}],"predecessor-version":[{"id":30578,"href":"https:\/\/www.psib-psoe.org\/mallorca\/wp-json\/wp\/v2\/posts\/30572\/revisions\/30578"}],"wp:featuredmedia":[{"embeddable":true,"href":"https:\/\/www.psib-psoe.org\/mallorca\/wp-json\/wp\/v2\/media\/30573"}],"wp:attachment":[{"href":"https:\/\/www.psib-psoe.org\/mallorca\/wp-json\/wp\/v2\/media?parent=30572"}],"wp:term":[{"taxonomy":"category","embeddable":true,"href":"https:\/\/www.psib-psoe.org\/mallorca\/wp-json\/wp\/v2\/categories?post=30572"},{"taxonomy":"post_tag","embeddable":true,"href":"https:\/\/www.psib-psoe.org\/mallorca\/wp-json\/wp\/v2\/tags?post=30572"}],"curies":[{"name":"wp","href":"https:\/\/api.w.org\/{rel}","templated":true}]}}