{"id":30581,"date":"2025-10-29T14:48:07","date_gmt":"2025-10-29T12:48:07","guid":{"rendered":"https:\/\/www.psib-psoe.org\/mallorca\/?p=30581"},"modified":"2025-10-29T14:48:20","modified_gmt":"2025-10-29T12:48:20","slug":"cladera-acusa-galmes-de-practicar-racisme-pur-i-dur-al-consell-de-mallorca-per-demanar-la-repatriacio-de-menors-migrants-tutelats-per-limas-i-exigeix-una-rectificacio-immedi","status":"publish","type":"post","link":"https:\/\/www.psib-psoe.org\/mallorca\/cladera-acusa-galmes-de-practicar-racisme-pur-i-dur-al-consell-de-mallorca-per-demanar-la-repatriacio-de-menors-migrants-tutelats-per-limas-i-exigeix-una-rectificacio-immedi\/","title":{"rendered":"Cladera acusa Galm\u00e9s de practicar \u201cracisme pur i dur\u201d al Consell de Mallorca per demanar la repatriaci\u00f3 de menors migrants tutelats per l\u2019IMAS i exigeix una rectificaci\u00f3 immediata."},"content":{"rendered":"<div class=\"wpb-content-wrapper\">\n<figure class=\"wp-block-image size-full is-resized is-style-default\"><img loading=\"lazy\" decoding=\"async\" width=\"1024\" height=\"768\" src=\"https:\/\/www.psib-psoe.org\/mallorca\/wp-content\/uploads\/Grup-ple-Marcial-281025.jpeg\" alt=\"\" class=\"wp-image-30569\" style=\"width:788px;height:auto\" srcset=\"https:\/\/www.psib-psoe.org\/mallorca\/wp-content\/uploads\/Grup-ple-Marcial-281025.jpeg 1024w, https:\/\/www.psib-psoe.org\/mallorca\/wp-content\/uploads\/Grup-ple-Marcial-281025-300x225.jpeg 300w, https:\/\/www.psib-psoe.org\/mallorca\/wp-content\/uploads\/Grup-ple-Marcial-281025-768x576.jpeg 768w, https:\/\/www.psib-psoe.org\/mallorca\/wp-content\/uploads\/Grup-ple-Marcial-281025-150x113.jpeg 150w, https:\/\/www.psib-psoe.org\/mallorca\/wp-content\/uploads\/Grup-ple-Marcial-281025-600x450.jpeg 600w, https:\/\/www.psib-psoe.org\/mallorca\/wp-content\/uploads\/Grup-ple-Marcial-281025-900x675.jpeg 900w, https:\/\/www.psib-psoe.org\/mallorca\/wp-content\/uploads\/Grup-ple-Marcial-281025-20x16.jpeg 20w\" sizes=\"(max-width: 1024px) 100vw, 1024px\" \/><\/figure>\n\n\n[vc_row][vc_column][vc_column_text]\n<p><em><u> La portaveu del Grup Socialista al Consell de Mallorca, Catalina Cladera, ha carregat durament contra el president del Consell, Lloren\u00e7 Galm\u00e9s, i el de l\u2019Institut Mallorqu\u00ed d\u2019Afers Socials, Guillermo S\u00e1nchez despr\u00e9s que ambd\u00f3s hagin signat una carta dirigida al Ministeri d&#8217;Inclusi\u00f3, Seguretat Social i Migracions del Govern d\u2019Espanya, sol\u00b7licitant la repatriaci\u00f3 dels 300 menors migrants no acompanyats que es troben sota tutela de l\u2019IMAS. Cladera ha exigit una \u201crectificaci\u00f3 immediata\u201d en la petici\u00f3 del Consell i de l\u2019IMAS, per que \u201cel poble de Mallorca no ha estat mai, ni ser\u00e0 racista\u201d.<br \/>\n   <\/u><\/em><\/p>\n[\/vc_column_text][\/vc_column][\/vc_row]\n\n\n[vc_row][vc_column][vc_column_text]\n<p>Cladera ha qualificat l\u2019actuaci\u00f3 de Galm\u00e9s com a \u201cracisme, pur i dur; no t\u00e9 altre nom.\u201d\u201d i ha assegurat que demanar la repatriaci\u00f3 de menors vulnerables tutelats a Mallorca \u201cpassa totes les l\u00ednies vermelles en la defensa dels Drets Humans i de la Inf\u00e0ncia per un president del Consell de Mallorca\u201d. La portaveu socialista ha lamentat que \u201cmai m\u2019hauria pensat veure el president de Mallorca fent aquesta demanda\u201d, i ha atribu\u00eft la iniciativa a una \u201cderiva cap a l\u2019extrema dreta\u201d del president insular, per satisfer l\u2019ideari dels socis ultres de Vox, en el govern del Consell. De fet, per Cladera, \u201cGalm\u00e9s ja ha avan\u00e7at per la dreta als seus ultres que t\u00e9 asseguts en el govern\u201d. <\/p>\n<p>Des del Grup Socialista al Consell de Mallorca, Cladera ha condemnat taxativament l\u2019actitud de Galm\u00e9s i Guillermo S\u00e1nchez per que torna a incidir en all\u00f2 que ha caracteritzat al Partit Popular a Mallorca durant els darrers anys, tant des de l\u2019oposici\u00f3 al Consell, com ara en el govern: la instrumentalitzaci\u00f3 pol\u00edtica de les vides dels menors a c\u00e0rrec de l\u2019IMAS.<\/p>\n<p>Per aix\u00f2 Cladera exigeix Galm\u00e9s i S\u00e1nchez que \u201crectifiquin\u201d, i que facin enrere la decisi\u00f3 de demanar la repatriaci\u00f3 de menors vulnerables, \u201cper que el Consell de Mallorca representa al poble de Mallorca, i no es pot expressar en aquests termes racistes, excloents, xen\u00f2fobs i contraris a les cartes universals dels Drets Humans i dels Drets de la Inf\u00e0ncia&#8221;, i molt manco simplement per un inter\u00e8s estrat\u00e8gic purament partidista per congraciar-se amb l\u2019ultra dreta de Vox. <\/p>\n<p>\u201cRealment al senyor Galm\u00e9s li importen poc els menors no acompanyats; simplement els fa servir per anar en contra del govern d\u2019Espanya\u201d. La portaveu socialista ha sortit al pas de les afirmacions de Galm\u00e9s i S\u00e1nchez sobre la mancan\u00e7a de recursos per atendre a Mallorca als menors no acompanyats: \u201csi no t\u00e9 m\u00e9s capacitat \u00e9s perqu\u00e8 no vol, perqu\u00e8 no ho ha planificat, perqu\u00e8 no ha volgut assumir, perqu\u00e8 recursos en t\u00e9\u201d.<\/p>\n[\/vc_column_text][\/vc_column][\/vc_row]\n\n\n\n<figure class=\"wp-block-audio\"><audio controls src=\"https:\/\/www.psib-psoe.org\/mallorca\/wp-content\/uploads\/291025-Cladera-racisme.mp3\"><\/audio><\/figure>\n<\/div>","protected":false},"excerpt":{"rendered":"[vc_row][vc_column][vc_column_text] La portaveu del Grup Socialista al Consell de Mallorca, Catalina Cladera, ha carregat durament contra el president del Consell, Lloren\u00e7 Galm\u00e9s, i el de l\u2019Institut Mallorqu\u00ed d\u2019Afers Socials, Guillermo S\u00e1nchez despr\u00e9s que ambd\u00f3s hagin signat una carta dirigida al Ministeri d'Inclusi\u00f3, Seguretat Social i Migracions del Govern d\u2019Espanya, sol\u00b7licitant la repatriaci\u00f3 dels 300 menors&hellip;","protected":false},"author":3,"featured_media":30569,"comment_status":"closed","ping_status":"closed","sticky":false,"template":"","format":"standard","meta":{"footnotes":""},"categories":[2,1,90,92],"tags":[218,343,362,447,546,105,83,77,483,639,504,84,296],"class_list":["post-30581","post","type-post","status-publish","format-standard","has-post-thumbnail","hentry","category-federacio-de-mallorca","category-federacio-de-mallorca-portada","category-municipis","category-portada","tag-amanda-fernandez","tag-andreu-serra","tag-ares-fernandez","tag-bea-gamundi","tag-biel-alomar","tag-catalina-cladera","tag-consell-de-mallorca","tag-federacio-socialista-de-mallorca","tag-joan-ferrer","tag-joan-mendez-2","tag-juana-m-adrover","tag-psib-psoe","tag-sofia-alonso"],"_links":{"self":[{"href":"https:\/\/www.psib-psoe.org\/mallorca\/wp-json\/wp\/v2\/posts\/30581"}],"collection":[{"href":"https:\/\/www.psib-psoe.org\/mallorca\/wp-json\/wp\/v2\/posts"}],"about":[{"href":"https:\/\/www.psib-psoe.org\/mallorca\/wp-json\/wp\/v2\/types\/post"}],"author":[{"embeddable":true,"href":"https:\/\/www.psib-psoe.org\/mallorca\/wp-json\/wp\/v2\/users\/3"}],"replies":[{"embeddable":true,"href":"https:\/\/www.psib-psoe.org\/mallorca\/wp-json\/wp\/v2\/comments?post=30581"}],"version-history":[{"count":1,"href":"https:\/\/www.psib-psoe.org\/mallorca\/wp-json\/wp\/v2\/posts\/30581\/revisions"}],"predecessor-version":[{"id":30583,"href":"https:\/\/www.psib-psoe.org\/mallorca\/wp-json\/wp\/v2\/posts\/30581\/revisions\/30583"}],"wp:featuredmedia":[{"embeddable":true,"href":"https:\/\/www.psib-psoe.org\/mallorca\/wp-json\/wp\/v2\/media\/30569"}],"wp:attachment":[{"href":"https:\/\/www.psib-psoe.org\/mallorca\/wp-json\/wp\/v2\/media?parent=30581"}],"wp:term":[{"taxonomy":"category","embeddable":true,"href":"https:\/\/www.psib-psoe.org\/mallorca\/wp-json\/wp\/v2\/categories?post=30581"},{"taxonomy":"post_tag","embeddable":true,"href":"https:\/\/www.psib-psoe.org\/mallorca\/wp-json\/wp\/v2\/tags?post=30581"}],"curies":[{"name":"wp","href":"https:\/\/api.w.org\/{rel}","templated":true}]}}