{"id":30639,"date":"2025-11-13T11:21:45","date_gmt":"2025-11-13T09:21:45","guid":{"rendered":"https:\/\/www.psib-psoe.org\/mallorca\/?p=30639"},"modified":"2025-11-13T11:21:56","modified_gmt":"2025-11-13T09:21:56","slug":"loposicio-al-consell-de-mallorca-suneix-per-reivindicar-el-25n-davant-el-bloqueig-de-pp-i-vox","status":"publish","type":"post","link":"https:\/\/www.psib-psoe.org\/mallorca\/loposicio-al-consell-de-mallorca-suneix-per-reivindicar-el-25n-davant-el-bloqueig-de-pp-i-vox\/","title":{"rendered":"L\u2019oposici\u00f3 al Consell de Mallorca s\u2019uneix per reivindicar el 25N davant el bloqueig de PP i Vox."},"content":{"rendered":"<div class=\"wpb-content-wrapper\">\n<figure class=\"wp-block-image size-full is-resized is-style-default\"><img loading=\"lazy\" decoding=\"async\" width=\"1600\" height=\"1066\" src=\"https:\/\/www.psib-psoe.org\/mallorca\/wp-content\/uploads\/Manifest-conjunt-25N-3.jpeg\" alt=\"\" class=\"wp-image-30640\" style=\"width:788px;height:auto\" srcset=\"https:\/\/www.psib-psoe.org\/mallorca\/wp-content\/uploads\/Manifest-conjunt-25N-3.jpeg 1600w, https:\/\/www.psib-psoe.org\/mallorca\/wp-content\/uploads\/Manifest-conjunt-25N-3-300x200.jpeg 300w, https:\/\/www.psib-psoe.org\/mallorca\/wp-content\/uploads\/Manifest-conjunt-25N-3-1024x682.jpeg 1024w, https:\/\/www.psib-psoe.org\/mallorca\/wp-content\/uploads\/Manifest-conjunt-25N-3-768x512.jpeg 768w, https:\/\/www.psib-psoe.org\/mallorca\/wp-content\/uploads\/Manifest-conjunt-25N-3-1536x1023.jpeg 1536w, https:\/\/www.psib-psoe.org\/mallorca\/wp-content\/uploads\/Manifest-conjunt-25N-3-150x100.jpeg 150w, https:\/\/www.psib-psoe.org\/mallorca\/wp-content\/uploads\/Manifest-conjunt-25N-3-600x400.jpeg 600w, https:\/\/www.psib-psoe.org\/mallorca\/wp-content\/uploads\/Manifest-conjunt-25N-3-900x600.jpeg 900w, https:\/\/www.psib-psoe.org\/mallorca\/wp-content\/uploads\/Manifest-conjunt-25N-3-20x13.jpeg 20w\" sizes=\"(max-width: 1600px) 100vw, 1600px\" \/><\/figure>\n\n\n[vc_row][vc_column][vc_column_text]\n<p><em><u> PSIB-PSOE, M\u00c9S per Mallorca i El Pi llegeixen un manifest conjunt per denunciar la viol\u00e8ncia masclista i la par\u00e0lisi institucional del Consell<br \/>\n[\/vc_column_text][\/vc_column][\/vc_row]\n\n\n[vc_row][vc_column][vc_column_text]\n<p>Els grups PSIB-PSOE, M\u00c9S per Mallorca i El Pi al Consell de Mallorca han fet avui una lectura conjunta del manifest del 25N, Dia Internacional per a l\u2019Eliminaci\u00f3 de la Viol\u00e8ncia contra les Dones, davant la impossibilitat de fer una declaraci\u00f3 institucional a causa del bloqueig sistem\u00e0tic i continuat de la ultradreta, formada per Vox i el silenci c\u00f2mplice del Partit Popular.<\/p>\n<p>L\u2019acte, celebrat al vest\u00edbul del Consell, ha servit per reivindicar el comprom\u00eds feminista i institucional de les tres formacions davant l\u2019intent de retroc\u00e9s en mat\u00e8ria d\u2019igualtat impulsat pel govern insular.<\/p>\n<p>El manifest \u2014consensuat pels tres grups\u2014 ha recordat que la viol\u00e8ncia masclista \u201ccontinua sent una de les vulneracions de drets humans m\u00e9s esteses i persistents del m\u00f3n\u201d, i ha denunciat l\u2019auge de discursos negacionistes i antifeministes que intenten q\u00fcestionar d\u00e8cades de lluita i aven\u00e7os socials.<\/p>\n<p>\u201cEl bloqueig de PP i Vox \u00e9s una vergonya institucional\u201d<\/p>\n<p>La portaveu del Grup Socialista, Catalina Cladera, ha lamentat que \u201cper segon any consecutiu, el Consell de Mallorca no pot aprovar una declaraci\u00f3 institucional per una q\u00fcesti\u00f3 tan essencial com \u00e9s la lluita contra la viol\u00e8ncia masclista\u201d.<\/p>\n<p>Segons Cladera, \u201cel bloqueig de PP i Vox \u00e9s una vergonya institucional i un insult a totes les v\u00edctimes. El feminisme no \u00e9s una ideologia, \u00e9s una q\u00fcesti\u00f3 de drets humans, i avui, davant el seu silenci, l\u2019oposici\u00f3 ha al\u00e7at la veu per totes les dones de Mallorca\u201d.<\/p>\n<p>\u201cEns reafirmam: el feminisme \u00e9s una trinxera democr\u00e0tica\u201d<\/p>\n<p>La portaveu de M\u00c9S per Mallorca, Catalina In\u00e9s Perell\u00f3, ha remarcat que la lectura del manifest \u201c\u00e9s un acte de dignitat col\u00b7lectiva davant la censura de la dreta i l\u2019extrema dreta\u201d.<br \/>\n\u201cEns reafirmam: el feminisme \u00e9s una trinxera democr\u00e0tica. Davant els discursos d\u2019odi i de desinformaci\u00f3, el que toca \u00e9s m\u00e9s educaci\u00f3, m\u00e9s prevenci\u00f3 i m\u00e9s recursos per a les dones v\u00edctimes de viol\u00e8ncia masclista. No permetrem que el Consell retrocedeixi ni un pas en drets i igualtat\u201d, ha afirmat.<\/p>\n<p>Perell\u00f3 tamb\u00e9 ha reclamat \u201cm\u00e9s dotaci\u00f3 de personal, m\u00e9s suport als ajuntaments i m\u00e9s pres\u00e8ncia institucional en la lluita feminista\u201d, i ha exigit que el govern insular \u201cdesbloquegi la pla\u00e7a de cap de Secci\u00f3 de Viol\u00e8ncies Masclistes, aturada des de fa mesos\u201d.<br \/>\n\u201cAquesta no \u00e9s una q\u00fcesti\u00f3 de colors pol\u00edtics, sin\u00f3 de just\u00edcia i dignitat\u201d.<\/p>\n<p>Per la seva banda, la portaveu d\u2019El Pi, Magdalena Vives, ha destacat que \u201cla lluita contra la viol\u00e8ncia masclista ha de ser una causa comuna\u201d.<br \/>\n\u201cAquesta no \u00e9s una q\u00fcesti\u00f3 de colors pol\u00edtics, sin\u00f3 de just\u00edcia i dignitat. Avui feim front com\u00fa per dir ben clar que no hi ha espai per al negacionisme ni per al silenci c\u00f2mplice\u201d, ha assegurat.<\/p>\n<p>Vives ha remarcat que \u201cels ajuntaments necessiten m\u00e9s suport i recursos del Consell per poder fer front a aquesta realitat des del territori, amb proximitat i coordinaci\u00f3\u201d.<br \/>\nUna Mallorca lliure de viol\u00e8ncies masclistes.<\/p>\n<p>Amb la lectura d\u2019aquest manifest, les tres formacions han volgut posar en evid\u00e8ncia l\u2019a\u00efllament del PP i Vox en aquesta q\u00fcesti\u00f3, i reafirmar el seu comprom\u00eds conjunt amb el Pacte d\u2019Estat contra la Viol\u00e8ncia de G\u00e8nere, amb una mirada eco-feminista, antiracista i decolonial.<br \/>\nEls grups han coincidit que el Consell de Mallorca ha de ser una instituci\u00f3 \u00fatil, valenta i compromesa amb la vida i la igualtat, i han fet una crida a la ciutadania a participar en els actes del 25N i a mantenir viva la lluita feminista davant la regressi\u00f3 i la intoler\u00e0ncia.<\/p>\n[\/vc_column_text][\/vc_column][\/vc_row]\n<\/div>","protected":false},"excerpt":{"rendered":"[vc_row][vc_column][vc_column_text] PSIB-PSOE, M\u00c9S per Mallorca i El Pi llegeixen un manifest conjunt per denunciar la viol\u00e8ncia masclista i la par\u00e0lisi institucional del Consell [\/vc_column_text][\/vc_column][\/vc_row] [vc_row][vc_column][vc_column_text] Els grups PSIB-PSOE, M\u00c9S per Mallorca i El Pi al Consell de Mallorca han fet avui una lectura conjunta del manifest del 25N, Dia Internacional per a l\u2019Eliminaci\u00f3 de la&hellip;","protected":false},"author":3,"featured_media":30640,"comment_status":"closed","ping_status":"closed","sticky":false,"template":"","format":"standard","meta":{"footnotes":""},"categories":[2,1,90,92],"tags":[218,343,362,447,546,105,83,77,483,639,504,84,296],"class_list":["post-30639","post","type-post","status-publish","format-standard","has-post-thumbnail","hentry","category-federacio-de-mallorca","category-federacio-de-mallorca-portada","category-municipis","category-portada","tag-amanda-fernandez","tag-andreu-serra","tag-ares-fernandez","tag-bea-gamundi","tag-biel-alomar","tag-catalina-cladera","tag-consell-de-mallorca","tag-federacio-socialista-de-mallorca","tag-joan-ferrer","tag-joan-mendez-2","tag-juana-m-adrover","tag-psib-psoe","tag-sofia-alonso"],"_links":{"self":[{"href":"https:\/\/www.psib-psoe.org\/mallorca\/wp-json\/wp\/v2\/posts\/30639"}],"collection":[{"href":"https:\/\/www.psib-psoe.org\/mallorca\/wp-json\/wp\/v2\/posts"}],"about":[{"href":"https:\/\/www.psib-psoe.org\/mallorca\/wp-json\/wp\/v2\/types\/post"}],"author":[{"embeddable":true,"href":"https:\/\/www.psib-psoe.org\/mallorca\/wp-json\/wp\/v2\/users\/3"}],"replies":[{"embeddable":true,"href":"https:\/\/www.psib-psoe.org\/mallorca\/wp-json\/wp\/v2\/comments?post=30639"}],"version-history":[{"count":1,"href":"https:\/\/www.psib-psoe.org\/mallorca\/wp-json\/wp\/v2\/posts\/30639\/revisions"}],"predecessor-version":[{"id":30641,"href":"https:\/\/www.psib-psoe.org\/mallorca\/wp-json\/wp\/v2\/posts\/30639\/revisions\/30641"}],"wp:featuredmedia":[{"embeddable":true,"href":"https:\/\/www.psib-psoe.org\/mallorca\/wp-json\/wp\/v2\/media\/30640"}],"wp:attachment":[{"href":"https:\/\/www.psib-psoe.org\/mallorca\/wp-json\/wp\/v2\/media?parent=30639"}],"wp:term":[{"taxonomy":"category","embeddable":true,"href":"https:\/\/www.psib-psoe.org\/mallorca\/wp-json\/wp\/v2\/categories?post=30639"},{"taxonomy":"post_tag","embeddable":true,"href":"https:\/\/www.psib-psoe.org\/mallorca\/wp-json\/wp\/v2\/tags?post=30639"}],"curies":[{"name":"wp","href":"https:\/\/api.w.org\/{rel}","templated":true}]}}