{"id":30646,"date":"2025-11-14T16:39:16","date_gmt":"2025-11-14T14:39:16","guid":{"rendered":"https:\/\/www.psib-psoe.org\/mallorca\/?p=30646"},"modified":"2025-11-14T16:39:29","modified_gmt":"2025-11-14T14:39:29","slug":"cladera-acusa-galmes-de-sotmetres-al-xantatge-de-vox-en-un-pressupost-del-consell-de-mallorca-2026-que-ataca-la-llengua-i-la-immigracio","status":"publish","type":"post","link":"https:\/\/www.psib-psoe.org\/mallorca\/cladera-acusa-galmes-de-sotmetres-al-xantatge-de-vox-en-un-pressupost-del-consell-de-mallorca-2026-que-ataca-la-llengua-i-la-immigracio\/","title":{"rendered":"Cladera acusa Galm\u00e9s de sotmetre\u2019s al \u201cxantatge de Vox\u201d en un Pressupost del Consell de Mallorca 2026 que \u201cataca la llengua i la immigraci\u00f3\u201d."},"content":{"rendered":"<div class=\"wpb-content-wrapper\">\n<figure class=\"wp-block-image size-full is-resized is-style-default\"><img loading=\"lazy\" decoding=\"async\" width=\"1600\" height=\"1066\" src=\"https:\/\/www.psib-psoe.org\/mallorca\/wp-content\/uploads\/Cladera-pressupostos-141125.jpeg\" alt=\"\" class=\"wp-image-30647\" style=\"width:788px;height:auto\" srcset=\"https:\/\/www.psib-psoe.org\/mallorca\/wp-content\/uploads\/Cladera-pressupostos-141125.jpeg 1600w, https:\/\/www.psib-psoe.org\/mallorca\/wp-content\/uploads\/Cladera-pressupostos-141125-300x200.jpeg 300w, https:\/\/www.psib-psoe.org\/mallorca\/wp-content\/uploads\/Cladera-pressupostos-141125-1024x682.jpeg 1024w, https:\/\/www.psib-psoe.org\/mallorca\/wp-content\/uploads\/Cladera-pressupostos-141125-768x512.jpeg 768w, https:\/\/www.psib-psoe.org\/mallorca\/wp-content\/uploads\/Cladera-pressupostos-141125-1536x1023.jpeg 1536w, https:\/\/www.psib-psoe.org\/mallorca\/wp-content\/uploads\/Cladera-pressupostos-141125-150x100.jpeg 150w, https:\/\/www.psib-psoe.org\/mallorca\/wp-content\/uploads\/Cladera-pressupostos-141125-600x400.jpeg 600w, https:\/\/www.psib-psoe.org\/mallorca\/wp-content\/uploads\/Cladera-pressupostos-141125-900x600.jpeg 900w, https:\/\/www.psib-psoe.org\/mallorca\/wp-content\/uploads\/Cladera-pressupostos-141125-20x13.jpeg 20w\" sizes=\"(max-width: 1600px) 100vw, 1600px\" \/><\/figure>\n\n\n[vc_row][vc_column][vc_column_text]\n<p><em><u>  Catalina Cladera creu que Galm\u00e9s presenta uns pressupostos \u201cde foto\u201d mentre cedeix als postulats de l\u2019extrema dreta en mat\u00e8ria de llengua i en contra de la immigraci\u00f3. La portaveu socialista alerta que la imatge del power point dels pressupostos \u201cno serveix de res si les mesures que s\u2019hi contenen no serveixen per resoldre els problemes de la ciutadania de Mallorca\u201d, les retallades en cultura i llengua, la insufici\u00e8ncia social i la gesti\u00f3 opaca del Consell.<br \/>\n[\/vc_column_text][\/vc_column][\/vc_row]\n\n\n[vc_row][vc_column][vc_column_text]\n<p>La portaveu del Grup Socialista al Consell de Mallorca, Catalina Cladera, ha criticat durament la presentaci\u00f3 dels pressupostos del Consell per a 2026. Sota l\u2019aparen\u00e7a formal d\u2019unes bones xifres, una \u201cfoto\u201d que queda b\u00e9, no s\u2019afronten els problemes reals de la ciutadania. La portaveu socialista ha recriminat Galm\u00e9s d\u2019haver-se sotm\u00e8s al \u201cxantatge de Vox\u201d per haver eliminat les subvencions que fan suport a la llengua catalana, i per incloure mesures contra els immigrants que el vicepresident del Consell, l\u2019ultradret\u00e0 Pedro Bestard, ha qualificat com de combat contra \u201cl\u2019efecte cridada\u201d.<\/p>\n<p>Tot i disposar de m\u00e9s recursos que mai, segons ha bravejat el mateix Galm\u00e9s,  la portaveu socialista denuncia que el govern PPVox de Mallorca opta per retallar en \u00e0mbits essencials com la cultura i la llengua. Considera especialment greu la retirada de les aportacions directes a l\u2019Obra Cultural Balear i a Joves per la Llengua, una decisi\u00f3 que, segons ella, suposa un \u201cdany in\u00e8dit a la identitat cultural de Mallorca\u201d. Cladera acusa el president insular de cedir als postulats de Vox, consumant el que considera una ofensiva ideol\u00f2gica contra la llengua pr\u00f2pia.<\/p>\n<p>En mat\u00e8ria migrat\u00f2ria, Cladera alerta que el Consell ha entrat en el discurs del \u201crebuig i la criminalitzaci\u00f3 dels menors migrants\u201d. Denuncia que s\u2019est\u00e0 promovent la creaci\u00f3 d\u2019un centre que, en lloc de protegir, pret\u00e9n a\u00efllar aquests joves. Aquesta pol\u00edtica, afirma, respon als xantatges de l\u2019extrema dreta, que \u201cno vol veure ni un menor migrant a l\u2019illa\u201d.<\/p>\n<p>Sobre l\u2019origen del finan\u00e7ament del pressupost del Consell de l\u2019any vinent, Cladera ha sortit al pas de la cr\u00edtiques vessades sobre l\u2019actitud del Govern central. Ha defensat el paper del govern de l\u2019Estat en el finan\u00e7ament del Consell, recordant que \u201cel 40% dels ingressos provenen directament de l\u2019administraci\u00f3 central\u201d. Ha remarcat que, des que Pedro S\u00e1nchez \u00e9s president, el finan\u00e7ament de  l\u2019Estat cap a Balears ha crescut un 60%, amb una aportaci\u00f3 global extra superior als 9.000 milions d\u2019euros. El mateix Consell, en el projecte de Pressupost presentat a premsa avui, ha adm\u00e8s un increment en la previsi\u00f3 d\u2019ingressos que provenen del Govern central, i el funcionament positiu del c\u00e0lcul de les bestretes. No obstant aix\u00f2, el conseller d\u2019Hisenda, Rafel Bosch, ha dit que el pressupost del Consell de Mallorca 2026 preveu contreure 35 milions d\u2019euros de deute, m\u00e9s de la meitat de l\u2019increment pressupostari previst. Cladera no ent\u00e9n com Galm\u00e9s \u201cataca sistem\u00e0ticament Madrid, malgrat que \u00e9s qui sost\u00e9 bona part del pressupost insular\u201d.<\/p>\n<p>Cladera tamb\u00e9 ha q\u00fcestionat la fidelitat de la imatge del pressupost de 2026 que han mostrat avui Galm\u00e9s i el seu soci Bestard, quan \u201cla realitat \u00e9s que l\u2019any anterior es van deixar sense executar 120 milions d\u2019euros de les inversions i despeses previstes d\u2019inici\u201d, una dada que considera clau per entendre la manca de comprom\u00eds amb les necessitats de la ciutadania.<\/p>\n<p>La portaveu socialista tamb\u00e9 ha posat el focus en la manca de millores en infraestructures i serveis. \u201cLes carreteres continuen saturades, la pressi\u00f3 tur\u00edstica no s\u2019ha abordat amb mesures efectives, i la gesti\u00f3 territorial segueix sense rumb\u201d. En l\u2019\u00e0mbit social, considera \u201cinsuficient la dotaci\u00f3 pressupost\u00e0ria, especialment pel que fa a l\u2019atenci\u00f3 a menors i a la gent gran\u201d. Ha criticat que el Servei d\u2019Atenci\u00f3 Integrada Domicili, que havia de ser un projecte estrella, continu\u00ef \u201ccongelat\u201d, i que en molts municipis \u201cno hi hagi prou recursos per fer front a la despesa social\u201d.<\/p>\n<p>Cladera conclou que el govern de Galm\u00e9s viu instal\u00b7lat en la propaganda, mentre la realitat quotidiana dels mallorquins queda desatesa. Considera especialment preocupant la deriva ideol\u00f2gica del president insular, que, segons ella, s\u2019ha convertit en \u201ccopilot\u201d de l\u2019extrema dreta, cedint en tots els seus postulats, aquest cop, per poder tenir majoria per aprovar un pressupost.<\/p>\n[\/vc_column_text][\/vc_column][\/vc_row]\n\n\n\n<figure class=\"wp-block-audio\"><audio controls src=\"https:\/\/www.psib-psoe.org\/mallorca\/wp-content\/uploads\/Cladera-decles-pressupost-2025.mp3\"><\/audio><\/figure>\n<\/div>","protected":false},"excerpt":{"rendered":"[vc_row][vc_column][vc_column_text] Catalina Cladera creu que Galm\u00e9s presenta uns pressupostos \u201cde foto\u201d mentre cedeix als postulats de l\u2019extrema dreta en mat\u00e8ria de llengua i en contra de la immigraci\u00f3. La portaveu socialista alerta que la imatge del power point dels pressupostos \u201cno serveix de res si les mesures que s\u2019hi contenen no serveixen per resoldre els&hellip;","protected":false},"author":3,"featured_media":30647,"comment_status":"closed","ping_status":"closed","sticky":false,"template":"","format":"standard","meta":{"footnotes":""},"categories":[2,1,90,92],"tags":[218,343,362,447,546,105,83,77,483,639,504,84,296],"class_list":["post-30646","post","type-post","status-publish","format-standard","has-post-thumbnail","hentry","category-federacio-de-mallorca","category-federacio-de-mallorca-portada","category-municipis","category-portada","tag-amanda-fernandez","tag-andreu-serra","tag-ares-fernandez","tag-bea-gamundi","tag-biel-alomar","tag-catalina-cladera","tag-consell-de-mallorca","tag-federacio-socialista-de-mallorca","tag-joan-ferrer","tag-joan-mendez-2","tag-juana-m-adrover","tag-psib-psoe","tag-sofia-alonso"],"_links":{"self":[{"href":"https:\/\/www.psib-psoe.org\/mallorca\/wp-json\/wp\/v2\/posts\/30646"}],"collection":[{"href":"https:\/\/www.psib-psoe.org\/mallorca\/wp-json\/wp\/v2\/posts"}],"about":[{"href":"https:\/\/www.psib-psoe.org\/mallorca\/wp-json\/wp\/v2\/types\/post"}],"author":[{"embeddable":true,"href":"https:\/\/www.psib-psoe.org\/mallorca\/wp-json\/wp\/v2\/users\/3"}],"replies":[{"embeddable":true,"href":"https:\/\/www.psib-psoe.org\/mallorca\/wp-json\/wp\/v2\/comments?post=30646"}],"version-history":[{"count":1,"href":"https:\/\/www.psib-psoe.org\/mallorca\/wp-json\/wp\/v2\/posts\/30646\/revisions"}],"predecessor-version":[{"id":30649,"href":"https:\/\/www.psib-psoe.org\/mallorca\/wp-json\/wp\/v2\/posts\/30646\/revisions\/30649"}],"wp:featuredmedia":[{"embeddable":true,"href":"https:\/\/www.psib-psoe.org\/mallorca\/wp-json\/wp\/v2\/media\/30647"}],"wp:attachment":[{"href":"https:\/\/www.psib-psoe.org\/mallorca\/wp-json\/wp\/v2\/media?parent=30646"}],"wp:term":[{"taxonomy":"category","embeddable":true,"href":"https:\/\/www.psib-psoe.org\/mallorca\/wp-json\/wp\/v2\/categories?post=30646"},{"taxonomy":"post_tag","embeddable":true,"href":"https:\/\/www.psib-psoe.org\/mallorca\/wp-json\/wp\/v2\/tags?post=30646"}],"curies":[{"name":"wp","href":"https:\/\/api.w.org\/{rel}","templated":true}]}}