{"id":30654,"date":"2025-11-17T17:01:29","date_gmt":"2025-11-17T15:01:29","guid":{"rendered":"https:\/\/www.psib-psoe.org\/mallorca\/?p=30654"},"modified":"2025-11-17T17:01:43","modified_gmt":"2025-11-17T15:01:43","slug":"passotisme-deixadesa-i-mala-gestio-de-ppvox-amb-el-projecte-del-canal-de-regates-a-alcudia","status":"publish","type":"post","link":"https:\/\/www.psib-psoe.org\/mallorca\/passotisme-deixadesa-i-mala-gestio-de-ppvox-amb-el-projecte-del-canal-de-regates-a-alcudia\/","title":{"rendered":"Passotisme, deixadesa i mala gesti\u00f3 de PPVox amb el projecte del canal de regates a Alc\u00fadia."},"content":{"rendered":"<div class=\"wpb-content-wrapper\">\n<figure class=\"wp-block-image size-full\"><img loading=\"lazy\" decoding=\"async\" width=\"1170\" height=\"634\" src=\"https:\/\/www.psib-psoe.org\/mallorca\/wp-content\/uploads\/Ple-pressupostos-2.jpeg\" alt=\"\" class=\"wp-image-30655\" srcset=\"https:\/\/www.psib-psoe.org\/mallorca\/wp-content\/uploads\/Ple-pressupostos-2.jpeg 1170w, https:\/\/www.psib-psoe.org\/mallorca\/wp-content\/uploads\/Ple-pressupostos-2-300x163.jpeg 300w, https:\/\/www.psib-psoe.org\/mallorca\/wp-content\/uploads\/Ple-pressupostos-2-1024x555.jpeg 1024w, https:\/\/www.psib-psoe.org\/mallorca\/wp-content\/uploads\/Ple-pressupostos-2-768x416.jpeg 768w, https:\/\/www.psib-psoe.org\/mallorca\/wp-content\/uploads\/Ple-pressupostos-2-20x11.jpeg 20w, https:\/\/www.psib-psoe.org\/mallorca\/wp-content\/uploads\/Ple-pressupostos-2-150x81.jpeg 150w, https:\/\/www.psib-psoe.org\/mallorca\/wp-content\/uploads\/Ple-pressupostos-2-600x325.jpeg 600w, https:\/\/www.psib-psoe.org\/mallorca\/wp-content\/uploads\/Ple-pressupostos-2-900x488.jpeg 900w\" sizes=\"(max-width: 1170px) 100vw, 1170px\" \/><\/figure>\n\n\n<p>Un c\u00famul de neglig\u00e8ncies dels gestors PPVox aboquen a l\u2019ostracisme el projecte del canal de regates a l\u2019estany dels Ponts a Alc\u00fadia, despr\u00e9s que la batlessa alcudienca, Fina Linares, hagi adm\u00e8s en el ple que ja no es compta amb finan\u00e7ament europeu per a l\u2019actuaci\u00f3, i que ser\u00e0 el Consell de Mallorca qui aporti el finan\u00e7ament necessari amb c\u00e0rrec a fons propis. El socialista Joan Gaspar Vallori constata que, a dia d\u2019avui, no hi ha cap licitaci\u00f3 sobre el canal de regates a la plataforma de contractaci\u00f3 del Consell de Mallorca, i que el projecte ideat la passada legislatura, ha quedat relegat durant els dos anys i mig de l\u2019actual legislatura sota governs de PPVox tant a Alc\u00fadia com al Consell.<\/p>\n\n\n[vc_row][vc_column][vc_column_text]\n<p>La portaveu del Grup Socialista al Consell de Mallorca, Catalina Cladera, ha qualificat l\u2019actitud de Linares a Alc\u00fadia, i de Galm\u00e9s i Bestard al Consell, com \u201cpassotisme, deixadesa i mala gesti\u00f3\u201d, en relaci\u00f3, aquesta vegada, amb el nul impuls que se li ha donat al projecte d\u2019adequaci\u00f3 de l\u2019estany dels Ponts a Alc\u00fadia, per fer-hi un canal de regates apte per als esportistes d\u2019alt nivell d\u2019aquesta disciplina. Cladera creu que els fons europeus compromesos pel projecte d\u2019Alc\u00fadia, que es van negociar amb el Ministeri es perdran, i tamb\u00e9 ha refutat l\u2019excusa, esgrimida per Linares, per la manca de temps per a la justificaci\u00f3 del finan\u00e7ament europeu: \u201cels terminis es van allargar, i en tot cas, si Galm\u00e9s o Bestard haguessin cregut de bon de veres en el projecte, ja haurien mogut fitxa en aquests dos anys que porten perdent el temps\u201d. <\/p>\n<p>En el darrer ple municipal, celebrat aquesta setmana, la batlessa va admetre, a pregunta del regidor socialista, Joan Gaspar Vallori, que el projecte es mantenia, per\u00f2 que les fonts de finan\u00e7ament ja no serien els Fons de Transici\u00f3 i Resili\u00e8ncia de la Uni\u00f3 Europea, tal i com s\u2019havia tramitat durant la passada legislatura des del Consell de Mallorca, i que seria la mateixa instituci\u00f3 insular la que aportaria els dos milions necessaris amb c\u00e0rrec a fons propis de la instituci\u00f3. <\/p>\n<p>La realitat \u00e9s que a dia d\u2019avui, dos anys i mig despr\u00e9s de l\u2019inici de la legislatura, ni l\u2019administraci\u00f3 municipal d\u2019Alc\u00fadia ni la del Consell han fet avan\u00e7ar el projecte del canal de regates ni un mil\u00b7l\u00edmetre de on estava al juny de 2023, any en qu\u00e8 el finan\u00e7ament del canal ja figurava dins de les inversions previstes en el pressupost de la instituci\u00f3 insular. Al contrari, el projecte s\u2019ha fet petit, per que el seu cost estimat ha baixat de 3 a 2 milions, per les retallades que se li han fet a la idea original. \u201cS\u2019havia de destinar un mili\u00f3 d\u2019euros a fer un nou edifici de serveis per al canal en un solar municipal, per\u00f2 l\u2019equip municipal de Linares ho va eliminar. <\/p>\n<p>Vallori posa de manifest la \u201cmala gesti\u00f3 de l\u2019Ajuntament que no ha fet res m\u00e9s que retallar el projecte original\u201d, per que a dia d\u2019avui, el \u201cConsell de Mallorca ha prioritzat la licitaci\u00f3 d\u2019altres projectes esportius a Mallorca que han passat davant del canal de regates d\u2019Alc\u00fadia\u201d. <\/p>\n[\/vc_column_text][\/vc_column][\/vc_row]\n<\/div>","protected":false},"excerpt":{"rendered":"Un c\u00famul de neglig\u00e8ncies dels gestors PPVox aboquen a l\u2019ostracisme el projecte del canal de regates a l\u2019estany dels Ponts a Alc\u00fadia, despr\u00e9s que la batlessa alcudienca, Fina Linares, hagi adm\u00e8s en el ple que ja no es compta amb finan\u00e7ament europeu per a l\u2019actuaci\u00f3, i que ser\u00e0 el Consell de Mallorca qui aporti el&hellip;","protected":false},"author":3,"featured_media":30655,"comment_status":"closed","ping_status":"closed","sticky":false,"template":"","format":"standard","meta":{"footnotes":""},"categories":[2,1,90,92],"tags":[348,556,218,349,105,77,304],"class_list":["post-30654","post","type-post","status-publish","format-standard","has-post-thumbnail","hentry","category-federacio-de-mallorca","category-federacio-de-mallorca-portada","category-municipis","category-portada","tag-agrupacio-socialista-dalcudia","tag-agui-lobo","tag-amanda-fernandez","tag-barbara-rebassa","tag-catalina-cladera","tag-federacio-socialista-de-mallorca","tag-joan-gaspar-vallori"],"_links":{"self":[{"href":"https:\/\/www.psib-psoe.org\/mallorca\/wp-json\/wp\/v2\/posts\/30654"}],"collection":[{"href":"https:\/\/www.psib-psoe.org\/mallorca\/wp-json\/wp\/v2\/posts"}],"about":[{"href":"https:\/\/www.psib-psoe.org\/mallorca\/wp-json\/wp\/v2\/types\/post"}],"author":[{"embeddable":true,"href":"https:\/\/www.psib-psoe.org\/mallorca\/wp-json\/wp\/v2\/users\/3"}],"replies":[{"embeddable":true,"href":"https:\/\/www.psib-psoe.org\/mallorca\/wp-json\/wp\/v2\/comments?post=30654"}],"version-history":[{"count":1,"href":"https:\/\/www.psib-psoe.org\/mallorca\/wp-json\/wp\/v2\/posts\/30654\/revisions"}],"predecessor-version":[{"id":30656,"href":"https:\/\/www.psib-psoe.org\/mallorca\/wp-json\/wp\/v2\/posts\/30654\/revisions\/30656"}],"wp:featuredmedia":[{"embeddable":true,"href":"https:\/\/www.psib-psoe.org\/mallorca\/wp-json\/wp\/v2\/media\/30655"}],"wp:attachment":[{"href":"https:\/\/www.psib-psoe.org\/mallorca\/wp-json\/wp\/v2\/media?parent=30654"}],"wp:term":[{"taxonomy":"category","embeddable":true,"href":"https:\/\/www.psib-psoe.org\/mallorca\/wp-json\/wp\/v2\/categories?post=30654"},{"taxonomy":"post_tag","embeddable":true,"href":"https:\/\/www.psib-psoe.org\/mallorca\/wp-json\/wp\/v2\/tags?post=30654"}],"curies":[{"name":"wp","href":"https:\/\/api.w.org\/{rel}","templated":true}]}}