{"id":30657,"date":"2025-11-18T18:21:08","date_gmt":"2025-11-18T16:21:08","guid":{"rendered":"https:\/\/www.psib-psoe.org\/mallorca\/?p=30657"},"modified":"2025-11-18T18:21:20","modified_gmt":"2025-11-18T16:21:20","slug":"el-consell-retalla-les-inversions-pels-ajuntaments-de-mallorca-per-2026","status":"publish","type":"post","link":"https:\/\/www.psib-psoe.org\/mallorca\/el-consell-retalla-les-inversions-pels-ajuntaments-de-mallorca-per-2026\/","title":{"rendered":"El Consell retalla les inversions pels Ajuntaments de Mallorca per 2026."},"content":{"rendered":"<div class=\"wpb-content-wrapper\">\n<figure class=\"wp-block-image size-full is-resized is-style-default\"><img loading=\"lazy\" decoding=\"async\" width=\"1600\" height=\"900\" src=\"https:\/\/www.psib-psoe.org\/mallorca\/wp-content\/uploads\/Assemblea-Batles-181125-1-edited.jpeg\" alt=\"\" class=\"wp-image-30659\" style=\"width:788px;height:auto\" srcset=\"https:\/\/www.psib-psoe.org\/mallorca\/wp-content\/uploads\/Assemblea-Batles-181125-1-edited.jpeg 1600w, https:\/\/www.psib-psoe.org\/mallorca\/wp-content\/uploads\/Assemblea-Batles-181125-1-edited-300x169.jpeg 300w, https:\/\/www.psib-psoe.org\/mallorca\/wp-content\/uploads\/Assemblea-Batles-181125-1-edited-1024x576.jpeg 1024w, https:\/\/www.psib-psoe.org\/mallorca\/wp-content\/uploads\/Assemblea-Batles-181125-1-edited-768x432.jpeg 768w, https:\/\/www.psib-psoe.org\/mallorca\/wp-content\/uploads\/Assemblea-Batles-181125-1-edited-1536x864.jpeg 1536w, https:\/\/www.psib-psoe.org\/mallorca\/wp-content\/uploads\/Assemblea-Batles-181125-1-edited-20x11.jpeg 20w, https:\/\/www.psib-psoe.org\/mallorca\/wp-content\/uploads\/Assemblea-Batles-181125-1-edited-150x84.jpeg 150w, https:\/\/www.psib-psoe.org\/mallorca\/wp-content\/uploads\/Assemblea-Batles-181125-1-edited-600x338.jpeg 600w, https:\/\/www.psib-psoe.org\/mallorca\/wp-content\/uploads\/Assemblea-Batles-181125-1-edited-900x506.jpeg 900w\" sizes=\"(max-width: 1600px) 100vw, 1600px\" \/><\/figure>\n\n\n[vc_row][vc_column][vc_column_text]\n<p><em><u>  En el marc de l\u2019Assemblea de Batles i Batlesses, els socialistes han valorat com una \u201cpassa enrere\u201d que el Consell destinin 2 milions d\u2019euros manco d\u2019inversions als municipis de Mallorca per 2026, malgrat que el pressupost anunciat divendres passat recull una pujada global del 9%. Es preveuen convocat\u00f2ries per al POS i el PAESC amb menor dotaci\u00f3 que enguany, i la reducci\u00f3 de la subvenci\u00f3 a temes relacionats amb el canvi clim\u00e0tic cauen en un 33% respecte 2025 \u201cper la deriva ideol\u00f2gica negacionista de Vox dins l\u2019equip de Govern del Consell\u201d. <\/p>\n<p>Fins a 5 batles i batlesses socialistes, els d\u2019Art\u00e0, Pollen\u00e7a, Algaida, Santa Eug\u00e8nia i Inca, proposen mocions i propicien el debat sobre temes d\u2019inter\u00e8s social com l\u2019habitatge, les obres d\u2019inter\u00e8s municipal, el manteniment dels camins p\u00fablics, les inversions del cicle de l\u2019aigua o el finan\u00e7ament de l\u2019educaci\u00f3 de les escoletes de 0-3 anys. La portaveu socialista al Consell ha criticat \u201cla manca de contingut de l\u2019Assemblea, de no ser per les mocions dels socialistes\u201d. <\/p>\n<p>Galm\u00e9s, al capdavant dels municipis del PP, ha laminat la demanda del batle d\u2019Inca, Virgilio Moreno, qui ha reclamat \u201cllibertat i eines\u201d per a qu\u00e8 els municipis es puguin acollir a la possibilitat de declarar zona tensada als efectes de la llei d\u2019Habitatge, per aplicar els topalls al preu del lloguer. <\/p>\n[\/vc_column_text][\/vc_column][\/vc_row]\n\n\n[vc_row][vc_column][vc_column_text]\n<p>Els municipis de Mallorca tindran 2 milions d\u2019euros manco a les convocat\u00f2ries de subvenci\u00f3 a les seves inversions municipals en POS i en PAESC per 2026. Aix\u00ed \u00e9s despr\u00e8n del projecte de pressuposts 2026, presentat divendres passat. La retallada a la convocat\u00f2ria 2026 del PAESC suposa eliminar el 33% de la quantitat consignada en 2025. <\/p>\n<p>La portaveu socialista al Consell, Catalina Cladera, ha posat de manifest el \u201ctrile\u201d que Galm\u00e9s ha pret\u00e8s fer als batles i batlesses. El batle d\u2019Inca, Virgilio Moreno ha alertat que Galm\u00e9s \u201cha ofert com a novetat dues partides de mig mili\u00f3 d\u2019euros, per a temes de benestar animal i manteniment de camins rurals, que els batles i batlesses socialistes vam demanar en les passades Assemblees\u201d.  Per\u00f2 el que no ha dit Galm\u00e9s \u00e9s que aquest finan\u00e7ament surt de la baixada d\u2019un mili\u00f3 d\u2019euros de la convocat\u00f2ria del Pla d\u2019Obres i Serveis (POS), i un altre mili\u00f3 de les subvencions del Pacte de Batles per actuacions contra el canvi clim\u00e0tic (PAESC). Aquesta darrera convocat\u00f2ria queda retallada en un 33% sobre enguany, \u201ca causa de la deriva ideol\u00f2gica dels negacionistes del canvi clim\u00e0tic que governen al Consell\u201d, i ha considerat la retallada com a \u201cuna concessi\u00f3 m\u00e9s de Galm\u00e9s als seus socis, per poder aprovar el pressupost\u201d. <\/p>\n<p>En el detall de les xifres, Galm\u00e9s i la consellera de Promoci\u00f3 Econ\u00f2mica i Cooperaci\u00f3 Local, Pilar Amate, han xerrat de 54 milions, per que han sumat les convocat\u00f2ries de subvencions previstes per 2026 i 2027 i altres despeses als municipis. Per\u00f2 en el desglossament de les quantitats, tant les dotacions per les subvencions del POS i del PAESC de 2026 davallen en un total de dos milions d\u2019euros. Cladera ha constatat que \u201cen un pressupost del Consell expansionista, Galm\u00e9s no ha prioritzat apujar les dotacions per les inversions municipals\u201d. <\/p>\n<p>Assemblea activa i \u00fatil gr\u00e0cies a propostes socialistes: moci\u00f3 per millora de l\u2019acc\u00e9s a l\u2019habitatge a l\u2019\u00e0mbit municipal.<\/p>\n<p>Cladera tamb\u00e9 ha alertat de \u201cla manca de continguts a l\u2019Assemblea de Batles i Batlesses, de part de l\u2019equip de govern del Consell\u201d, que no han proposat ni un sol tema de debat a la sessi\u00f3. \u201cSi no hagu\u00e9s estat per la voluntat dels batles i batlesses socialistes, l\u2019Assemblea s\u2019hagu\u00e9s acabat en 15 minuts\u201d. Ha estat a proposta de les 5 mocions socialistes que s\u2019han incl\u00f2s dins de l\u2019ordre del dia temes com l\u2019acc\u00e9s a l\u2019habitatge, el manteniment de camins de titularitat municipal, el suport al finan\u00e7ament de les escoletes 0-3 anys, la dotaci\u00f3 del Pla d\u2019Obres i Serveis i l\u2019increment de les partides destinades a obres del cicle de l\u2019aigua. En aquest punt, la moci\u00f3 presentada pel batle socialista de Santa Eug\u00e8nia, Pep Llu\u00eds Urraca ha incidit en la necessitat que el Consell dupliqui les inversions previstes en mat\u00e8ria de sanejament i canalitzaci\u00f3 d\u2019aigua als municipis, dels 5 milions prevists per enguany, fins als 10 milions. <\/p>\n<p>En relaci\u00f3 amb la moci\u00f3 sobre mesures per facilitar l\u2019acc\u00e9s a l\u2019habitatge als municipis de Mallorca, el Virgilio Moreno ha reclamat que cada municipi pugui tenir l\u2019opci\u00f3 d\u2019acollir-se a poder declarar-se com a zona tensada als efectes de la llei estatal de l\u2019habitatge. Moreno ha reclamat \u201ceines i llibertat per poder gestionar el problema de l\u2019habitatge\u201d que redunda especialment en els municipis: \u201csom els batles i batlesses els qui tenim el problema a la porta dels nostres ajuntaments\u201d. La proposta de Moreno parteix e la iniciativa de l\u2019Ajuntament d\u2019A Coru\u00f1a, que malgrat que la Xunta de Gal\u00edcia no ha adoptat la mesura estatal, si que ha perm\u00e8s que aquest municipi s\u2019hi aculli. <\/p>\n<p>Amb aquest precedent, Moreno ha proposat que Inca \u201cserveixi de prova pilot a Balears\u201d, i ha reclamant de l\u2019Assemblea suport per fer que Govern de les Illes Balears actu\u00ef aqu\u00ed de la mateixa manera que la Xunta ha fet amb A Coru\u00f1a. La moci\u00f3 ha decaigut pel vot negatiu dels representants de PP, PI i VOX, que no han perm\u00e8s que la iniciativa prosper\u00e9s. <\/p>\n<p>La batlessa d\u2019Algaida, Marga Fullana ha defensat la proposta socialista per consolidar la partida del Consell de Mallorca per la conservaci\u00f3 dels camins rurals de titularitat municipal, mentre que el batle d\u2019Art\u00e0 ha aconseguit l\u2019aprovaci\u00f3 per assentiment de la seva proposta per ampliar el rang de projectes estrat\u00e8gics que els municipis poden presentar a subvenci\u00f3 en el marc del Pla d\u2019Obres i Serveis. De la seva banda, Mart\u00ed March, batle de Pollen\u00e7a ha condu\u00eft la proposta per la millora de les condicions salarials del personal de les escoletes municipals 0-3 anys, que finalment ha transaccionat per assolir un acord de l\u2019Assemblea de Batles i Batlesses. <\/p>\n<p>En la sessi\u00f3 d\u2019avui, en la que tamb\u00e9 hi ha participat el batle de Puigpunyent, Toni Mar\u00ed,  s\u2019ha produ\u00eft el \u2018debut\u2019 com a membre de l\u2019Assemblea de la batlessa de Lloseta, la socialista Paquita Campins, qui va prendre possessi\u00f3 de la batlia el passat 7 de juny. <\/p>\n[\/vc_column_text][\/vc_column][\/vc_row]\n\n\n\n<figure class=\"wp-block-audio\"><audio controls src=\"https:\/\/www.psib-psoe.org\/mallorca\/wp-content\/uploads\/181125_VIRGILIO-MORENO-ASSEMBLEA-BATLES.mp3\"><\/audio><\/figure>\n\n\n\n<figure class=\"wp-block-audio\"><audio controls src=\"https:\/\/www.psib-psoe.org\/mallorca\/wp-content\/uploads\/181125_Virgilio-Moreno-Inversions-municipals-2026.mp3\"><\/audio><\/figure>\n<\/div>","protected":false},"excerpt":{"rendered":"[vc_row][vc_column][vc_column_text] En el marc de l\u2019Assemblea de Batles i Batlesses, els socialistes han valorat com una \u201cpassa enrere\u201d que el Consell destinin 2 milions d\u2019euros manco d\u2019inversions als municipis de Mallorca per 2026, malgrat que el pressupost anunciat divendres passat recull una pujada global del 9%. Es preveuen convocat\u00f2ries per al POS i el PAESC&hellip;","protected":false},"author":3,"featured_media":30659,"comment_status":"closed","ping_status":"closed","sticky":false,"template":"","format":"standard","meta":{"footnotes":""},"categories":[2,1,90,92],"tags":[218,293,362,447,105,83,77,639,504,477,423,430,614,625,84,296,465,329],"class_list":["post-30657","post","type-post","status-publish","format-standard","has-post-thumbnail","hentry","category-federacio-de-mallorca","category-federacio-de-mallorca-portada","category-municipis","category-portada","tag-amanda-fernandez","tag-andreu-isern","tag-ares-fernandez","tag-bea-gamundi","tag-catalina-cladera","tag-consell-de-mallorca","tag-federacio-socialista-de-mallorca","tag-joan-mendez-2","tag-juana-m-adrover","tag-manolo-galan","tag-marga-fullana","tag-marti-march","tag-paquita-campins","tag-pep-lluis-urraca-2","tag-psib-psoe","tag-sofia-alonso","tag-toni-mari","tag-virgilio-moreno"],"_links":{"self":[{"href":"https:\/\/www.psib-psoe.org\/mallorca\/wp-json\/wp\/v2\/posts\/30657"}],"collection":[{"href":"https:\/\/www.psib-psoe.org\/mallorca\/wp-json\/wp\/v2\/posts"}],"about":[{"href":"https:\/\/www.psib-psoe.org\/mallorca\/wp-json\/wp\/v2\/types\/post"}],"author":[{"embeddable":true,"href":"https:\/\/www.psib-psoe.org\/mallorca\/wp-json\/wp\/v2\/users\/3"}],"replies":[{"embeddable":true,"href":"https:\/\/www.psib-psoe.org\/mallorca\/wp-json\/wp\/v2\/comments?post=30657"}],"version-history":[{"count":2,"href":"https:\/\/www.psib-psoe.org\/mallorca\/wp-json\/wp\/v2\/posts\/30657\/revisions"}],"predecessor-version":[{"id":30663,"href":"https:\/\/www.psib-psoe.org\/mallorca\/wp-json\/wp\/v2\/posts\/30657\/revisions\/30663"}],"wp:featuredmedia":[{"embeddable":true,"href":"https:\/\/www.psib-psoe.org\/mallorca\/wp-json\/wp\/v2\/media\/30659"}],"wp:attachment":[{"href":"https:\/\/www.psib-psoe.org\/mallorca\/wp-json\/wp\/v2\/media?parent=30657"}],"wp:term":[{"taxonomy":"category","embeddable":true,"href":"https:\/\/www.psib-psoe.org\/mallorca\/wp-json\/wp\/v2\/categories?post=30657"},{"taxonomy":"post_tag","embeddable":true,"href":"https:\/\/www.psib-psoe.org\/mallorca\/wp-json\/wp\/v2\/tags?post=30657"}],"curies":[{"name":"wp","href":"https:\/\/api.w.org\/{rel}","templated":true}]}}