{"id":30667,"date":"2025-11-19T14:13:37","date_gmt":"2025-11-19T12:13:37","guid":{"rendered":"https:\/\/www.psib-psoe.org\/mallorca\/?p=30667"},"modified":"2025-11-19T14:13:48","modified_gmt":"2025-11-19T12:13:48","slug":"els-socialistes-de-soller-rebutgen-el-projecte-de-teixidores-previst-per-libavi-i-demanen-a-lajuntament-que-cerqui-alternatives-per-poder-incrementar-el-parc-public-dhabitat","status":"publish","type":"post","link":"https:\/\/www.psib-psoe.org\/mallorca\/els-socialistes-de-soller-rebutgen-el-projecte-de-teixidores-previst-per-libavi-i-demanen-a-lajuntament-que-cerqui-alternatives-per-poder-incrementar-el-parc-public-dhabitat\/","title":{"rendered":"Els Socialistes de S\u00f3ller rebutgen el projecte de Teixidores previst per l\u2019IBAVI i demanen a l\u2019Ajuntament que cerqui alternatives per poder incrementar el parc p\u00fablic d\u2019habitatge"},"content":{"rendered":"<div class=\"wpb-content-wrapper\">\n<figure class=\"wp-block-image size-full is-resized is-style-default\"><img loading=\"lazy\" decoding=\"async\" width=\"2560\" height=\"1707\" src=\"http:\/\/www.psib-psoe.org\/mallorca\/wp-content\/uploads\/250320-Executiva-Jaume-Mateu-scaled.jpg\" alt=\"\" class=\"wp-image-30427\" style=\"width:788px;height:auto\" srcset=\"https:\/\/www.psib-psoe.org\/mallorca\/wp-content\/uploads\/250320-Executiva-Jaume-Mateu-scaled.jpg 2560w, https:\/\/www.psib-psoe.org\/mallorca\/wp-content\/uploads\/250320-Executiva-Jaume-Mateu-300x200.jpg 300w, https:\/\/www.psib-psoe.org\/mallorca\/wp-content\/uploads\/250320-Executiva-Jaume-Mateu-1024x683.jpg 1024w, https:\/\/www.psib-psoe.org\/mallorca\/wp-content\/uploads\/250320-Executiva-Jaume-Mateu-768x512.jpg 768w, https:\/\/www.psib-psoe.org\/mallorca\/wp-content\/uploads\/250320-Executiva-Jaume-Mateu-1536x1024.jpg 1536w, https:\/\/www.psib-psoe.org\/mallorca\/wp-content\/uploads\/250320-Executiva-Jaume-Mateu-2048x1365.jpg 2048w, https:\/\/www.psib-psoe.org\/mallorca\/wp-content\/uploads\/250320-Executiva-Jaume-Mateu-150x100.jpg 150w, https:\/\/www.psib-psoe.org\/mallorca\/wp-content\/uploads\/250320-Executiva-Jaume-Mateu-600x400.jpg 600w, https:\/\/www.psib-psoe.org\/mallorca\/wp-content\/uploads\/250320-Executiva-Jaume-Mateu-900x600.jpg 900w, https:\/\/www.psib-psoe.org\/mallorca\/wp-content\/uploads\/250320-Executiva-Jaume-Mateu-20x13.jpg 20w\" sizes=\"(max-width: 2560px) 100vw, 2560px\" \/><\/figure>\n\n\n[vc_row][vc_column][vc_column_text]\n<p><em><u>  Jaume Mateu ha demanat al batle que no cedeixi aquesta pla\u00e7a per fer un projecte que no ha estat consensuat, que s\u2019ha fet d\u2019amagat i que es pot fer en ubicacions m\u00e9s adequades.<br \/>\n   <\/u><\/em><\/p>\n[\/vc_column_text][\/vc_column][\/vc_row]\n\n\n[vc_row][vc_column][vc_column_text]\n<p>Els Socialistes de S\u00f3ller han expressat el seu rebuig al projecte de construcci\u00f3 d\u2019habitatge de protecci\u00f3 p\u00fablica damunt la pla\u00e7a de Teixidores perqu\u00e8 \u201csuposar\u00e0 l\u2019eliminaci\u00f3 d\u2019un dels pocs espais p\u00fablics lliures que queden al municipi a prop del centre, perdre moltes places d\u2019aparcament i xapar un espai p\u00fablic per a \u00fas ciutad\u00e0\u201d.  <\/p>\n<p>El secretari general de l\u2019Agrupaci\u00f3 Socialista de S\u00f3ller i portaveu a l\u2019Ajuntament, Jaume Mateu, ha criticat l\u2019opacitat i la manca de transpar\u00e8ncia en relaci\u00f3 amb aquest projecte, del qual \u201cens hem assabentat per la premsa\u201d, i tenint en compte que \u201cni el batle ni els seus regidors no han sabut donar cap informaci\u00f3 quan els ho hem demanat en el ple\u201d.  <\/p>\n<p>Per aix\u00f2, els socialistes temen que aquest projecte tampoc compta amb el consens dels ve\u00efnats i les ve\u00efnades de la zona. \u201cL\u2019IBAVI no presentaria un projecte aix\u00ed sense el coneixement i el vistiplau de l\u2019Ajuntament\u201d, per la qual cosa Mateu ha reclamat a l\u2019equip de govern municipal que expliquin quines previsions tenen i amb qui han estat consensuades.  <\/p>\n<p>En qualsevol cas, els socialistes consideren imprescindible la construcci\u00f3 de m\u00e9s habitatge p\u00fablic, per\u00f2 no en aquesta ubicaci\u00f3 i en aquestes condicions, per la qual cosa han reclamat a l\u2019Ajuntament que faci la seva feina i cerqui espais alternatius on poder fer habitatges p\u00fablics perqu\u00e8 n\u2019hi ha. A m\u00e9s a m\u00e9s, el portaveu socialista ha volgut remarcar que \u201cqualsevol habitatge p\u00fablic que es faci a S\u00f3ller ha de ser de protecci\u00f3 oficial i no de preu limitat, la qual cosa encariria un 30% el preu de l\u2019habitatge i inflaria encara m\u00e9s els preus al nostre poble\u201d.  <\/p>\n<p>A m\u00e9s a m\u00e9s, s\u2019afegeix el fet que \u201cconstruir dos grans blocs a la pla\u00e7a tendr\u00e0 tamb\u00e9 un gran impacte sobre la F\u00e0brica Nova, just ara que s\u2019havia tancat la seva compra per part del Consell, i pot afectar el futur projecte que s\u2019hi vulgui fer\u201d.  <\/p>\n<p>M\u00e9s enll\u00e0 del projecte previst a Teixidores, el portaveu socialista ha defensat la necessitat d\u2019un canvi de rumb en la pol\u00edtica d\u2019habitatge del PP, qui sense anar m\u00e9s enll\u00e0 la setmana passada mateixa votava en contra de topar els preus del lloguer aplicant la llei estatal d\u2019habitatge, mesura que est\u00e0 funcionant en els municipis on s\u2019aplica i que seria d\u2019aplicaci\u00f3 immediata, sense haver d\u2019esperar anys de tramitaci\u00f3 i construcci\u00f3.  <\/p>\n<p>Per als socialistes, \u00e9s necessari \u201cimpulsar les pol\u00edtiques d\u2019habitatge incrementant el parc p\u00fablic d\u2019habitatge per\u00f2 amb projectes adequats, topant els preus del lloguer, afavorint l\u2019entrada al mercat del lloguer d\u2019habitatges buits a preu raonable i reformant habitatges obsolets\u201d.  <\/p>\n<p>Finalment, Mateu ha exigit al batle que no cedeixi la pla\u00e7a Teixidores a l\u2019IBAVI en aquestes condicions, i ha avan\u00e7at que els socialistes estaran al costat dels ve\u00efnats i les ve\u00efnades de la zona per aturar un projecte improvisat, fet d\u2019amagat i sense consens.  <\/p>\n[\/vc_column_text][\/vc_column][\/vc_row]\n<\/div>","protected":false},"excerpt":{"rendered":"[vc_row][vc_column][vc_column_text] Jaume Mateu ha demanat al batle que no cedeixi aquesta pla\u00e7a per fer un projecte que no ha estat consensuat, que s\u2019ha fet d\u2019amagat i que es pot fer en ubicacions m\u00e9s adequades. [\/vc_column_text][\/vc_column][\/vc_row] [vc_row][vc_column][vc_column_text] Els Socialistes de S\u00f3ller han expressat el seu rebuig al projecte de construcci\u00f3 d\u2019habitatge de protecci\u00f3 p\u00fablica damunt la&hellip;","protected":false},"author":3,"featured_media":30427,"comment_status":"closed","ping_status":"closed","sticky":false,"template":"","format":"standard","meta":{"footnotes":""},"categories":[2,1,90,92],"tags":[77,186,84,566],"class_list":["post-30667","post","type-post","status-publish","format-standard","has-post-thumbnail","hentry","category-federacio-de-mallorca","category-federacio-de-mallorca-portada","category-municipis","category-portada","tag-federacio-socialista-de-mallorca","tag-jaume-mateu","tag-psib-psoe","tag-soller-2"],"_links":{"self":[{"href":"https:\/\/www.psib-psoe.org\/mallorca\/wp-json\/wp\/v2\/posts\/30667"}],"collection":[{"href":"https:\/\/www.psib-psoe.org\/mallorca\/wp-json\/wp\/v2\/posts"}],"about":[{"href":"https:\/\/www.psib-psoe.org\/mallorca\/wp-json\/wp\/v2\/types\/post"}],"author":[{"embeddable":true,"href":"https:\/\/www.psib-psoe.org\/mallorca\/wp-json\/wp\/v2\/users\/3"}],"replies":[{"embeddable":true,"href":"https:\/\/www.psib-psoe.org\/mallorca\/wp-json\/wp\/v2\/comments?post=30667"}],"version-history":[{"count":1,"href":"https:\/\/www.psib-psoe.org\/mallorca\/wp-json\/wp\/v2\/posts\/30667\/revisions"}],"predecessor-version":[{"id":30668,"href":"https:\/\/www.psib-psoe.org\/mallorca\/wp-json\/wp\/v2\/posts\/30667\/revisions\/30668"}],"wp:featuredmedia":[{"embeddable":true,"href":"https:\/\/www.psib-psoe.org\/mallorca\/wp-json\/wp\/v2\/media\/30427"}],"wp:attachment":[{"href":"https:\/\/www.psib-psoe.org\/mallorca\/wp-json\/wp\/v2\/media?parent=30667"}],"wp:term":[{"taxonomy":"category","embeddable":true,"href":"https:\/\/www.psib-psoe.org\/mallorca\/wp-json\/wp\/v2\/categories?post=30667"},{"taxonomy":"post_tag","embeddable":true,"href":"https:\/\/www.psib-psoe.org\/mallorca\/wp-json\/wp\/v2\/tags?post=30667"}],"curies":[{"name":"wp","href":"https:\/\/api.w.org\/{rel}","templated":true}]}}