{"id":30695,"date":"2025-11-27T15:21:39","date_gmt":"2025-11-27T13:21:39","guid":{"rendered":"https:\/\/www.psib-psoe.org\/mallorca\/?p=30695"},"modified":"2025-11-27T15:21:50","modified_gmt":"2025-11-27T13:21:50","slug":"els-socialistes-dandratx-diuen-no-a-un-pressupost-municipal-que-infla-ingressos-i-incrementa-la-taxa-de-fems-un-45","status":"publish","type":"post","link":"https:\/\/www.psib-psoe.org\/mallorca\/els-socialistes-dandratx-diuen-no-a-un-pressupost-municipal-que-infla-ingressos-i-incrementa-la-taxa-de-fems-un-45\/","title":{"rendered":"Els Socialistes d\u2019Andratx diuen no a un pressupost municipal que infla ingressos i incrementa la taxa de fems un 45%"},"content":{"rendered":"<div class=\"wpb-content-wrapper\">\n<figure class=\"wp-block-image size-large\"><img loading=\"lazy\" decoding=\"async\" width=\"1024\" height=\"768\" src=\"https:\/\/www.psib-psoe.org\/mallorca\/wp-content\/uploads\/Ple-pressupostos-Andratx-271125-1024x768.jpeg\" alt=\"\" class=\"wp-image-30696\" srcset=\"https:\/\/www.psib-psoe.org\/mallorca\/wp-content\/uploads\/Ple-pressupostos-Andratx-271125-1024x768.jpeg 1024w, https:\/\/www.psib-psoe.org\/mallorca\/wp-content\/uploads\/Ple-pressupostos-Andratx-271125-300x225.jpeg 300w, https:\/\/www.psib-psoe.org\/mallorca\/wp-content\/uploads\/Ple-pressupostos-Andratx-271125-768x576.jpeg 768w, https:\/\/www.psib-psoe.org\/mallorca\/wp-content\/uploads\/Ple-pressupostos-Andratx-271125-1536x1152.jpeg 1536w, https:\/\/www.psib-psoe.org\/mallorca\/wp-content\/uploads\/Ple-pressupostos-Andratx-271125-150x113.jpeg 150w, https:\/\/www.psib-psoe.org\/mallorca\/wp-content\/uploads\/Ple-pressupostos-Andratx-271125-600x450.jpeg 600w, https:\/\/www.psib-psoe.org\/mallorca\/wp-content\/uploads\/Ple-pressupostos-Andratx-271125-900x675.jpeg 900w, https:\/\/www.psib-psoe.org\/mallorca\/wp-content\/uploads\/Ple-pressupostos-Andratx-271125-20x16.jpeg 20w, https:\/\/www.psib-psoe.org\/mallorca\/wp-content\/uploads\/Ple-pressupostos-Andratx-271125.jpeg 1600w\" sizes=\"(max-width: 1024px) 100vw, 1024px\" \/><\/figure>\n\n\n<p>El pressupost 2026 d\u2019Andratx \u00e9s \u201cun projecte poc rigor\u00f3s que carrega la factura de la mala gesti\u00f3 de l\u2019Ajuntament sobre la ciutadania\u201d. El portaveu socialista, Antoni Mir ha afirmat que el govern municipal presenta un pressupost amb augments d\u2019ingressos \u201cpoc justificats\u201d i una pujada de taxes sobretot la de residus urbans, que \u201camaga mancances de planificaci\u00f3\u201d. El Grup Socialista ha votat en contra dels pressupostos en el decurs del ple municipal.<\/p>\n\n\n[vc_row][vc_column][vc_column_text]\n<p>El Grup Municipal del PSIB-PSOE d\u2019Andratx ha votat en contra del projecte de pressupost 2026 que ha presentat la batlessa el municipi, Estefan\u00eda Gonzalvo (PP). El document es recolza en partides d\u2019ingressos inflats i en una forta pujada de la taxa de recollida de residus, que s\u2019incrementa en un 44% sobre la vigent. <\/p>\n<p>Per Antoni Mir, \u201cel creixement d\u2019ingressos es fonamenta en augmentar taxes i en previsions d\u2019ingressos per multes i legalitzacions que semblen inflades i poc prudents\u201d. En concret, la partida de taxes per la recollida de fems passa a representar una part decisiva de l\u2019increment (fins a 2.252.000 \u20ac). Penalitzar\u00e0 especialment les llars i els petits negocis del municipi. I les partides en previsi\u00f3 d\u2019ingressos per multes de circulaci\u00f3, urban\u00edstiques o per impagament de tributs augmenten molt per damunt de l\u2019execuci\u00f3 real que te aquesta partida. <\/p>\n<p>Mir ha defensat que en altres municipis s\u2019ha decidit establir una tarifaci\u00f3 progressiva per a la taxa dels fems, que no descarregui sobre tots els ciutadans i empreses el mateix percentatge d\u2019increment, sota la premissa que \u2018qui contamina m\u00e9s, paga m\u00e9s\u201d. El portaveu socialista ha afirmat que \u201cpujar la taxa de residus sense un pla de mesures socials ni una tarifaci\u00f3 progressiva \u00e9s inacceptable\u201d. <\/p>\n<p>En paral\u00b7lel, el pressupost mostra una reducci\u00f3 significativa d\u2019inversions reals (una baixada propera al 37%) i una depend\u00e8ncia creixent de modificacions de cr\u00e8dit i romanents per finan\u00e7ar despeses corrents, fet que, segons els socialistes, reprodueix els mateixos errors que van portar a l\u2019incompliment de la regla de despesa en 2024, i va suposar el seguiment d\u2019un pla econ\u00f2mic-financer que est\u00e0 en vigor. Mir ha volgut destacar la hipocresia de Gonzalvo, en recon\u00e8ixer ara que les subvencions municipals serveixen per estimular l\u2019economia, mentre que quan estava a l\u2019oposici\u00f3 criticava totes les convocat\u00f2ries.<\/p>\n<p>El grup socialista tamb\u00e9 posa en relleu altres punts preocupants del document: l\u2019increment sostingut de despeses corrents (+15,19%), l\u2019\u00fas reiterat de modificacions de cr\u00e8dit (m\u00e9s de quinze enguany) i la reducci\u00f3 de la dotaci\u00f3 per a inversions reals, que posa en risc projectes estrat\u00e8gics i la capacitat d\u2019inversi\u00f3 futura del municipi. <\/p>\n<p>Un altre punt fosc dels comptes d\u2019Andratx de 2026 \u00e9s l\u2019annex de personal, amb una quantificaci\u00f3 econ\u00f2mica de la relaci\u00f3 de llocs de feina que no es correspon amb la quantitat que el pressupost reserva per Cap\u00edtol I, amb desquadraments flagrants entre plantilla real i places creades i dotades que provoca que el pressupost 2026 presenti \u201cmanca de cr\u00e8dit per a 7 places de personal laboral que en realitat figuren a la plantilla\u201d, o que es declarin vacants dues places de funcionari del servei d\u2019urbanisme, quan les dues han quedat adjudicades recentment. <\/p>\n<p>\u201cSense la pujada brutal de les previsions per ingressos per la taxa dels fems i multes, el pressupost d\u2019Andratrx baixaria respecte el d\u2019enguany\u201d, segons l\u2019apreciaci\u00f3 de Mir, en gran mesura per la retallada d\u2019ingressos provinents del Govern i del Consell de Mallorca en prop d\u2019un mili\u00f3 d\u2019euros. <\/p>\n[\/vc_column_text][\/vc_column][\/vc_row]\n<\/div>","protected":false},"excerpt":{"rendered":"El pressupost 2026 d\u2019Andratx \u00e9s \u201cun projecte poc rigor\u00f3s que carrega la factura de la mala gesti\u00f3 de l\u2019Ajuntament sobre la ciutadania\u201d. El portaveu socialista, Antoni Mir ha afirmat que el govern municipal presenta un pressupost amb augments d\u2019ingressos \u201cpoc justificats\u201d i una pujada de taxes sobretot la de residus urbans, que \u201camaga mancances de&hellip;","protected":false},"author":3,"featured_media":30696,"comment_status":"closed","ping_status":"closed","sticky":false,"template":"","format":"standard","meta":{"footnotes":""},"categories":[89,2,1,92],"tags":[526,218,533,362,105,83,507,77,360,351],"class_list":["post-30695","post","type-post","status-publish","format-standard","has-post-thumbnail","hentry","category-consell-de-mallorca","category-federacio-de-mallorca","category-federacio-de-mallorca-portada","category-portada","tag-agrupacio-socialista-dandratx","tag-amanda-fernandez","tag-antoni-mir","tag-ares-fernandez","tag-catalina-cladera","tag-consell-de-mallorca","tag-enaitz-inan","tag-federacio-socialista-de-mallorca","tag-joan-mendez","tag-tolo-aguilar"],"_links":{"self":[{"href":"https:\/\/www.psib-psoe.org\/mallorca\/wp-json\/wp\/v2\/posts\/30695"}],"collection":[{"href":"https:\/\/www.psib-psoe.org\/mallorca\/wp-json\/wp\/v2\/posts"}],"about":[{"href":"https:\/\/www.psib-psoe.org\/mallorca\/wp-json\/wp\/v2\/types\/post"}],"author":[{"embeddable":true,"href":"https:\/\/www.psib-psoe.org\/mallorca\/wp-json\/wp\/v2\/users\/3"}],"replies":[{"embeddable":true,"href":"https:\/\/www.psib-psoe.org\/mallorca\/wp-json\/wp\/v2\/comments?post=30695"}],"version-history":[{"count":1,"href":"https:\/\/www.psib-psoe.org\/mallorca\/wp-json\/wp\/v2\/posts\/30695\/revisions"}],"predecessor-version":[{"id":30697,"href":"https:\/\/www.psib-psoe.org\/mallorca\/wp-json\/wp\/v2\/posts\/30695\/revisions\/30697"}],"wp:featuredmedia":[{"embeddable":true,"href":"https:\/\/www.psib-psoe.org\/mallorca\/wp-json\/wp\/v2\/media\/30696"}],"wp:attachment":[{"href":"https:\/\/www.psib-psoe.org\/mallorca\/wp-json\/wp\/v2\/media?parent=30695"}],"wp:term":[{"taxonomy":"category","embeddable":true,"href":"https:\/\/www.psib-psoe.org\/mallorca\/wp-json\/wp\/v2\/categories?post=30695"},{"taxonomy":"post_tag","embeddable":true,"href":"https:\/\/www.psib-psoe.org\/mallorca\/wp-json\/wp\/v2\/tags?post=30695"}],"curies":[{"name":"wp","href":"https:\/\/api.w.org\/{rel}","templated":true}]}}