{"id":30698,"date":"2025-11-29T15:25:26","date_gmt":"2025-11-29T13:25:26","guid":{"rendered":"https:\/\/www.psib-psoe.org\/mallorca\/?p=30698"},"modified":"2025-11-29T15:25:37","modified_gmt":"2025-11-29T13:25:37","slug":"amanda-fernandez-i-rosario-sanchez-reivindiquen-el-dialeg-la-bona-politica-i-un-socialisme-fort-per-combatre-els-discursos-dodi-de-lextrema-dreta-a-lescola-de-tardor","status":"publish","type":"post","link":"https:\/\/www.psib-psoe.org\/mallorca\/amanda-fernandez-i-rosario-sanchez-reivindiquen-el-dialeg-la-bona-politica-i-un-socialisme-fort-per-combatre-els-discursos-dodi-de-lextrema-dreta-a-lescola-de-tardor\/","title":{"rendered":"Amanda Fern\u00e0ndez i Rosario S\u00e1nchez reivindiquen el di\u00e0leg, la bona pol\u00edtica i un socialisme fort per combatre els discursos d\u2019odi de l\u2019extrema dreta, a l\u2019Escola de Tardor \u2018Antoni Alemany i Cladera\u2019."},"content":{"rendered":"<div class=\"wpb-content-wrapper\">\n<figure class=\"wp-block-image size-full is-resized is-style-default\"><img loading=\"lazy\" decoding=\"async\" width=\"1600\" height=\"1200\" src=\"https:\/\/www.psib-psoe.org\/mallorca\/wp-content\/uploads\/Escola-Tardor-Algaida-1.jpeg\" alt=\"\" class=\"wp-image-30699\" style=\"width:788px;height:auto\" srcset=\"https:\/\/www.psib-psoe.org\/mallorca\/wp-content\/uploads\/Escola-Tardor-Algaida-1.jpeg 1600w, https:\/\/www.psib-psoe.org\/mallorca\/wp-content\/uploads\/Escola-Tardor-Algaida-1-300x225.jpeg 300w, https:\/\/www.psib-psoe.org\/mallorca\/wp-content\/uploads\/Escola-Tardor-Algaida-1-1024x768.jpeg 1024w, https:\/\/www.psib-psoe.org\/mallorca\/wp-content\/uploads\/Escola-Tardor-Algaida-1-768x576.jpeg 768w, https:\/\/www.psib-psoe.org\/mallorca\/wp-content\/uploads\/Escola-Tardor-Algaida-1-1536x1152.jpeg 1536w, https:\/\/www.psib-psoe.org\/mallorca\/wp-content\/uploads\/Escola-Tardor-Algaida-1-150x113.jpeg 150w, https:\/\/www.psib-psoe.org\/mallorca\/wp-content\/uploads\/Escola-Tardor-Algaida-1-600x450.jpeg 600w, https:\/\/www.psib-psoe.org\/mallorca\/wp-content\/uploads\/Escola-Tardor-Algaida-1-900x675.jpeg 900w, https:\/\/www.psib-psoe.org\/mallorca\/wp-content\/uploads\/Escola-Tardor-Algaida-1-20x16.jpeg 20w\" sizes=\"(max-width: 1600px) 100vw, 1600px\" \/><\/figure>\n\n\n[vc_row][vc_column][vc_column_text]\n<p><em><u> La Federaci\u00f3 Socialista de Mallorca dedica l\u2019Escola de Tardor a detectar i rebatre els discursos d\u2019odi de l\u2019extrema dreta, en temes socials en qu\u00e8 les not\u00edcies falses i la desinformaci\u00f3 cerquen l\u2019estigmatitzaci\u00f3 com s\u00f3n el feminisme, la pobresa i la immigraci\u00f3. La secret\u00e0ria general de la FSM, Amanda Fern\u00e0ndez ha posat d\u2019exemple de la mala gesti\u00f3 pol\u00edtica la frase insultant i despectiva que una regidora del PP de Llucmajor va dedicar a les intervencions que demanaven  millores per a l\u2019Escola Municipal d\u2019Arts Esc\u00e8niques. Una reacci\u00f3 \u201cinadmissible\u201d, ha dit. L\u2019acte s\u2019ha celebrat a Algaida i ha comptat amb la pres\u00e8ncia de la presidenta del PSOE de Madrid, Paca Sauquillo, la diputada socialista  al Congr\u00e9s, Andrea Fern\u00e1ndez, el director d\u2019EAPN Balears, Andreu Grimalt, i la responsable de l\u2019Associaci\u00f3 Pa i Mel de sa Pobla, Lucia Vial.<br \/>\n[\/vc_column_text][\/vc_column][\/vc_row]\n\n\n[vc_row][vc_column][vc_column_text]\n<p>La Federaci\u00f3 Socialista de Mallorca ha celebrat una nova edici\u00f3 de l\u2019Escola de Tardor Antoni Alemany i Cladera, una cita consolidada que serveix com a espai de reflexi\u00f3 i formaci\u00f3 amb experts i representants de la societat civil. Enguany, les jornades s\u2019han centrat en l\u2019impacte dels discursos d\u2019odi i en com aquests afecten especialment col\u00b7lectius vulnerables com les dones, les persones migrants i el col\u00b7lectiu LGTBI.<\/p>\n<p>La secret\u00e0ria general de la Federaci\u00f3, Amanda Fern\u00e0ndez, ha advertit que \u201cl\u2019extrema dreta, amb la permissivitat de la dreta, est\u00e0 fent servir els discursos de l\u2019odi, la mentida i la crispaci\u00f3: s\u00f3n discursos que fomenten el negacionisme de la viol\u00e8ncia masclista, de la mem\u00f2ria democr\u00e0tica, i per mostra, aquest pacte entre Prohens i Vox per derogar la Llei de Mem\u00f2ria Democr\u00e0tica\u201d. <\/p>\n<p>La vicesecret\u00e0ria general del PSIB, Rosario S\u00e1nchez, tamb\u00e9 ha participat en l\u2019Escola de Tardor de la FSM a Algaida. S\u00e1nchez ha destacat la proliferaci\u00f3 dels \u201cdiscursos d\u2019odi que enfronten la societat, i que discriminen a les persones pel color de pell, el seu origen o pel seu g\u00e8nere (per ser dona), per ser LGTBI, q\u00fcestions que ja ten\u00edem superats a la societat\u201d.<\/p>\n<p>Davant d\u2019aquesta situaci\u00f3 promoguda per la dreta i l\u2019extrema dreta, la dirigent socialista ha defensat la utilitat de jornades com l\u2019Escola de Tardor, per combatre \u201cl\u2019estrat\u00e8gia del PP, que de la ma de Vox fa tot el contrari:  promou aquest discurs de l\u2019odi i l\u2019est\u00e0 emprant com a eina electoral i partidista, per polaritzar la societat, perjudicant la conviv\u00e8ncia i la democr\u00e0cia\u201d.  Una actitud que S\u00e1nchez explica per la voluntat de la dreta \u201cd\u2019amagar la seva inacci\u00f3 davant problemes de la societat com l\u2019acc\u00e9s a l\u2019habitatge, assequible, o la manca de gesti\u00f3 del fenomen tur\u00edstic al nostre territori\u201d. <\/p>\n<p>Un exemple recent de discurs de l\u2019odi i de menyspreu cap a la discrep\u00e0ncia: el PP al ple municipal de Llucmajor. <\/p>\n<p>Fern\u00e0ndez ha assenyalat que la situaci\u00f3 a les Illes \u00e9s un exemple d\u2019aquest bloqueig exercit amb la plena complicitat del PP de Marga Prohens, i de Lloren\u00e7 Galm\u00e9s a Mallorca. I en aquest sentit, la secret\u00e0ria general de la FSM ha posat el recent exemple de com una regidora del PP de Llucmajor es va expressar durant el darrer ple municipal en refer\u00e8ncia a les demandes ciutadanes, de docents i alumnes de l\u2019Escola de M\u00fasica i Arts Esc\u00e8niques, per reclamar unes millors instal\u00b7lacions. En un moment del ple, la regidora popular va eztibar \u201cque les den por culo a todos\u201d, que va ser recollit pels micr\u00f2fons del mateix ple. <\/p>\n<p>\u201c\u00c9s inadmissible\u201d, ha censurat Fern\u00e0ndez. \u201cEls ciutadans i ciutadanes ens demanen que ho aturem, que \u00e9s el que  nosaltres farem\u201d, ha dit. Davant aix\u00f2, Fern\u00e0ndez ha reivindicat \u201cun socialisme fort, unit i transformador, capa\u00e7 de donar les respostes que el PP no ha estat capa\u00e7 d\u2019oferir\u201d. La dirigent socialista ha remarcat el comprom\u00eds del partit, els batles i batlesses, regidors i regidors amb una pol\u00edtica basada en el rigor, el di\u00e0leg, el respecte i la transpar\u00e8ncia, que ha de fonamentar l\u2019alternativa als actuals governs de la dreta i la ultradreta. <\/p>\n<p>L\u2019Escola de Tardor de la FSM porta el nom d\u2019Antoni Alemany i Cladera, inspirador d\u2019aquest espai de reflexi\u00f3, i ha reivindicat el seu llegat com a exemple de di\u00e0leg, consens i bona pol\u00edtica. La jornada, celebrada a Algaida, ha comptat amb la participaci\u00f3 inicial de la batlessa del municipi, Marga Fullana, mentre que la diputada eivissenca al Congr\u00e9s, Milena Herrera, i el diputat al Parlament, Omar Lamin, han condu\u00eft els dos debats celebrats, el primer dels quals dedicat a la misog\u00ednia que patrocina l\u2019extrema dreta, amb Paca Sauquillo i Andrea Fern\u00e1ndez. I el segon en que han pres la paraula dues entitats, EAPN Balears i Pa i Mel de sa Pobla, sobre el discurs supremacista, racista i d\u2019estigmatitzaci\u00f3 de la immigraci\u00f3.  <\/p>\n[\/vc_column_text][\/vc_column][\/vc_row]\n<\/div>","protected":false},"excerpt":{"rendered":"[vc_row][vc_column][vc_column_text] La Federaci\u00f3 Socialista de Mallorca dedica l\u2019Escola de Tardor a detectar i rebatre els discursos d\u2019odi de l\u2019extrema dreta, en temes socials en qu\u00e8 les not\u00edcies falses i la desinformaci\u00f3 cerquen l\u2019estigmatitzaci\u00f3 com s\u00f3n el feminisme, la pobresa i la immigraci\u00f3. La secret\u00e0ria general de la FSM, Amanda Fern\u00e0ndez ha posat d\u2019exemple de la&hellip;","protected":false},"author":3,"featured_media":30699,"comment_status":"closed","ping_status":"closed","sticky":false,"template":"","format":"standard","meta":{"footnotes":""},"categories":[2,1,90,92],"tags":[218,663,362,83,650,77,483,639,423,661,551,662,84],"class_list":["post-30698","post","type-post","status-publish","format-standard","has-post-thumbnail","hentry","category-federacio-de-mallorca","category-federacio-de-mallorca-portada","category-municipis","category-portada","tag-amanda-fernandez","tag-andrea-fernandez","tag-ares-fernandez","tag-consell-de-mallorca","tag-daniel-oliveira","tag-federacio-socialista-de-mallorca","tag-joan-ferrer","tag-joan-mendez-2","tag-marga-fullana","tag-milena-herrera","tag-omar-lamin","tag-paca-sauquillo","tag-psib-psoe"],"_links":{"self":[{"href":"https:\/\/www.psib-psoe.org\/mallorca\/wp-json\/wp\/v2\/posts\/30698"}],"collection":[{"href":"https:\/\/www.psib-psoe.org\/mallorca\/wp-json\/wp\/v2\/posts"}],"about":[{"href":"https:\/\/www.psib-psoe.org\/mallorca\/wp-json\/wp\/v2\/types\/post"}],"author":[{"embeddable":true,"href":"https:\/\/www.psib-psoe.org\/mallorca\/wp-json\/wp\/v2\/users\/3"}],"replies":[{"embeddable":true,"href":"https:\/\/www.psib-psoe.org\/mallorca\/wp-json\/wp\/v2\/comments?post=30698"}],"version-history":[{"count":1,"href":"https:\/\/www.psib-psoe.org\/mallorca\/wp-json\/wp\/v2\/posts\/30698\/revisions"}],"predecessor-version":[{"id":30700,"href":"https:\/\/www.psib-psoe.org\/mallorca\/wp-json\/wp\/v2\/posts\/30698\/revisions\/30700"}],"wp:featuredmedia":[{"embeddable":true,"href":"https:\/\/www.psib-psoe.org\/mallorca\/wp-json\/wp\/v2\/media\/30699"}],"wp:attachment":[{"href":"https:\/\/www.psib-psoe.org\/mallorca\/wp-json\/wp\/v2\/media?parent=30698"}],"wp:term":[{"taxonomy":"category","embeddable":true,"href":"https:\/\/www.psib-psoe.org\/mallorca\/wp-json\/wp\/v2\/categories?post=30698"},{"taxonomy":"post_tag","embeddable":true,"href":"https:\/\/www.psib-psoe.org\/mallorca\/wp-json\/wp\/v2\/tags?post=30698"}],"curies":[{"name":"wp","href":"https:\/\/api.w.org\/{rel}","templated":true}]}}