{"id":30701,"date":"2025-11-30T12:29:09","date_gmt":"2025-11-30T10:29:09","guid":{"rendered":"https:\/\/www.psib-psoe.org\/mallorca\/?p=30701"},"modified":"2025-11-30T12:29:20","modified_gmt":"2025-11-30T10:29:20","slug":"els-socialistes-de-llucmajor-exigeixen-la-dimissio-de-la-regidora-durbanisme-i-de-la-batlessa-per-haver-insultat-i-menyspreat-a-ciutadans-del-poble-en-el-ple-de-dimecres-passat","status":"publish","type":"post","link":"https:\/\/www.psib-psoe.org\/mallorca\/els-socialistes-de-llucmajor-exigeixen-la-dimissio-de-la-regidora-durbanisme-i-de-la-batlessa-per-haver-insultat-i-menyspreat-a-ciutadans-del-poble-en-el-ple-de-dimecres-passat\/","title":{"rendered":"Els Socialistes de Llucmajor exigeixen la dimissi\u00f3 de la regidora d\u2019Urbanisme i de la batlessa per haver insultat i menyspreat a ciutadans del poble en el ple de dimecres passat."},"content":{"rendered":"<div class=\"wpb-content-wrapper\">\n<figure class=\"wp-block-image size-full is-resized is-style-default\"><img loading=\"lazy\" decoding=\"async\" width=\"1600\" height=\"1200\" src=\"https:\/\/www.psib-psoe.org\/mallorca\/wp-content\/uploads\/ple-Llucmajor-030725-1.jpeg\" alt=\"\" class=\"wp-image-30702\" style=\"width:788px;height:auto\" srcset=\"https:\/\/www.psib-psoe.org\/mallorca\/wp-content\/uploads\/ple-Llucmajor-030725-1.jpeg 1600w, https:\/\/www.psib-psoe.org\/mallorca\/wp-content\/uploads\/ple-Llucmajor-030725-1-300x225.jpeg 300w, https:\/\/www.psib-psoe.org\/mallorca\/wp-content\/uploads\/ple-Llucmajor-030725-1-1024x768.jpeg 1024w, https:\/\/www.psib-psoe.org\/mallorca\/wp-content\/uploads\/ple-Llucmajor-030725-1-768x576.jpeg 768w, https:\/\/www.psib-psoe.org\/mallorca\/wp-content\/uploads\/ple-Llucmajor-030725-1-1536x1152.jpeg 1536w, https:\/\/www.psib-psoe.org\/mallorca\/wp-content\/uploads\/ple-Llucmajor-030725-1-150x113.jpeg 150w, https:\/\/www.psib-psoe.org\/mallorca\/wp-content\/uploads\/ple-Llucmajor-030725-1-600x450.jpeg 600w, https:\/\/www.psib-psoe.org\/mallorca\/wp-content\/uploads\/ple-Llucmajor-030725-1-900x675.jpeg 900w, https:\/\/www.psib-psoe.org\/mallorca\/wp-content\/uploads\/ple-Llucmajor-030725-1-20x16.jpeg 20w\" sizes=\"(max-width: 1600px) 100vw, 1600px\" \/><\/figure>\n\n\n[vc_row][vc_column][vc_column_text]\n<p><em><u> El portaveu del Grup Municipal Socialista a Llucmajor, Jaume J. Oliver, qualifica com a \u201cintolerable la manca de respecte, l\u2019insult i el menyspreu\u201d de la regidora d\u2019Urbanisme, Inmaculada P\u00e9rez (PP) quan va comentar literalment a la batlessa, Xisca Lascolas (PP), que els assistents al plenari municipal del passat dimecres se n\u2019havien \u2018d\u2019anar a prendre pel cul\u2019 i la mateixa Lascolas va dir \u201cvull que marxin\u201d en relaci\u00f3 als ciutadans que havien anat a presenciar la sessi\u00f3. Han passat m\u00e9s de 24 hores des que s\u2019ha fet viral el v\u00eddeo per xarxes i mitjans digitals, i ni la batlessa ni la regidora s\u2019han dignat, ni tant sols, a demanar disculpes. El regidor socialista exigeix la dimissi\u00f3 immediata de la regidora i de la batlessa: els m\u00e0xims representants dels ciutadans de Llucmajor no poden tractar d\u2019aquesta manera tant \u201cbarroera dedicant expressions grolleres a ciutadans que tenen tot el dret d\u2019expressar les seves queixes davant dels seus representants al municipi\u201d.<br \/>\n   <\/u><\/em><\/p>\n[\/vc_column_text][\/vc_column][\/vc_row]\n\n\n[vc_row][vc_column][vc_column_text]\n<p>El ple de dimecres de dimecres passat a l\u2019Ajuntament de Llucmajor es va debatre una moci\u00f3 del Grup Socialista, en suport a les reivindicacions de la comunitat educativa de l\u2019Escola de M\u00fasica i Arts Esc\u00e8niques de Llucmajor, en demanda d\u2019un nou local que pugui acollir les seves activitats. Una nodrida representaci\u00f3 de la direcci\u00f3 de l\u2019escola, els docents, i els usuaris van assistir al plenari i hi van intervenir per expressar la seva demanda. La sorpresa ha estat descobrir que en un rec\u00e9s del plenari la regidora d\u2019Urbanisme, Inmaculada P\u00e9rez (PP), va fer un comentari groller i carregat de menyspreu, quan va dir que els ciutadans presents a la sala podien \u2018anar a prendre pel cul\u2019. La batlessa Lascolas va completar el menyspreu quan va expressar el seu desig per a que els ciutadans que havien accedit al ple abandonessin la sala. <\/p>\n<p>Els comentaris van ser captats per la transmissi\u00f3 del ple que es fa a trav\u00e9s dels mitjans del mateix Ajuntament, i aquest divendres s\u2019ha dif\u00f3s el moment exacte en que P\u00e9rez i Lascolas profereixen aquests exabruptes,  a trav\u00e9s de xarxes socials i mitjans digitals. \u201cL\u2019estupor al poble \u00e9s enorme\u201d, ha comentat Jaume J. Oliver, perqu\u00e8 \u201cde cap manera un regidor d\u2019un grup pol\u00edtic pot tractar d\u2019aquesta manera a la ciutadania a la qual representa\u201d. <\/p>\n<p>Els socialistes de Llucmajor consideren que ni la regidora ni la batlessa \u201cpoden continuar ni un minut m\u00e9s representant a la ciutadania a la qual han menyspreat\u201d. Oliver ha exigit la dimissi\u00f3 immediata de P\u00e9rez i Lascolas, que en el moment de publicar aquesta nota de premsa encara no havien sortit a demanar disculpes p\u00fabliques a tots els ciutadans agreujats. <\/p>\n<p>Per Oliver aquesta \u201cgrav\u00edssima situaci\u00f3\u201d, que \u201catempta contra la normal conviv\u00e8ncia\u201d a Llucmajor, \u201cinhabilita aquestes dues pol\u00edtiques del PP per seguir en c\u00e0rrecs de representaci\u00f3 p\u00fablica\u201d, i suposa \u201cla gota que fa vessar el tass\u00f3\u201d, despr\u00e9s de dos anys i mig \u201cd\u2019una gesti\u00f3 nefasta\u201d al capdavant del consistori llucmajorer. <\/p>\n<p>Oliver ha recordat les crisis no resoltes als ve\u00efnats que pateixen mol\u00e8sties per l\u2019activitat de la macro-granja de gallines que segueix operant al municipi; els recurrents problemes en el servei de recollida de fems, les dimissions de fins a set regidors de l\u2019equip de govern, les mancances en les infraestructures de la Policia Local, la manca de manteniment de la climatitzaci\u00f3 dels edificis municipals, o les afectacions a finques privades i el canvi de tra\u00e7at ferroviari proposat pel PP per la l\u00ednia Campos-Palma al seu pas per Llucmajor, o la inacci\u00f3 de l\u2019Ajuntament per posar en marxa els centres de dia per a gent gran ja acabats i tancats com el de Badia Gran. \u201cS\u00f3n moltes les q\u00fcestions que Lascolas no \u00e9s capa\u00e7 de solucionar, i creiem realment que ja no pot seguir liderant el poble. Ella i la regidora P\u00e9rez han de fer una passa enrere, pel be de Llucmajor i per la dignitat de tota la ciutadania\u201d, ha dit Oliver. <\/p>\n[\/vc_column_text][\/vc_column][\/vc_row]\n\n\n\n<p><\/p>\n<\/div>","protected":false},"excerpt":{"rendered":"[vc_row][vc_column][vc_column_text] El portaveu del Grup Municipal Socialista a Llucmajor, Jaume J. Oliver, qualifica com a \u201cintolerable la manca de respecte, l\u2019insult i el menyspreu\u201d de la regidora d\u2019Urbanisme, Inmaculada P\u00e9rez (PP) quan va comentar literalment a la batlessa, Xisca Lascolas (PP), que els assistents al plenari municipal del passat dimecres se n\u2019havien \u2018d\u2019anar a prendre&hellip;","protected":false},"author":3,"featured_media":30702,"comment_status":"closed","ping_status":"closed","sticky":false,"template":"","format":"standard","meta":{"footnotes":""},"categories":[2,1,90,92],"tags":[218,362,613,497,234,98,84,211,212],"class_list":["post-30701","post","type-post","status-publish","format-standard","has-post-thumbnail","hentry","category-federacio-de-mallorca","category-federacio-de-mallorca-portada","category-municipis","category-portada","tag-amanda-fernandez","tag-ares-fernandez","tag-elsa-herranz","tag-jaume-j-oliver","tag-jaume-oliver","tag-llucmajor","tag-psib-psoe","tag-sarenal","tag-sarenal-de-llucmajor"],"_links":{"self":[{"href":"https:\/\/www.psib-psoe.org\/mallorca\/wp-json\/wp\/v2\/posts\/30701"}],"collection":[{"href":"https:\/\/www.psib-psoe.org\/mallorca\/wp-json\/wp\/v2\/posts"}],"about":[{"href":"https:\/\/www.psib-psoe.org\/mallorca\/wp-json\/wp\/v2\/types\/post"}],"author":[{"embeddable":true,"href":"https:\/\/www.psib-psoe.org\/mallorca\/wp-json\/wp\/v2\/users\/3"}],"replies":[{"embeddable":true,"href":"https:\/\/www.psib-psoe.org\/mallorca\/wp-json\/wp\/v2\/comments?post=30701"}],"version-history":[{"count":1,"href":"https:\/\/www.psib-psoe.org\/mallorca\/wp-json\/wp\/v2\/posts\/30701\/revisions"}],"predecessor-version":[{"id":30703,"href":"https:\/\/www.psib-psoe.org\/mallorca\/wp-json\/wp\/v2\/posts\/30701\/revisions\/30703"}],"wp:featuredmedia":[{"embeddable":true,"href":"https:\/\/www.psib-psoe.org\/mallorca\/wp-json\/wp\/v2\/media\/30702"}],"wp:attachment":[{"href":"https:\/\/www.psib-psoe.org\/mallorca\/wp-json\/wp\/v2\/media?parent=30701"}],"wp:term":[{"taxonomy":"category","embeddable":true,"href":"https:\/\/www.psib-psoe.org\/mallorca\/wp-json\/wp\/v2\/categories?post=30701"},{"taxonomy":"post_tag","embeddable":true,"href":"https:\/\/www.psib-psoe.org\/mallorca\/wp-json\/wp\/v2\/tags?post=30701"}],"curies":[{"name":"wp","href":"https:\/\/api.w.org\/{rel}","templated":true}]}}