{"id":30705,"date":"2025-12-02T14:51:41","date_gmt":"2025-12-02T12:51:41","guid":{"rendered":"https:\/\/www.psib-psoe.org\/mallorca\/?p=30705"},"modified":"2025-12-02T14:51:53","modified_gmt":"2025-12-02T12:51:53","slug":"el-departament-de-turisme-del-consell-torna-a-anunciar-per-2026-lincrement-de-places-per-inspeccio-sancions-i-ordenacio-turistica-que-no-ha-complert-en-2025","status":"publish","type":"post","link":"https:\/\/www.psib-psoe.org\/mallorca\/el-departament-de-turisme-del-consell-torna-a-anunciar-per-2026-lincrement-de-places-per-inspeccio-sancions-i-ordenacio-turistica-que-no-ha-complert-en-2025\/","title":{"rendered":"El departament de Turisme del Consell torna a anunciar per 2026 l\u2019increment de places per inspecci\u00f3, sancions i ordenaci\u00f3 tur\u00edstica que no ha complert en 2025."},"content":{"rendered":"<div class=\"wpb-content-wrapper\">\n<figure class=\"wp-block-image size-full is-resized is-style-default\"><img loading=\"lazy\" decoding=\"async\" width=\"1600\" height=\"1200\" src=\"http:\/\/www.psib-psoe.org\/mallorca\/wp-content\/uploads\/Ple-131125-1.jpeg\" alt=\"\" class=\"wp-image-30651\" style=\"width:788px;height:auto\" srcset=\"https:\/\/www.psib-psoe.org\/mallorca\/wp-content\/uploads\/Ple-131125-1.jpeg 1600w, https:\/\/www.psib-psoe.org\/mallorca\/wp-content\/uploads\/Ple-131125-1-300x225.jpeg 300w, https:\/\/www.psib-psoe.org\/mallorca\/wp-content\/uploads\/Ple-131125-1-1024x768.jpeg 1024w, https:\/\/www.psib-psoe.org\/mallorca\/wp-content\/uploads\/Ple-131125-1-768x576.jpeg 768w, https:\/\/www.psib-psoe.org\/mallorca\/wp-content\/uploads\/Ple-131125-1-1536x1152.jpeg 1536w, https:\/\/www.psib-psoe.org\/mallorca\/wp-content\/uploads\/Ple-131125-1-150x113.jpeg 150w, https:\/\/www.psib-psoe.org\/mallorca\/wp-content\/uploads\/Ple-131125-1-600x450.jpeg 600w, https:\/\/www.psib-psoe.org\/mallorca\/wp-content\/uploads\/Ple-131125-1-900x675.jpeg 900w, https:\/\/www.psib-psoe.org\/mallorca\/wp-content\/uploads\/Ple-131125-1-20x16.jpeg 20w\" sizes=\"(max-width: 1600px) 100vw, 1600px\" \/><\/figure>\n\n\n[vc_row][vc_column][vc_column_text]\n<p><em><u>  La par\u00e0lisi i la inacci\u00f3 del departament de Turisme del Consell de Mallorca, i m\u00e9s en concret, als serveis que han de dotar la lluita contra l\u2019allotjament il\u00b7legal, duen al conseller Jos\u00e9 Marcial Rodr\u00edguez a tornar a destacar per 2026 23 noves contractacions de tramitadors de sancions, inspectors tur\u00edstics i personal d\u2019ordenaci\u00f3 que ja va incloure en els pressupostos de 2025, i que no ha cobert. \u201cMarcial Rodr\u00edguez ja no controla el seu departament, i es veu obligat a vendre coses que no fa\u201d, ha dit la portaveu socialista, Catalina Cladera. L\u2019increment pressupostari al departament de Turisme per 2026 es deu exclusivament a la radical pujada de les partides dedicades a promoci\u00f3, publicitat i propaganda, i no a la contractaci\u00f3 de nou personal, que no consta ni tant sols en les previsions de la relaci\u00f3 de llocs de feina del Consell. <\/p>\n[\/vc_column_text][\/vc_column][\/vc_row]\n\n\n[vc_row][vc_column][vc_column_text]\n<p>El Grup Socialista al Consell de Mallorca ha denunciat els incompliments del conseller de Turisme, Jos\u00e9 Marcial Rodr\u00edguez, que ha tornat a destacar l\u2019increment de 23 persones al servei d\u2019Ordenaci\u00f3 Tur\u00edstica, que ja va anunciar just fa un any i que no va contractar. Per Cladera, que Rodr\u00edguez anunci\u00ef les mateixes coses any rere any demostren \u201cl\u2019absolut frac\u00e0s en la gesti\u00f3 de Marcial, que nom\u00e9s ven fum, registres buits de contingut, concursos que fracassen i increments de places laborals que no compleix i que arrossega de pressupost en pressupost. A m\u00e9s, aquest increment compta amb finan\u00e7ament de l\u2019Impost del Turisme Sostenible (ITS). <\/p>\n<p>L\u2019anunci de la creaci\u00f3 de places a ordenaci\u00f3 tur\u00edstica es va fer el novembre de 2024, coincidint amb la presentaci\u00f3 del pressupost 2025 que va fer Galm\u00e9s en persona. Eren 27 noves places a inspecci\u00f3, sancions i ordenaci\u00f3, que no s\u2019han creat durant tot l\u2019any, malgrat haver aprovat una modificaci\u00f3 de cr\u00e8dit per personal. Ara, un any despr\u00e9s, Galm\u00e9s i Rodr\u00edguez tornen a anunciar les places, com a gran aposta de Turisme al Consell. \u201cEl pressupost del 2026 demostra un cop m\u00e9s les mentides de Marcial Rodr\u00edguez, no han fet les places que prometeren l\u2019any passat\u201d. <\/p>\n<p>La nota de premsa de Turisme recull que l\u2019increment pressupostari a Turisme respon precisament a aquest increment de personal, quan a la relaci\u00f3 de llocs de feina ni tant sols s\u2019han previst les noves places d\u2019enguany, ni les promeses l\u2019any anterior. Al contrari, com ha constatat el Grup Socialista, l\u2019increment de m\u00e9s del 20% en el pressupost del departament es deu a l\u2019augment desmesurat de les partides dedicades a promoci\u00f3 tur\u00edstica, publicitat i autobombo, que creixen en m\u00e9s d\u2019un 40%. <\/p>\n<p>Precisament en el darrer Consell Rector, celebrat divendres passat, es van aprovar diverses quantitats per a mantenir la campanya publicit\u00e0ria \u201cMallorca, ca nostra\u201d i per exposar publicitat de Mallorca dins de l\u2019Aeroport de Palma, per valor total superior a 1,5 milions d\u2019euros, provinents dels fons de l\u2019ITS. \u201cUn altre engany de Rodr\u00edguez i Galm\u00e9s \u00e9s dir que es fa menys promoci\u00f3 tur\u00edstica de Mallorca, en 2026 es batran tots els r\u00e8cords pressupostaris per a promoci\u00f3 tur\u00edstica, quan el missatge oficial parla de contenci\u00f3 i davallada\u201d. <\/p>\n<p>Tot aquest caramull de mentides entorn de la gesti\u00f3 de Turisme te la seva conseq\u00fc\u00e8ncia en l\u2019activitat real del departament: Rodr\u00edguez ha reconegut que ha deixat caducar 52 expedients sancionadors, per no haver fet cap actuaci\u00f3 en tot un any. Tampoc ha rem\u00e8s cap dels casos detectats a la Fiscalia, tal i com podria fer per les atribucions que el Consell te per llei.  \u201cLa permissivitat i la passivitat de Rodr\u00edguez \u00e9s la norma de funcionament a Ordenaci\u00f3 Tur\u00edstica, malgrat que es vulgui fer veure el contrari\u201d, ha dit Cladera. La portaveu socialista ha acabat recordant la \u201cgesti\u00f3 desastrosa\u201d de Rodr\u00edguez, que va impedir culminar un proc\u00e9s d\u2019adjudicaci\u00f3 de places tur\u00edstiques que va ser anul\u00b7lat tres vegades.  <\/p>\n[\/vc_column_text][\/vc_column][\/vc_row]\n\n\n\n<figure class=\"wp-block-audio\"><audio controls src=\"https:\/\/www.psib-psoe.org\/mallorca\/wp-content\/uploads\/021225-Cladera-pressupost-Turisme.mp3\"><\/audio><\/figure>\n<\/div>","protected":false},"excerpt":{"rendered":"[vc_row][vc_column][vc_column_text] La par\u00e0lisi i la inacci\u00f3 del departament de Turisme del Consell de Mallorca, i m\u00e9s en concret, als serveis que han de dotar la lluita contra l\u2019allotjament il\u00b7legal, duen al conseller Jos\u00e9 Marcial Rodr\u00edguez a tornar a destacar per 2026 23 noves contractacions de tramitadors de sancions, inspectors tur\u00edstics i personal d\u2019ordenaci\u00f3 que ja&hellip;","protected":false},"author":3,"featured_media":30651,"comment_status":"closed","ping_status":"closed","sticky":false,"template":"","format":"standard","meta":{"footnotes":""},"categories":[2,1,90,92],"tags":[218,343,362,447,546,105,83,77,186,639,504,84,296],"class_list":["post-30705","post","type-post","status-publish","format-standard","has-post-thumbnail","hentry","category-federacio-de-mallorca","category-federacio-de-mallorca-portada","category-municipis","category-portada","tag-amanda-fernandez","tag-andreu-serra","tag-ares-fernandez","tag-bea-gamundi","tag-biel-alomar","tag-catalina-cladera","tag-consell-de-mallorca","tag-federacio-socialista-de-mallorca","tag-jaume-mateu","tag-joan-mendez-2","tag-juana-m-adrover","tag-psib-psoe","tag-sofia-alonso"],"_links":{"self":[{"href":"https:\/\/www.psib-psoe.org\/mallorca\/wp-json\/wp\/v2\/posts\/30705"}],"collection":[{"href":"https:\/\/www.psib-psoe.org\/mallorca\/wp-json\/wp\/v2\/posts"}],"about":[{"href":"https:\/\/www.psib-psoe.org\/mallorca\/wp-json\/wp\/v2\/types\/post"}],"author":[{"embeddable":true,"href":"https:\/\/www.psib-psoe.org\/mallorca\/wp-json\/wp\/v2\/users\/3"}],"replies":[{"embeddable":true,"href":"https:\/\/www.psib-psoe.org\/mallorca\/wp-json\/wp\/v2\/comments?post=30705"}],"version-history":[{"count":1,"href":"https:\/\/www.psib-psoe.org\/mallorca\/wp-json\/wp\/v2\/posts\/30705\/revisions"}],"predecessor-version":[{"id":30707,"href":"https:\/\/www.psib-psoe.org\/mallorca\/wp-json\/wp\/v2\/posts\/30705\/revisions\/30707"}],"wp:featuredmedia":[{"embeddable":true,"href":"https:\/\/www.psib-psoe.org\/mallorca\/wp-json\/wp\/v2\/media\/30651"}],"wp:attachment":[{"href":"https:\/\/www.psib-psoe.org\/mallorca\/wp-json\/wp\/v2\/media?parent=30705"}],"wp:term":[{"taxonomy":"category","embeddable":true,"href":"https:\/\/www.psib-psoe.org\/mallorca\/wp-json\/wp\/v2\/categories?post=30705"},{"taxonomy":"post_tag","embeddable":true,"href":"https:\/\/www.psib-psoe.org\/mallorca\/wp-json\/wp\/v2\/tags?post=30705"}],"curies":[{"name":"wp","href":"https:\/\/api.w.org\/{rel}","templated":true}]}}