{"id":30709,"date":"2025-12-03T14:00:24","date_gmt":"2025-12-03T12:00:24","guid":{"rendered":"https:\/\/www.psib-psoe.org\/mallorca\/?p=30709"},"modified":"2025-12-03T14:00:35","modified_gmt":"2025-12-03T12:00:35","slug":"el-psib-psoe-denuncia-el-retard-en-la-reforma-de-la-residencia-de-llucmajor-i-reclama-lobertura-immediata-del-centre-de-dia-de-badia-gran","status":"publish","type":"post","link":"https:\/\/www.psib-psoe.org\/mallorca\/el-psib-psoe-denuncia-el-retard-en-la-reforma-de-la-residencia-de-llucmajor-i-reclama-lobertura-immediata-del-centre-de-dia-de-badia-gran\/","title":{"rendered":"El PSIB-PSOE denuncia el retard en la reforma de la resid\u00e8ncia de Llucmajor i reclama l\u2019obertura immediata del centre de dia de Badia Gran"},"content":{"rendered":"<div class=\"wpb-content-wrapper\">\n<figure class=\"wp-block-image size-full is-resized is-style-default\"><img loading=\"lazy\" decoding=\"async\" width=\"2560\" height=\"1707\" src=\"https:\/\/www.psib-psoe.org\/mallorca\/wp-content\/uploads\/031225_Residencia-Llucmajor-scaled.jpg\" alt=\"\" class=\"wp-image-30710\" style=\"width:788px;height:auto\" srcset=\"https:\/\/www.psib-psoe.org\/mallorca\/wp-content\/uploads\/031225_Residencia-Llucmajor-scaled.jpg 2560w, https:\/\/www.psib-psoe.org\/mallorca\/wp-content\/uploads\/031225_Residencia-Llucmajor-300x200.jpg 300w, https:\/\/www.psib-psoe.org\/mallorca\/wp-content\/uploads\/031225_Residencia-Llucmajor-1024x683.jpg 1024w, https:\/\/www.psib-psoe.org\/mallorca\/wp-content\/uploads\/031225_Residencia-Llucmajor-768x512.jpg 768w, https:\/\/www.psib-psoe.org\/mallorca\/wp-content\/uploads\/031225_Residencia-Llucmajor-1536x1024.jpg 1536w, https:\/\/www.psib-psoe.org\/mallorca\/wp-content\/uploads\/031225_Residencia-Llucmajor-2048x1365.jpg 2048w, https:\/\/www.psib-psoe.org\/mallorca\/wp-content\/uploads\/031225_Residencia-Llucmajor-150x100.jpg 150w, https:\/\/www.psib-psoe.org\/mallorca\/wp-content\/uploads\/031225_Residencia-Llucmajor-600x400.jpg 600w, https:\/\/www.psib-psoe.org\/mallorca\/wp-content\/uploads\/031225_Residencia-Llucmajor-900x600.jpg 900w, https:\/\/www.psib-psoe.org\/mallorca\/wp-content\/uploads\/031225_Residencia-Llucmajor-20x13.jpg 20w\" sizes=\"(max-width: 2560px) 100vw, 2560px\" \/><\/figure>\n\n\n[vc_row][vc_column][vc_column_text]\n<p><em><u>  Els Socialistes reclamen al Govern l\u2019obertura de serveis a la gent gran que estan acabats i sense estrenar com el de Badia Gran a Llucmajor, i la reforma de la resid\u00e8ncia del municipi. Edemples d\u2019infraestructures oblidades que van ser projectades i iniciades durant la passada legislatura, i que tres anys despr\u00e9s segueixen sense prestar el servei previst a la ciutadania. Amb les llistes d\u2019espera de depend\u00e8ncia disparades,  el partit exigeix la signatura del conveni i un calendari p\u00fablic d\u2019execuci\u00f3 per garantir places i serveis per a la gent gran<\/p>\n[\/vc_column_text][\/vc_column][\/vc_row]\n\n\n[vc_row][vc_column][vc_column_text]\n<p>El PSIB-PSOE denuncia la paralitzaci\u00f3 de dos projectes claus per a l\u2019atenci\u00f3 a la depend\u00e8ncia: la reforma i ampliaci\u00f3 de la resid\u00e8ncia municipal de Llucmajor i la posada en marxa del centre de dia de Badia Gran. La secret\u00e0ria general de la FSM, Amanda Fern\u00e0ndez, el diputat al Parlament, Omar Lam\u00edn, i el portaveu socialista a Llucmajor, Jaume J. Oliver, han exigit la signatura immediata del conveni per a la posada en marxa dels serveis i un calendari p\u00fablic d\u2019execuci\u00f3 per garantir places i serveis per a la gent gran.<\/p>\n<p>Lamin ha assegurat que \u201cmentre aquests equipaments romanen tancats o aturats per la inacci\u00f3 del Govern de Marga Prohens i de l\u2019Ajuntament, les llistes d\u2019espera i les demores en prestacions s\u2019han disparat\u201d. Per Fern\u00e0ndez, el PP \u00e9s el principal responsable d\u2019una situaci\u00f3, perqu\u00e8 \u201cno creuen en all\u00f2 p\u00fablic i ho veiem aqu\u00ed a Llucmajor, on vam deixar projectada la reforma d\u2019una resid\u00e8ncia de la qual no s\u2019ha mogut ni un sol paper, ni han obert el centre de Badia gran\u201d.<\/p>\n<p>La llista de persones amb dret reconegut per\u00f2 sense prestaci\u00f3 supera les 7.086 persones. L\u2019espera per centres de dia ha crescut un 48% amb una demora mitjana de 136 dies. Les llistes per a resid\u00e8ncies han augmentat un 20%, amb esperes entre 114 i 147 dies. A m\u00e9s, 6 de cada 10 valoracions s\u2019han fet fora de termini. \u201cDarrere aquesta inacci\u00f3 i deixadesa del PP hi ha fam\u00edlies que pateixen, perqu\u00e8 han de renunciar a la seva feina o al seu temps propi per tenir cura dels seus familiars\u201d segons ha afirmat la secret\u00e0ria general dels Socialistes de Mallorca.<\/p>\n<p>El projecte de reforma de la resid\u00e8ncia de Llucmajor va n\u00e9ixer d\u2019un conveni de 2022 signat pel Govern, el Consell de Mallorca i l\u2019Ajuntament, amb una inversi\u00f3 inicial de 1.200.000 \u20ac (finan\u00e7ada en un 62,5% pel Govern, 25% per l\u2019Ajuntament i 12,5% per l\u2019IMAS). El projecte estava planificat per fases per incrementar fins a 50 places, amb un calendari concret i una comissi\u00f3 mixta de seguiment. Malgrat aix\u00f2, en gaireb\u00e9 tres anys de govern del PP amb Marga Prohens no s\u2019ha fet cap passa efectiva: el projecte ha estat retornat al punt de partida, el conveni ha estat reformulat i encara no s\u2019ha signat el nou acord.<\/p>\n<p>Pel que fa al centre de dia de Badia Gran, l\u2019edifici est\u00e0 acabat des del 2018 i mai ha obert les seves portes. Acumula prop de cinc anys tancat per \u201cla inacci\u00f3 municipal en un municipi extens i amb molta demanda de serveis per a la poblaci\u00f3 de m\u00e9s edat com \u00e9s Llucmajor, que reclama serveis d\u2019atenci\u00f3 pr\u00f2xima i de qualitat\u201d, segons ha dit Jaume J. Oliver.<\/p>\n<p>Davant d\u2019aquesta situaci\u00f3, el PSIB-PSOE reclama la signatura immediata del conveni entre les tres institucions, un calendari d\u2019execuci\u00f3 clar i p\u00fablic per a les obres de la reforma de la resid\u00e8ncia de persones majors, el compliment dels compromisos de finan\u00e7ament i la transfer\u00e8ncia de la gesti\u00f3 a l\u2019IMAS un cop finalitzades les obres. Tamb\u00e9 exigeix la dotaci\u00f3 de l\u2019equipament i la posada en marxa urgent del centre de dia de Badia Gran. \u201cConvendria que l\u2019equip de govern municipal i la batlessa de Llucmajor inverteixin el temps que dediquen a esbroncar als ve\u00efnats i ve\u00efnades que assisteixen als plenaris, a donar resposta i solucions a la gent major del municipi i de la comarca\u201d, ha apuntat Fern\u00e0ndez.<\/p>\n<p>Lam\u00edn ha fet una crida al Govern per \u201cprioritzar les pol\u00edtiques d\u2019atenci\u00f3 a la depend\u00e8ncia i deixar de regalar beneficis fiscals a qui m\u00e9s en te\u201d.  Per tot aix\u00f2, el partit exigeix que el PP i Marga Prohens deixin d\u2019enganar la ciutadania amb promeses sense calendari i impulsin un pla realista d\u2019infraestructures socials \u2014resid\u00e8ncies i centres de dia\u2014 que ampli\u00ef la xarxa p\u00fablica d\u2019atenci\u00f3 a la depend\u00e8ncia. <\/p>\n[\/vc_column_text][\/vc_column][\/vc_row]\n\n\n\n<figure class=\"wp-block-audio\"><audio controls src=\"https:\/\/www.psib-psoe.org\/mallorca\/wp-content\/uploads\/031225_Amanda-Fernandez.mp3\"><\/audio><\/figure>\n<\/div>","protected":false},"excerpt":{"rendered":"[vc_row][vc_column][vc_column_text] Els Socialistes reclamen al Govern l\u2019obertura de serveis a la gent gran que estan acabats i sense estrenar com el de Badia Gran a Llucmajor, i la reforma de la resid\u00e8ncia del municipi. Edemples d\u2019infraestructures oblidades que van ser projectades i iniciades durant la passada legislatura, i que tres anys despr\u00e9s segueixen sense prestar&hellip;","protected":false},"author":4,"featured_media":30710,"comment_status":"closed","ping_status":"closed","sticky":false,"template":"","format":"standard","meta":{"footnotes":""},"categories":[2,1,90,92],"tags":[130,218,77,664,98,551,84,296],"class_list":["post-30709","post","type-post","status-publish","format-standard","has-post-thumbnail","hentry","category-federacio-de-mallorca","category-federacio-de-mallorca-portada","category-municipis","category-portada","tag-agrupacio-socialista-de-llucmajor","tag-amanda-fernandez","tag-federacio-socialista-de-mallorca","tag-jaume-j-oliver-2","tag-llucmajor","tag-omar-lamin","tag-psib-psoe","tag-sofia-alonso"],"_links":{"self":[{"href":"https:\/\/www.psib-psoe.org\/mallorca\/wp-json\/wp\/v2\/posts\/30709"}],"collection":[{"href":"https:\/\/www.psib-psoe.org\/mallorca\/wp-json\/wp\/v2\/posts"}],"about":[{"href":"https:\/\/www.psib-psoe.org\/mallorca\/wp-json\/wp\/v2\/types\/post"}],"author":[{"embeddable":true,"href":"https:\/\/www.psib-psoe.org\/mallorca\/wp-json\/wp\/v2\/users\/4"}],"replies":[{"embeddable":true,"href":"https:\/\/www.psib-psoe.org\/mallorca\/wp-json\/wp\/v2\/comments?post=30709"}],"version-history":[{"count":1,"href":"https:\/\/www.psib-psoe.org\/mallorca\/wp-json\/wp\/v2\/posts\/30709\/revisions"}],"predecessor-version":[{"id":30712,"href":"https:\/\/www.psib-psoe.org\/mallorca\/wp-json\/wp\/v2\/posts\/30709\/revisions\/30712"}],"wp:featuredmedia":[{"embeddable":true,"href":"https:\/\/www.psib-psoe.org\/mallorca\/wp-json\/wp\/v2\/media\/30710"}],"wp:attachment":[{"href":"https:\/\/www.psib-psoe.org\/mallorca\/wp-json\/wp\/v2\/media?parent=30709"}],"wp:term":[{"taxonomy":"category","embeddable":true,"href":"https:\/\/www.psib-psoe.org\/mallorca\/wp-json\/wp\/v2\/categories?post=30709"},{"taxonomy":"post_tag","embeddable":true,"href":"https:\/\/www.psib-psoe.org\/mallorca\/wp-json\/wp\/v2\/tags?post=30709"}],"curies":[{"name":"wp","href":"https:\/\/api.w.org\/{rel}","templated":true}]}}