{"id":30713,"date":"2025-12-04T12:23:17","date_gmt":"2025-12-04T10:23:17","guid":{"rendered":"https:\/\/www.psib-psoe.org\/mallorca\/?p=30713"},"modified":"2025-12-04T12:23:29","modified_gmt":"2025-12-04T10:23:29","slug":"els-socialistes-de-soller-presentaran-esmenes-per-suavitzar-la-nova-ordenanca-de-platges-que-va-contra-els-residents-mentre-el-pp-continua-sense-plantejar-cap-mesura-contra-la-saturacio","status":"publish","type":"post","link":"https:\/\/www.psib-psoe.org\/mallorca\/els-socialistes-de-soller-presentaran-esmenes-per-suavitzar-la-nova-ordenanca-de-platges-que-va-contra-els-residents-mentre-el-pp-continua-sense-plantejar-cap-mesura-contra-la-saturacio\/","title":{"rendered":"Els Socialistes de S\u00f3ller presentaran esmenes per suavitzar la nova ordenan\u00e7a de platges que va contra els residents mentre el PP continua sense plantejar cap mesura contra la saturaci\u00f3"},"content":{"rendered":"\n<figure class=\"wp-block-image size-large\"><img loading=\"lazy\" decoding=\"async\" width=\"1024\" height=\"683\" src=\"http:\/\/www.psib-psoe.org\/mallorca\/wp-content\/uploads\/pexels-artemioz-14924935-1024x683.jpg\" alt=\"\" class=\"wp-image-30714\" srcset=\"https:\/\/www.psib-psoe.org\/mallorca\/wp-content\/uploads\/pexels-artemioz-14924935-1024x683.jpg 1024w, https:\/\/www.psib-psoe.org\/mallorca\/wp-content\/uploads\/pexels-artemioz-14924935-300x200.jpg 300w, https:\/\/www.psib-psoe.org\/mallorca\/wp-content\/uploads\/pexels-artemioz-14924935-768x512.jpg 768w, https:\/\/www.psib-psoe.org\/mallorca\/wp-content\/uploads\/pexels-artemioz-14924935-1536x1024.jpg 1536w, https:\/\/www.psib-psoe.org\/mallorca\/wp-content\/uploads\/pexels-artemioz-14924935-2048x1365.jpg 2048w, https:\/\/www.psib-psoe.org\/mallorca\/wp-content\/uploads\/pexels-artemioz-14924935-150x100.jpg 150w, https:\/\/www.psib-psoe.org\/mallorca\/wp-content\/uploads\/pexels-artemioz-14924935-600x400.jpg 600w, https:\/\/www.psib-psoe.org\/mallorca\/wp-content\/uploads\/pexels-artemioz-14924935-900x600.jpg 900w, https:\/\/www.psib-psoe.org\/mallorca\/wp-content\/uploads\/pexels-artemioz-14924935-20x13.jpg 20w\" sizes=\"(max-width: 1024px) 100vw, 1024px\" \/><\/figure>\n\n\n\n<p><em><u>Jaume Mateu ha carregat contra una ordenan\u00e7a \u201cmolt dura, que va en contra de la llibertat que el PP tant predica, i que no t\u00e9 en compte la realitat dels infants, joves i fam\u00edlies del nostre poble\u201d<\/u><\/em><\/p>\n\n\n\n<p>El secretari general de l\u2019Agrupaci\u00f3 Socialista de S\u00f3ller i portaveu socialista a l\u2019Ajuntament, Jaume Mateu, ha anunciat que presentar\u00e0 esmenes a la nova ordenan\u00e7a municipal que regula l\u2019\u00fas de les platges, amb l\u2019objectiu de suavitzar o redirigir moltes de les limitacions sense sentit previstes pel consistori.<\/p>\n\n\n\n<p>En concret, el socialista ha denunciat que \u201cmentre arribarem al tercer estiu sense cap mesura ni una per combatre la saturaci\u00f3 tur\u00edstica i a les nostres carreteres, el PP planteja limitacions per als residents i les fam\u00edlies de S\u00f3ller, que no podran jugar a l\u2019arena de les nostres platges\u201d.<\/p>\n\n\n\n<p>Tot i que els socialistes veuen amb bons ulls crear una ordenan\u00e7a c\u00edvica, consideren que aquesta ha de ser per afavorir la conviv\u00e8ncia i que tothom pugui gaudir de les nostres platges, tant turistes com residents, perqu\u00e8 el PP presenta una ordenan\u00e7a \u201cmolt dura, que va en contra de la llibertat que el PP tant predica, i que no t\u00e9 en compte la realitat dels infants, joves i fam\u00edlies del nostre poble\u201d. Tant \u00e9s aix\u00ed que prohibeix jocs, activitats de lleure i nudisme, una actitud \u201cpr\u00f2pia d\u2019altres \u00e8poques\u201d.<\/p>\n\n\n\n<p>A m\u00e9s a m\u00e9s, amb els problemes de mobilitat que hi ha al municipi i la c\u00e0rrega de feina que t\u00e9 la policia local, els socialistes es demanen com pensa fer l\u2019ajuntament complir l\u2019ordenan\u00e7a i aplicar el r\u00e8gim sancionador que es preveu amb multes fins als 3.000 euros.<\/p>\n\n\n\n<p>Per aix\u00f2, Mateu ha demanat que es revisin les prohibicions i que s\u2019aposti per regular la conviv\u00e8ncia entre tots i totes. En aquest sentit, algunes de les propostes dels socialistes aniran perqu\u00e8 l\u2019Ajuntament fomenti una campanya de sensibilitzaci\u00f3 sobre actituds c\u00edviques a la platja en lloc de les prohibicions, l\u2019establiment d\u2019horaris per a poder dur els cans a la platja, o la inclusi\u00f3 de la regulaci\u00f3 de les platges sense fum, entre d\u2019altres.<\/p>\n\n\n\n<p>Igualment, els socialistes reclamen al batle, Miquel Nadal, que se centri a fer feina pels problemes urgents que s\u00ed t\u00e9 la ciutadania de S\u00f3ller, com la dificultat per accedir a un habitatge digne, la manca d\u2019aigua, els problemes de mobilitat o el deteriorament dels serveis p\u00fablics, tots ells agreujats des que el PP \u00e9s al govern municipal.<\/p>\n","protected":false},"excerpt":{"rendered":"<p>Jaume Mateu ha carregat contra una ordenan\u00e7a \u201cmolt dura, que va en contra de la llibertat que el PP tant predica, i que no t\u00e9 en compte la realitat dels infants, joves i fam\u00edlies del nostre poble\u201d El secretari general de l\u2019Agrupaci\u00f3 Socialista de S\u00f3ller i portaveu socialista a l\u2019Ajuntament, Jaume Mateu, ha anunciat que&hellip;<\/p>\n","protected":false},"author":4,"featured_media":30714,"comment_status":"closed","ping_status":"closed","sticky":false,"template":"","format":"standard","meta":{"footnotes":""},"categories":[2,1,90,92],"tags":[],"class_list":["post-30713","post","type-post","status-publish","format-standard","has-post-thumbnail","hentry","category-federacio-de-mallorca","category-federacio-de-mallorca-portada","category-municipis","category-portada"],"_links":{"self":[{"href":"https:\/\/www.psib-psoe.org\/mallorca\/wp-json\/wp\/v2\/posts\/30713"}],"collection":[{"href":"https:\/\/www.psib-psoe.org\/mallorca\/wp-json\/wp\/v2\/posts"}],"about":[{"href":"https:\/\/www.psib-psoe.org\/mallorca\/wp-json\/wp\/v2\/types\/post"}],"author":[{"embeddable":true,"href":"https:\/\/www.psib-psoe.org\/mallorca\/wp-json\/wp\/v2\/users\/4"}],"replies":[{"embeddable":true,"href":"https:\/\/www.psib-psoe.org\/mallorca\/wp-json\/wp\/v2\/comments?post=30713"}],"version-history":[{"count":1,"href":"https:\/\/www.psib-psoe.org\/mallorca\/wp-json\/wp\/v2\/posts\/30713\/revisions"}],"predecessor-version":[{"id":30715,"href":"https:\/\/www.psib-psoe.org\/mallorca\/wp-json\/wp\/v2\/posts\/30713\/revisions\/30715"}],"wp:featuredmedia":[{"embeddable":true,"href":"https:\/\/www.psib-psoe.org\/mallorca\/wp-json\/wp\/v2\/media\/30714"}],"wp:attachment":[{"href":"https:\/\/www.psib-psoe.org\/mallorca\/wp-json\/wp\/v2\/media?parent=30713"}],"wp:term":[{"taxonomy":"category","embeddable":true,"href":"https:\/\/www.psib-psoe.org\/mallorca\/wp-json\/wp\/v2\/categories?post=30713"},{"taxonomy":"post_tag","embeddable":true,"href":"https:\/\/www.psib-psoe.org\/mallorca\/wp-json\/wp\/v2\/tags?post=30713"}],"curies":[{"name":"wp","href":"https:\/\/api.w.org\/{rel}","templated":true}]}}