{"id":30716,"date":"2025-12-04T14:58:10","date_gmt":"2025-12-04T12:58:10","guid":{"rendered":"https:\/\/www.psib-psoe.org\/mallorca\/?p=30716"},"modified":"2025-12-04T14:58:22","modified_gmt":"2025-12-04T12:58:22","slug":"el-psib-entra-a-tramit-el-projecte-de-llei-de-mobilitat-sostenible-al-parlament-i-al-consell","status":"publish","type":"post","link":"https:\/\/www.psib-psoe.org\/mallorca\/el-psib-entra-a-tramit-el-projecte-de-llei-de-mobilitat-sostenible-al-parlament-i-al-consell\/","title":{"rendered":"El PSIB entra a tr\u00e0mit el projecte de llei de Mobilitat Sostenible al Parlament i al Consell."},"content":{"rendered":"<div class=\"wpb-content-wrapper\">\n<figure class=\"wp-block-image size-full is-resized is-style-default\"><img loading=\"lazy\" decoding=\"async\" width=\"2560\" height=\"1943\" src=\"https:\/\/www.psib-psoe.org\/mallorca\/wp-content\/uploads\/Registre-Llei-Mobilitat-scaled.jpeg\" alt=\"\" class=\"wp-image-30717\" style=\"width:788px;height:auto\" srcset=\"https:\/\/www.psib-psoe.org\/mallorca\/wp-content\/uploads\/Registre-Llei-Mobilitat-scaled.jpeg 2560w, https:\/\/www.psib-psoe.org\/mallorca\/wp-content\/uploads\/Registre-Llei-Mobilitat-300x228.jpeg 300w, https:\/\/www.psib-psoe.org\/mallorca\/wp-content\/uploads\/Registre-Llei-Mobilitat-1024x777.jpeg 1024w, https:\/\/www.psib-psoe.org\/mallorca\/wp-content\/uploads\/Registre-Llei-Mobilitat-768x583.jpeg 768w, https:\/\/www.psib-psoe.org\/mallorca\/wp-content\/uploads\/Registre-Llei-Mobilitat-1536x1166.jpeg 1536w, https:\/\/www.psib-psoe.org\/mallorca\/wp-content\/uploads\/Registre-Llei-Mobilitat-2048x1555.jpeg 2048w, https:\/\/www.psib-psoe.org\/mallorca\/wp-content\/uploads\/Registre-Llei-Mobilitat-150x114.jpeg 150w, https:\/\/www.psib-psoe.org\/mallorca\/wp-content\/uploads\/Registre-Llei-Mobilitat-600x455.jpeg 600w, https:\/\/www.psib-psoe.org\/mallorca\/wp-content\/uploads\/Registre-Llei-Mobilitat-900x683.jpeg 900w, https:\/\/www.psib-psoe.org\/mallorca\/wp-content\/uploads\/Registre-Llei-Mobilitat-20x16.jpeg 20w\" sizes=\"(max-width: 2560px) 100vw, 2560px\" \/><\/figure>\n\n\n[vc_row][vc_column][vc_column_text]\n<p><em><u>  Els Socialistes registren un projecte que recull el mateix text presentat pel PP el passat mes de juny en m\u00e9s d\u2019un 90%. La secret\u00e0ria general de la FSM, Amanda Fern\u00e0ndez ha reclamat que la llei pugui tramitar-se de manera r\u00e0pida per a qu\u00e8 pugui entrar en vigor de cara al pr\u00f2xim estiu. La portaveu al Consell, Catalina Cladera ha apuntat la necessitat de la ciutadania per tenir aquest projecte de llei en marxa el m\u00e9s aviat possible: \u201c\u00e9s una mesura que ajuda a desembossar; si el PP no anava de farol, ara te l\u2019oportunitat per tirar endavant el projecte que hem registrat\u201d.  <\/p>\n[\/vc_column_text][\/vc_column][\/vc_row]\n\n\n[vc_row][vc_column][vc_column_text]\n<p>El projecte de llei de regulaci\u00f3 d\u2019aflu\u00e8ncia de vehicles i mobilitat sostenible de Mallorca ja ha entrat al Parlament i al Consell de Mallorca. El text articulat ha quedat registrat aquest mat\u00ed a les dues institucions per iniciativa del PSIB-PSOE. Es tracta del mateix projecte que Galm\u00e9s va presentar p\u00fablicament el passat 13 de juny, i del que no s\u2019ha tornat a tenir not\u00edcies. Els socialistes han respectat el text original i han afegit algunes precisions en relaci\u00f3 a refor\u00e7ar el car\u00e0cter de mobilitat sostenible de la llei.<\/p>\n<p>\u201cPorten tres anys sense prendre cap mesura, i despr\u00e9s de sis mesos de presentar la llei no tenim res\u201d, ha dit Fern\u00e0ndez, \u201cno sabem si per incompet\u00e8ncia o per no molestar a segons quins interessos\u201d. Per aquest motiu els socialistes han pres la iniciativa per entrar el projecte de llei a les dues cambres que l\u2019han de debatre, amb l\u2019objectiu que estigui plenament en vigor de cara a la pr\u00f2xima temporada alta tur\u00edstica, \u201cper poder rebaixar els embossos a la xarxa vi\u00e0ria de Mallorca\u201d. <\/p>\n<p>Fern\u00e0ndez ha fet refer\u00e8ncia a qu\u00e8 el projecte de llei registrat \u201crepresenta a la majoria de la ciutadania\u201d, i que no pot ser que aquesta voluntat es pugui bloquejar simplement per que el projecte no agrada a l\u2019extrema dreta, que en repetides ocasions ha afirmat que no li far\u00e0 suport. <\/p>\n<p>Per Cladera aquesta llei \u00e9s una eina que \u201cajuda a desembossar Mallorca com sempre diu Galm\u00e9s\u201d, per\u00f2 que a m\u00e9s respon a la voluntat de millorar la mobilitat dels residents. \u201cEl PP nom\u00e9s parla de carreteres, avui han tornat a demanar reuni\u00f3 amb el Secretari d\u2019Estat per parlar de fer carreteres amb un llistat que ni tant sols han consensuat amb la resta de forces\u201d. La portaveu socialista al Consell ha criticat Galm\u00e9s per no haver impulsat el projecte de llei, que fa 6 mesos que va ser presentada, i que no ha quedat llesta per a la seva votaci\u00f3 en el ple insular. \u201cEl 13 de juny Galm\u00e9s va presentar la llei, i va dir que la volia negociar amb l\u2019oposici\u00f3\u201d, davant la negativa de Vox a donar el seu suport. \u201cSom a desembre i no hem vist cap avan\u00e7, no sabem si per por o per altres interessos\u201d. Cladera ha afirmat que \u201cels anuncis de Galm\u00e9s queden en res, per\u00f2 els socialistes si que fem feina per aprovar mesures com aquestes\u201d. <\/p>\n<p>El conseller insular Jaume Mateu ha dit que el projecte registrat \u00e9s en \u201cun 90%\u201d el que va presentar el Consell de Mallorca fa sis mesos, i que els socialistes nom\u00e9s hi ha fet algun afegit per adaptar la norma a la realitat de Mallorca. \u201cParteix de les conclusions del mateix Estudi de C\u00e0rrega del Consell de Mallorca, i creiem que per nosaltres \u00e9s important que es redueixi el pes de la mobilitat en vehicle privat\u201d. Amb aquest motiu el text presenta articles nous que recullen el mesures pel foment de la mobilitat activa, a peu o en bicicleta i el transport p\u00fablic. Aix\u00ed mateix tamb\u00e9 s\u2019inclou una refer\u00e8ncia a la necessitat d\u2019executar el trasp\u00e0s de compet\u00e8ncies en mat\u00e8ria de transport p\u00fablic cap al Consell de Mallorca, l\u2019execuci\u00f3 de plans de mobilitat sostenible municipals, i la possibilitat que les pol\u00edtiques de mobilitat sostenible comptin amb finan\u00e7ament estable per via de l\u2019Impost del Turisme Sostenible. <\/p>\n[\/vc_column_text][\/vc_column][\/vc_row]\n\n\n\n<figure class=\"wp-block-audio\"><audio controls src=\"https:\/\/www.psib-psoe.org\/mallorca\/wp-content\/uploads\/041225-Amanda-llei-mobilitat-sostenible.mp3\"><\/audio><\/figure>\n\n\n\n<figure class=\"wp-block-audio\"><audio controls src=\"https:\/\/www.psib-psoe.org\/mallorca\/wp-content\/uploads\/041225-Cladera-llei-mobilitat-sostenible.mp3\"><\/audio><\/figure>\n\n\n\n<figure class=\"wp-block-audio\"><audio controls src=\"https:\/\/www.psib-psoe.org\/mallorca\/wp-content\/uploads\/041225-Jaume-Mateu-llei-mobilitat-.mp3\"><\/audio><\/figure>\n\n\n\n<p><\/p>\n<\/div>","protected":false},"excerpt":{"rendered":"[vc_row][vc_column][vc_column_text] Els Socialistes registren un projecte que recull el mateix text presentat pel PP el passat mes de juny en m\u00e9s d\u2019un 90%. La secret\u00e0ria general de la FSM, Amanda Fern\u00e0ndez ha reclamat que la llei pugui tramitar-se de manera r\u00e0pida per a qu\u00e8 pugui entrar en vigor de cara al pr\u00f2xim estiu. La portaveu&hellip;","protected":false},"author":3,"featured_media":30717,"comment_status":"closed","ping_status":"closed","sticky":false,"template":"","format":"standard","meta":{"footnotes":""},"categories":[2,1,90,92],"tags":[218,343,362,447,546,105,83,77,186,639,504,84,296],"class_list":["post-30716","post","type-post","status-publish","format-standard","has-post-thumbnail","hentry","category-federacio-de-mallorca","category-federacio-de-mallorca-portada","category-municipis","category-portada","tag-amanda-fernandez","tag-andreu-serra","tag-ares-fernandez","tag-bea-gamundi","tag-biel-alomar","tag-catalina-cladera","tag-consell-de-mallorca","tag-federacio-socialista-de-mallorca","tag-jaume-mateu","tag-joan-mendez-2","tag-juana-m-adrover","tag-psib-psoe","tag-sofia-alonso"],"_links":{"self":[{"href":"https:\/\/www.psib-psoe.org\/mallorca\/wp-json\/wp\/v2\/posts\/30716"}],"collection":[{"href":"https:\/\/www.psib-psoe.org\/mallorca\/wp-json\/wp\/v2\/posts"}],"about":[{"href":"https:\/\/www.psib-psoe.org\/mallorca\/wp-json\/wp\/v2\/types\/post"}],"author":[{"embeddable":true,"href":"https:\/\/www.psib-psoe.org\/mallorca\/wp-json\/wp\/v2\/users\/3"}],"replies":[{"embeddable":true,"href":"https:\/\/www.psib-psoe.org\/mallorca\/wp-json\/wp\/v2\/comments?post=30716"}],"version-history":[{"count":1,"href":"https:\/\/www.psib-psoe.org\/mallorca\/wp-json\/wp\/v2\/posts\/30716\/revisions"}],"predecessor-version":[{"id":30721,"href":"https:\/\/www.psib-psoe.org\/mallorca\/wp-json\/wp\/v2\/posts\/30716\/revisions\/30721"}],"wp:featuredmedia":[{"embeddable":true,"href":"https:\/\/www.psib-psoe.org\/mallorca\/wp-json\/wp\/v2\/media\/30717"}],"wp:attachment":[{"href":"https:\/\/www.psib-psoe.org\/mallorca\/wp-json\/wp\/v2\/media?parent=30716"}],"wp:term":[{"taxonomy":"category","embeddable":true,"href":"https:\/\/www.psib-psoe.org\/mallorca\/wp-json\/wp\/v2\/categories?post=30716"},{"taxonomy":"post_tag","embeddable":true,"href":"https:\/\/www.psib-psoe.org\/mallorca\/wp-json\/wp\/v2\/tags?post=30716"}],"curies":[{"name":"wp","href":"https:\/\/api.w.org\/{rel}","templated":true}]}}