{"id":30722,"date":"2025-12-04T22:26:19","date_gmt":"2025-12-04T20:26:19","guid":{"rendered":"https:\/\/www.psib-psoe.org\/mallorca\/?p=30722"},"modified":"2025-12-04T22:26:31","modified_gmt":"2025-12-04T20:26:31","slug":"toni-miralles-ja-es-el-nou-batle-de-montuiri","status":"publish","type":"post","link":"https:\/\/www.psib-psoe.org\/mallorca\/toni-miralles-ja-es-el-nou-batle-de-montuiri\/","title":{"rendered":"Toni Miralles ja \u00e9s el nou batle de Montu\u00efri."},"content":{"rendered":"<div class=\"wpb-content-wrapper\">\n<figure class=\"wp-block-image size-full is-style-default\"><img loading=\"lazy\" decoding=\"async\" width=\"1600\" height=\"1304\" src=\"https:\/\/www.psib-psoe.org\/mallorca\/wp-content\/uploads\/Toni-Miralles-batle-2.jpeg\" alt=\"\" class=\"wp-image-30723\" srcset=\"https:\/\/www.psib-psoe.org\/mallorca\/wp-content\/uploads\/Toni-Miralles-batle-2.jpeg 1600w, https:\/\/www.psib-psoe.org\/mallorca\/wp-content\/uploads\/Toni-Miralles-batle-2-300x245.jpeg 300w, https:\/\/www.psib-psoe.org\/mallorca\/wp-content\/uploads\/Toni-Miralles-batle-2-1024x835.jpeg 1024w, https:\/\/www.psib-psoe.org\/mallorca\/wp-content\/uploads\/Toni-Miralles-batle-2-768x626.jpeg 768w, https:\/\/www.psib-psoe.org\/mallorca\/wp-content\/uploads\/Toni-Miralles-batle-2-1536x1252.jpeg 1536w, https:\/\/www.psib-psoe.org\/mallorca\/wp-content\/uploads\/Toni-Miralles-batle-2-20x16.jpeg 20w, https:\/\/www.psib-psoe.org\/mallorca\/wp-content\/uploads\/Toni-Miralles-batle-2-150x122.jpeg 150w, https:\/\/www.psib-psoe.org\/mallorca\/wp-content\/uploads\/Toni-Miralles-batle-2-600x489.jpeg 600w, https:\/\/www.psib-psoe.org\/mallorca\/wp-content\/uploads\/Toni-Miralles-batle-2-900x734.jpeg 900w\" sizes=\"(max-width: 1600px) 100vw, 1600px\" \/><\/figure>\n\n\n[vc_row][vc_column][vc_column_text]\n<p><em><u> <\/p>\n<p>El socialista assumeix el c\u00e0rrec en relleu de Paula Amengual, en virtut de l\u2019acord de governabilitat entre PSIB i M\u00e9s per Mallorca. El fins ara tinent de batlessa de l\u2019Ajuntament de Montu\u00efri, assumeix la batlia durant el darrer any i mig de legislatura, i destaca en el seu discurs de presa de possessi\u00f3 el seu arrelament i estima al poble que l\u2019ha vist n\u00e9ixer.<br \/>\n[\/vc_column_text][\/vc_column][\/vc_row]\n\n\n[vc_row][vc_column][vc_column_text]\n<p>Aquest dijous s\u2019ha celebrat el ple extraordinari de l\u2019Ajuntament de Montu\u00efri en qu\u00e8 Toni Miralles Niell ha pres possessi\u00f3 com a nou batle de la localitat. El fins ara primer tinent de batlessa pren el relleu de Paula Amengual, d\u2019acord amb el pacte de governabilitat signat el 2023 entre el PSIB i M\u00e9s per Mallorca.<\/p>\n<p>La sessi\u00f3 ha comptat amb la pres\u00e8ncia d\u2019una \u00e0mplia delegaci\u00f3 de la Federaci\u00f3 Socialista de Mallorca, encap\u00e7alada per la secret\u00e0ria general Amanda Fern\u00e0ndez, el president Tolo Aguilar, i els secretaris d\u2019Organitzaci\u00f3 del PSIB, Cosme Bonet, i de la FSM, Ares Fern\u00e1ndez. Tamb\u00e9 hi han assistit Catalina Cladera, Mercedes Garrido, Bea Gamund\u00ed, Jaume Mateu, Joan M\u00e9ndez i Miquel \u00c0ngel Coll.<\/p>\n<p>Toni Miralles Niell (Montu\u00efri, 1994) \u00e9s mestre d\u2019educaci\u00f3 prim\u00e0ria de professi\u00f3. Secretari general de l\u2019Agrupaci\u00f3 Socialista de Montu\u00efri, portaveu municipal del PSIB a Montu\u00efri i membre de l\u2019Executiva de la Federaci\u00f3 Socialista de Mallorca. \u00c9s regidor de l\u2019Ajuntament de Montu\u00efri des de fa m\u00e9s de sis anys. <\/p>\n<p>En el seu discurs de presa de possessi\u00f3, Miralles ha expressat el seu agra\u00efment i comprom\u00eds amb el poble: \u201c\u00c9s per a mi un honor profund i un orgull immens. Avui fem una passa important que assumeixo amb il\u00b7lusi\u00f3, comprom\u00eds i respecte\u201d. El nou batle ha recordat el simbolisme hist\u00f2ric del moment: \u201cFa gaireb\u00e9 40 anys que Montu\u00efri no tenia un batle socialista (en record de Joan Miralles, Felanitxer). Assumeixo aquesta responsabilitat amb respecte cap a aquella etapa i amb el comprom\u00eds de representar els nostres valors amb dignitat, proximitat i servei p\u00fablic\u201d.<\/p>\n<p>Miralles ha subratllat la import\u00e0ncia del treball conjunt i la unitat institucional: \u201cRes del que hem aconseguit aquests anys ha estat fruit d\u2019una sola persona. Ha estat el resultat de la feina compartida, de la cooperaci\u00f3 lleial i del di\u00e0leg constant\u201d. Tamb\u00e9 ha posat en valor la identitat cultural i el teixit associatiu del municipi, que el nou batle coneix be, per la seva vinculaci\u00f3 als cossiers, a la banda municipal de m\u00fasica i a futbol de formaci\u00f3: \u201cLa cultura, les festes i les nostres entitats s\u00f3n un pilar essencial del que som. El teixit associatiu i comercial dona vida, participaci\u00f3 i energia al municipi\u201d.<\/p>\n<p>Finalment, ha fet una crida a la participaci\u00f3 ciutadana i a la mirada cap al futur: \u201cSer\u00e9 el batle de totes i tots. Me compromet a escoltar, dialogar i actuar amb equitat, amb la mirada posada sempre en el b\u00e9 com\u00fa. El futur del nostre poble l\u2019escriurem junts, des del di\u00e0leg i la participaci\u00f3\u201d. El discurs de Miralles ha concl\u00f2s amb un missatge d\u2019esperan\u00e7a i comprom\u00eds: \u201cComencem una nova etapa. I ho fem amb esperan\u00e7a, responsabilitat i comprom\u00eds. Visca Montu\u00efri!\u201d<\/p>\n<p>Montu\u00efri es converteix avui en el nov\u00e8 municipi governat per un o una socialista de la present legislatura a Mallorca. Lloseta es va sumar, el passat mes de juny, al llistat que conformen Inca, Pollen\u00e7a, Algaida, Puigpunyent, Consell, Santa Eug\u00e8nia i Art\u00e0.<\/p>\n[\/vc_column_text][\/vc_column][\/vc_row]\n\n\n\n<p><\/p>\n<\/div>","protected":false},"excerpt":{"rendered":"[vc_row][vc_column][vc_column_text] El socialista assumeix el c\u00e0rrec en relleu de Paula Amengual, en virtut de l\u2019acord de governabilitat entre PSIB i M\u00e9s per Mallorca. El fins ara tinent de batlessa de l\u2019Ajuntament de Montu\u00efri, assumeix la batlia durant el darrer any i mig de legislatura, i destaca en el seu discurs de presa de possessi\u00f3 el&hellip;","protected":false},"author":3,"featured_media":30723,"comment_status":"closed","ping_status":"closed","sticky":false,"template":"","format":"standard","meta":{"footnotes":""},"categories":[2,1,90,92],"tags":[218,362,447,105,77,360,84,215,296,351,216],"class_list":["post-30722","post","type-post","status-publish","format-standard","has-post-thumbnail","hentry","category-federacio-de-mallorca","category-federacio-de-mallorca-portada","category-municipis","category-portada","tag-amanda-fernandez","tag-ares-fernandez","tag-bea-gamundi","tag-catalina-cladera","tag-federacio-socialista-de-mallorca","tag-joan-mendez","tag-psib-psoe","tag-socialistes-de-montuiri","tag-sofia-alonso","tag-tolo-aguilar","tag-toni-miralles"],"_links":{"self":[{"href":"https:\/\/www.psib-psoe.org\/mallorca\/wp-json\/wp\/v2\/posts\/30722"}],"collection":[{"href":"https:\/\/www.psib-psoe.org\/mallorca\/wp-json\/wp\/v2\/posts"}],"about":[{"href":"https:\/\/www.psib-psoe.org\/mallorca\/wp-json\/wp\/v2\/types\/post"}],"author":[{"embeddable":true,"href":"https:\/\/www.psib-psoe.org\/mallorca\/wp-json\/wp\/v2\/users\/3"}],"replies":[{"embeddable":true,"href":"https:\/\/www.psib-psoe.org\/mallorca\/wp-json\/wp\/v2\/comments?post=30722"}],"version-history":[{"count":1,"href":"https:\/\/www.psib-psoe.org\/mallorca\/wp-json\/wp\/v2\/posts\/30722\/revisions"}],"predecessor-version":[{"id":30724,"href":"https:\/\/www.psib-psoe.org\/mallorca\/wp-json\/wp\/v2\/posts\/30722\/revisions\/30724"}],"wp:featuredmedia":[{"embeddable":true,"href":"https:\/\/www.psib-psoe.org\/mallorca\/wp-json\/wp\/v2\/media\/30723"}],"wp:attachment":[{"href":"https:\/\/www.psib-psoe.org\/mallorca\/wp-json\/wp\/v2\/media?parent=30722"}],"wp:term":[{"taxonomy":"category","embeddable":true,"href":"https:\/\/www.psib-psoe.org\/mallorca\/wp-json\/wp\/v2\/categories?post=30722"},{"taxonomy":"post_tag","embeddable":true,"href":"https:\/\/www.psib-psoe.org\/mallorca\/wp-json\/wp\/v2\/tags?post=30722"}],"curies":[{"name":"wp","href":"https:\/\/api.w.org\/{rel}","templated":true}]}}