{"id":30726,"date":"2025-12-05T11:52:20","date_gmt":"2025-12-05T09:52:20","guid":{"rendered":"https:\/\/www.psib-psoe.org\/mallorca\/?p=30726"},"modified":"2025-12-05T12:31:02","modified_gmt":"2025-12-05T10:31:02","slug":"linstitut-de-lesport-hipic-de-mallorca-organitza-proves-a-son-pardo-sense-tenir-la-llicencia-dactivitats-aprovada-per-lajuntament-de-palma","status":"publish","type":"post","link":"https:\/\/www.psib-psoe.org\/mallorca\/linstitut-de-lesport-hipic-de-mallorca-organitza-proves-a-son-pardo-sense-tenir-la-llicencia-dactivitats-aprovada-per-lajuntament-de-palma\/","title":{"rendered":"L\u2019Institut de l\u2019Esport H\u00edpic de Mallorca organitza proves a Son Pardo sense tenir la llic\u00e8ncia d\u2019activitats aprovada per l\u2019Ajuntament de Palma."},"content":{"rendered":"<div class=\"wpb-content-wrapper\">\n<figure class=\"wp-block-image size-full is-resized is-style-default\"><img loading=\"lazy\" decoding=\"async\" width=\"1920\" height=\"2560\" src=\"https:\/\/www.psib-psoe.org\/mallorca\/wp-content\/uploads\/Andreu-trot-1-scaled.jpeg\" alt=\"\" class=\"wp-image-30727\" style=\"width:788px;height:auto\" srcset=\"https:\/\/www.psib-psoe.org\/mallorca\/wp-content\/uploads\/Andreu-trot-1-scaled.jpeg 1920w, https:\/\/www.psib-psoe.org\/mallorca\/wp-content\/uploads\/Andreu-trot-1-225x300.jpeg 225w, https:\/\/www.psib-psoe.org\/mallorca\/wp-content\/uploads\/Andreu-trot-1-768x1024.jpeg 768w, https:\/\/www.psib-psoe.org\/mallorca\/wp-content\/uploads\/Andreu-trot-1-1152x1536.jpeg 1152w, https:\/\/www.psib-psoe.org\/mallorca\/wp-content\/uploads\/Andreu-trot-1-1536x2048.jpeg 1536w, https:\/\/www.psib-psoe.org\/mallorca\/wp-content\/uploads\/Andreu-trot-1-300x400.jpeg 300w, https:\/\/www.psib-psoe.org\/mallorca\/wp-content\/uploads\/Andreu-trot-1-150x200.jpeg 150w, https:\/\/www.psib-psoe.org\/mallorca\/wp-content\/uploads\/Andreu-trot-1-600x800.jpeg 600w, https:\/\/www.psib-psoe.org\/mallorca\/wp-content\/uploads\/Andreu-trot-1-900x1200.jpeg 900w, https:\/\/www.psib-psoe.org\/mallorca\/wp-content\/uploads\/Andreu-trot-1-20x27.jpeg 20w\" sizes=\"(max-width: 1920px) 100vw, 1920px\" \/><\/figure>\n\n\n[vc_row][vc_column][vc_column_text]\n<p><em><u>  Els Socialistes han criticat amb duresa la manca de gesti\u00f3 de PPVox en la gesti\u00f3 de l\u2019entitat que fomenta el trot a Mallorca, per permetre competicions amb acc\u00e9s de p\u00fablic a l\u2019Hip\u00f2drom de Son Pardo sense que el recinte compti, a dia d\u2019avui, amb la preceptiva llic\u00e8ncia d\u2019activitats municipal. El conseller del Grup Socialista, Andreu Serra, ha comparat la situaci\u00f3 de l\u2019hip\u00f2drom amb la del Coliseu Balear ha estat objecte d\u2019una actuaci\u00f3 contundent aquests dies per part dels responsables de Cort. Serra ha emmarcat el cas de la manca de llic\u00e8ncia d\u2019activitats de Son Pardo en una \u201cespiral de gesti\u00f3 negligent de PPVox amb el trot de Mallorca\u201d, amb milers d\u2019euros pagats en factures sense contracte per a serveis i subministres que haurien d\u2019estar licitats.  <\/p>\n[\/vc_column_text][\/vc_column][\/vc_row]\n\n\n[vc_row][vc_column][vc_column_text]\n<p>Cada reuni\u00f3 h\u00edpica que se celebra a l\u2019Hip\u00f2drom de Son Pardo \u00e9s il\u00b7legal per que el recinte no disposa de la preceptiva llic\u00e8ncia d\u2019activitats municipal per poder obrir les portes amb normalitat. L\u2019abs\u00e8ncia del t\u00edtol habilitant municipal ha estat adm\u00e8s pel mateix departament de Medi Ambient del Consell de Mallorca. En el pr\u00f2xim consell rector de l\u2019IEHM l\u2019equip de direcci\u00f3 preveu aprovar una despesa de 6.000 euros adjudicada a dit a una empresa d\u2019enginyeria, per fer un projecte d\u2019obres que permeti complir amb les especificacions que exigeix la llic\u00e8ncia, i que a dia d\u2019avui, Son Pardo no reuneix. La realitat \u00e9s que Son Pardo sense llic\u00e8ncia d\u2019activitat suposa un risc davant de qualsevol eventualitat amb concurr\u00e8ncia de responsabilitat civil. <\/p>\n<p>\u201cLa situaci\u00f3 a Son Pardo \u00e9s d\u2019extrema gravetat\u201d, ha dit el conseller socialista Andreu Serra, que ha acusat la direcci\u00f3 de l\u2019IEHM i de la conselleria de Medi Ambient del Consell de \u201cno haver actuat amb dilig\u00e8ncia per haver perdut la llic\u00e8ncia d\u2019activitats provisional de Son Pardo, i no haver fet res\u201d, en una decisi\u00f3 que posa en risc la integritat del col\u00b7lectiu de cavallistes i dels espectadors que acudeixen a les curses. <\/p>\n<p>Durant la passada legislatura Son Pardo comptava amb una llic\u00e8ncia provisional d\u2019activitats, que estava supeditada a l\u2019execuci\u00f3 d\u2019una s\u00e8rie d\u2019obres d\u2019infraestructura a la graderia principal i a la zona de serveis. Una actuaci\u00f3 dividida en tres fases que ja havia comen\u00e7at durant la passada legislatura. \u201cAmb el canvi de mandat, l\u2019actual IEHM no ha estat capa\u00e7 de resoldre aquestes millores, i per tant la llic\u00e8ncia provisional els ha caducat, com han hagut de recon\u00e8ixer\u201d, ha dit Serra.<\/p>\n<p>L\u2019Ajuntament de Palma va expressar, des del seu departament d\u2019Urbanisme, que no era possible seguir ampliant la llic\u00e8ncia provisional, at\u00e8s que l\u2019IEHM no havia complert el comprom\u00eds d\u2019executar les obres que la justificaven. D\u2019aquesta manera, des del desembre de 2024, ara fa un any, l\u2019Hip\u00f2drom de Son Pardo ha perdut la llic\u00e8ncia d\u2019activitats, i des d\u2019aquesta data la infraestructura opera fora de la legalitat. <\/p>\n<p>Gesti\u00f3 desastrosa a l\u2019IEHM. <\/p>\n<p>En el Consell Rector celebrat aquest mat\u00ed s\u2019 hi han dut de nou factures que no compten amb l\u2019aval de la intervenci\u00f3 del Consell de Mallorca. La despesa absolutament discrecional i sense contracte per a la firma d\u2019enginyeria \u00e9s nom\u00e9s una de les 110 factures fora contracte que la direcci\u00f3 de l\u2019IEHM presenta en el Consell Rector d\u2019aquesta setmana. Es tracta de despeses sense suport contractual, que sumen 120.000 euros, i que segueixen la mateixa l\u00ednia de gesti\u00f3 deficient que el Grup Socialista ja va denunciar el passat mes d\u2019agost. <\/p>\n<p>\u201cNo hi ha cap control en la despesa de l\u2019IEHM\u201d, ha assenyalat Serra, que ha recordat que aquests 120.000 euros en factures sense contracte, eleven fins els 620.000 \u20ac de despeses irregulars que han acumulat el president de l\u2019IEHM, Gaspar Oliver, i el conseller de Medi Ambient, Pedro Bestard, des de l\u2019inici de legislatura. <\/p>\n<p>Entre les despeses recurrents que es paguen extrajudicialment, s\u2019hi compten les de manteniment ordinari de les instal\u00b7lacions i dels equipaments dels hip\u00f2droms, subministres d\u2019oficina, de neteja, de comunicaci\u00f3 i publicitat, que es contracten i es paguen a dit, sense cap control. \u201dLa llei de contractes de les administracions p\u00fabliques obliga a qu\u00e8 totes aquestes despeses estiguin regulades sota contractes que garanteixin la lliure concurr\u00e8ncia i la transpar\u00e8ncia de la despesa\u201d, ha recordat Serra. Des del Grup Socialista al Consell s\u2019ha instat Bestard a posar ordre dins la gesti\u00f3 de l\u2019IEHM, per evitar que \u201cel trot estigui deixat de la ma de D\u00e9u\u201d. <\/p>\n[\/vc_column_text][\/vc_column][\/vc_row]\n\n\n\n<figure class=\"wp-block-audio\"><audio controls src=\"https:\/\/www.psib-psoe.org\/mallorca\/wp-content\/uploads\/Tall-Serra-activitats-son-Pardo.mp3\"><\/audio><\/figure>\n\n\n\n<p><\/p>\n<\/div>","protected":false},"excerpt":{"rendered":"[vc_row][vc_column][vc_column_text] Els Socialistes han criticat amb duresa la manca de gesti\u00f3 de PPVox en la gesti\u00f3 de l\u2019entitat que fomenta el trot a Mallorca, per permetre competicions amb acc\u00e9s de p\u00fablic a l\u2019Hip\u00f2drom de Son Pardo sense que el recinte compti, a dia d\u2019avui, amb la preceptiva llic\u00e8ncia d\u2019activitats municipal. El conseller del Grup Socialista,&hellip;","protected":false},"author":3,"featured_media":30727,"comment_status":"closed","ping_status":"closed","sticky":false,"template":"","format":"standard","meta":{"footnotes":""},"categories":[2,1,90,92],"tags":[218,343,362,447,546,105,83,77,186,639,504,665,84,296],"class_list":["post-30726","post","type-post","status-publish","format-standard","has-post-thumbnail","hentry","category-federacio-de-mallorca","category-federacio-de-mallorca-portada","category-municipis","category-portada","tag-amanda-fernandez","tag-andreu-serra","tag-ares-fernandez","tag-bea-gamundi","tag-biel-alomar","tag-catalina-cladera","tag-consell-de-mallorca","tag-federacio-socialista-de-mallorca","tag-jaume-mateu","tag-joan-mendez-2","tag-juana-m-adrover","tag-lluis-socias-2","tag-psib-psoe","tag-sofia-alonso"],"_links":{"self":[{"href":"https:\/\/www.psib-psoe.org\/mallorca\/wp-json\/wp\/v2\/posts\/30726"}],"collection":[{"href":"https:\/\/www.psib-psoe.org\/mallorca\/wp-json\/wp\/v2\/posts"}],"about":[{"href":"https:\/\/www.psib-psoe.org\/mallorca\/wp-json\/wp\/v2\/types\/post"}],"author":[{"embeddable":true,"href":"https:\/\/www.psib-psoe.org\/mallorca\/wp-json\/wp\/v2\/users\/3"}],"replies":[{"embeddable":true,"href":"https:\/\/www.psib-psoe.org\/mallorca\/wp-json\/wp\/v2\/comments?post=30726"}],"version-history":[{"count":2,"href":"https:\/\/www.psib-psoe.org\/mallorca\/wp-json\/wp\/v2\/posts\/30726\/revisions"}],"predecessor-version":[{"id":30730,"href":"https:\/\/www.psib-psoe.org\/mallorca\/wp-json\/wp\/v2\/posts\/30726\/revisions\/30730"}],"wp:featuredmedia":[{"embeddable":true,"href":"https:\/\/www.psib-psoe.org\/mallorca\/wp-json\/wp\/v2\/media\/30727"}],"wp:attachment":[{"href":"https:\/\/www.psib-psoe.org\/mallorca\/wp-json\/wp\/v2\/media?parent=30726"}],"wp:term":[{"taxonomy":"category","embeddable":true,"href":"https:\/\/www.psib-psoe.org\/mallorca\/wp-json\/wp\/v2\/categories?post=30726"},{"taxonomy":"post_tag","embeddable":true,"href":"https:\/\/www.psib-psoe.org\/mallorca\/wp-json\/wp\/v2\/tags?post=30726"}],"curies":[{"name":"wp","href":"https:\/\/api.w.org\/{rel}","templated":true}]}}