{"id":30731,"date":"2025-12-05T13:55:17","date_gmt":"2025-12-05T11:55:17","guid":{"rendered":"https:\/\/www.psib-psoe.org\/mallorca\/?p=30731"},"modified":"2025-12-05T13:55:29","modified_gmt":"2025-12-05T11:55:29","slug":"el-psib-psoe-denuncia-el-retard-injustificat-en-lobertura-del-centre-de-dia-de-palmanova-i-nexigeix-la-posada-en-marxa-com-mes-aviat-millor","status":"publish","type":"post","link":"https:\/\/www.psib-psoe.org\/mallorca\/el-psib-psoe-denuncia-el-retard-injustificat-en-lobertura-del-centre-de-dia-de-palmanova-i-nexigeix-la-posada-en-marxa-com-mes-aviat-millor\/","title":{"rendered":"El PSIB-PSOE denuncia el retard injustificat en l\u2019obertura del Centre de Dia de Palmanova i n\u2019exigeix la posada en marxa com m\u00e9s aviat millor."},"content":{"rendered":"<div class=\"wpb-content-wrapper\">\n<figure class=\"wp-block-image size-full is-resized is-style-default\"><img loading=\"lazy\" decoding=\"async\" width=\"2560\" height=\"1920\" src=\"https:\/\/www.psib-psoe.org\/mallorca\/wp-content\/uploads\/0511225_Centre-de-Dia-Palmanova-copia-scaled.jpeg\" alt=\"\" class=\"wp-image-30732\" style=\"width:788px;height:auto\" srcset=\"https:\/\/www.psib-psoe.org\/mallorca\/wp-content\/uploads\/0511225_Centre-de-Dia-Palmanova-copia-scaled.jpeg 2560w, https:\/\/www.psib-psoe.org\/mallorca\/wp-content\/uploads\/0511225_Centre-de-Dia-Palmanova-copia-300x225.jpeg 300w, https:\/\/www.psib-psoe.org\/mallorca\/wp-content\/uploads\/0511225_Centre-de-Dia-Palmanova-copia-1024x768.jpeg 1024w, https:\/\/www.psib-psoe.org\/mallorca\/wp-content\/uploads\/0511225_Centre-de-Dia-Palmanova-copia-768x576.jpeg 768w, https:\/\/www.psib-psoe.org\/mallorca\/wp-content\/uploads\/0511225_Centre-de-Dia-Palmanova-copia-1536x1152.jpeg 1536w, https:\/\/www.psib-psoe.org\/mallorca\/wp-content\/uploads\/0511225_Centre-de-Dia-Palmanova-copia-2048x1536.jpeg 2048w, https:\/\/www.psib-psoe.org\/mallorca\/wp-content\/uploads\/0511225_Centre-de-Dia-Palmanova-copia-150x113.jpeg 150w, https:\/\/www.psib-psoe.org\/mallorca\/wp-content\/uploads\/0511225_Centre-de-Dia-Palmanova-copia-600x450.jpeg 600w, https:\/\/www.psib-psoe.org\/mallorca\/wp-content\/uploads\/0511225_Centre-de-Dia-Palmanova-copia-900x675.jpeg 900w, https:\/\/www.psib-psoe.org\/mallorca\/wp-content\/uploads\/0511225_Centre-de-Dia-Palmanova-copia-20x16.jpeg 20w\" sizes=\"(max-width: 2560px) 100vw, 2560px\" \/><\/figure>\n\n\n[vc_row][vc_column][vc_column_text]\n<p><em><u>El PSIB-PSOE ha denunciat la situaci\u00f3 insostenible que viuen les fam\u00edlies i persones majors de Calvi\u00e0 davant el retard injustificat en l\u2019obertura del Centre de Dia de Palmanova, un equipament totalment constru\u00eft i equipat des de fa dos anys que continua amb les portes tancades per la deixadesa del Govern de Marga Prohens i de l\u2019Ajuntament de Calvi\u00e0, governat per PPVox.<br \/>\n   <\/u><\/em><\/p>\n[\/vc_column_text][\/vc_column][\/vc_row]\n\n\n[vc_row][vc_column][vc_column_text]\n<p>El Centre de Dia de Palmanova, impulsat per l\u2019anterior govern progressista, va ser planificat per oferir 30 places p\u00fabliques d\u2019atenci\u00f3 de dia i donar resposta a la manca de recursos per a persones majors i dependents a aquesta zona costanera de Calvi\u00e0. Tot i que l\u2019edifici est\u00e0 acabat, adaptat i preparat, el Govern i l\u2019Ajuntament no han completat els tr\u00e0mits administratius necessaris per a la seva obertura, mantenint-lo tancat sense cap calendari ni explicaci\u00f3 clara.  <\/p>\n<p>La secret\u00e0ria general de la Federaci\u00f3 Socialista de Mallorca, Amanda Fern\u00e0ndez, el diputat Omar Lam\u00edn, i la portaveu del Grup Municipal a Calvi\u00e0, Nati Franc\u00e9s, han reclamat avui que el Govern i l\u2019Ajuntament posin en marxa la infraestructura social de Palmanova com m\u00e9s aviat millor. \u201cRes no justifica que aquest centre mantingui les portes tancades\u201d, ha dit Fern\u00e0ndez. \u201cLes persones majors i dependents mereixen dignitat i atenci\u00f3. Exigim l\u2019obertura del Centre de Dia de Palmanova i el desbloqueig de tots els projectes socials que el PP ha deixat aturats.\u201d <\/p>\n<p>El del centre de dia de Calvi\u00e0 no \u00e9s un cas a\u00efllat. Aquesta mateixa setmana els socialistes han fet esment de la situaci\u00f3 paral\u00b7lela que viu en centre de dia de Badia Gran, a Llucmajor, i la resid\u00e8ncia municipal, en aquest cas a l\u2019espera de l\u2019execuci\u00f3 d\u2019un projecte de reforma que ja es va deixar preparat a finals de la passada legislatura.  <\/p>\n<p>Aquest \u00e9s un fet que tamb\u00e9 acompanya al centre de dia de Palmanova, que va ser licitat i executat en la seva pr\u00e0ctica totalitat durant el mandat del Govern del Progr\u00e9s, per\u00f2 que en els dos anys i mig de legislatura ha quedat totalment oblidat per l\u2019administraci\u00f3 PPVox al Govern i a l\u2019Ajuntament.  <\/p>\n<p>\u201cNo sabem qu\u00e8 m\u00e9s cal fer perque els responsables pol\u00edtics actuals posin en marxa totes aquestes infraestructures\u201d, ha reconegut el diputat Omar Lam\u00edn.  \u201cAquests centres s\u00f3n fruit d\u2019una pol\u00edtica progressista que posava les persones al centre, i en el context d\u2019envelliment accelerat de la poblaci\u00f3 que tenim, mantenir equipaments tancats \u00e9s una irresponsabilitat social que compromet el futur de milers de fam\u00edlies\u201d.  <\/p>\n<p>Mentrestant, malgrat els anuncis de plans de xoc i anuncis diversos, a Balears la realitat parla de m\u00e9s de 7.000 persones darrera una prestaci\u00f3 reconeguda per depend\u00e8ncia. L\u2019espera per centres de dia s\u2019ha incrementat un 48%, amb m\u00e9s de 1.300 persones en els llistats i una demora mitjana de 136 dies. Les resid\u00e8ncies acumulen m\u00e9s de 2.000 persones que han demanat pla\u00e7a per\u00f2 que no se\u2019ls ha assignat, amb retards que superen els 140 dies. <\/p>\n<p>Aquestes dades evidencien una gesti\u00f3 nefasta i una manca de prioritat social alarmant per part del Govern de Marga Prohens. \u201cCalvi\u00e0, i la gent gran de Palmanova no mereix aquest c\u00e0stig del PPVox, que governa d\u2019esquena a les necessitats de la gent\u201d, ha afirmat la portaveu socialista a Calvi\u00e0, Nat\u00ed Franc\u00e9s.  <\/p>\n[\/vc_column_text][\/vc_column][\/vc_row]\n<\/div>","protected":false},"excerpt":{"rendered":"[vc_row][vc_column][vc_column_text] El PSIB-PSOE ha denunciat la situaci\u00f3 insostenible que viuen les fam\u00edlies i persones majors de Calvi\u00e0 davant el retard injustificat en l\u2019obertura del Centre de Dia de Palmanova, un equipament totalment constru\u00eft i equipat des de fa dos anys que continua amb les portes tancades per la deixadesa del Govern de Marga Prohens i&hellip;","protected":false},"author":3,"featured_media":30732,"comment_status":"closed","ping_status":"closed","sticky":false,"template":"","format":"standard","meta":{"footnotes":""},"categories":[2,1,90,92],"tags":[413,218,447,77,639,316,551,84,296],"class_list":["post-30731","post","type-post","status-publish","format-standard","has-post-thumbnail","hentry","category-federacio-de-mallorca","category-federacio-de-mallorca-portada","category-municipis","category-portada","tag-agrupacio-socialsita-de-calvia","tag-amanda-fernandez","tag-bea-gamundi","tag-federacio-socialista-de-mallorca","tag-joan-mendez-2","tag-nati-frances","tag-omar-lamin","tag-psib-psoe","tag-sofia-alonso"],"_links":{"self":[{"href":"https:\/\/www.psib-psoe.org\/mallorca\/wp-json\/wp\/v2\/posts\/30731"}],"collection":[{"href":"https:\/\/www.psib-psoe.org\/mallorca\/wp-json\/wp\/v2\/posts"}],"about":[{"href":"https:\/\/www.psib-psoe.org\/mallorca\/wp-json\/wp\/v2\/types\/post"}],"author":[{"embeddable":true,"href":"https:\/\/www.psib-psoe.org\/mallorca\/wp-json\/wp\/v2\/users\/3"}],"replies":[{"embeddable":true,"href":"https:\/\/www.psib-psoe.org\/mallorca\/wp-json\/wp\/v2\/comments?post=30731"}],"version-history":[{"count":1,"href":"https:\/\/www.psib-psoe.org\/mallorca\/wp-json\/wp\/v2\/posts\/30731\/revisions"}],"predecessor-version":[{"id":30733,"href":"https:\/\/www.psib-psoe.org\/mallorca\/wp-json\/wp\/v2\/posts\/30731\/revisions\/30733"}],"wp:featuredmedia":[{"embeddable":true,"href":"https:\/\/www.psib-psoe.org\/mallorca\/wp-json\/wp\/v2\/media\/30732"}],"wp:attachment":[{"href":"https:\/\/www.psib-psoe.org\/mallorca\/wp-json\/wp\/v2\/media?parent=30731"}],"wp:term":[{"taxonomy":"category","embeddable":true,"href":"https:\/\/www.psib-psoe.org\/mallorca\/wp-json\/wp\/v2\/categories?post=30731"},{"taxonomy":"post_tag","embeddable":true,"href":"https:\/\/www.psib-psoe.org\/mallorca\/wp-json\/wp\/v2\/tags?post=30731"}],"curies":[{"name":"wp","href":"https:\/\/api.w.org\/{rel}","templated":true}]}}