{"id":30738,"date":"2025-12-10T11:33:15","date_gmt":"2025-12-10T09:33:15","guid":{"rendered":"https:\/\/www.psib-psoe.org\/mallorca\/?p=30738"},"modified":"2025-12-10T11:33:27","modified_gmt":"2025-12-10T09:33:27","slug":"el-grup-socialista-reclama-al-consell-de-mallorca-un-reforc-urgent-de-la-planificacio-i-el-suport-a-leducacio-infantil-0-3-anys","status":"publish","type":"post","link":"https:\/\/www.psib-psoe.org\/mallorca\/el-grup-socialista-reclama-al-consell-de-mallorca-un-reforc-urgent-de-la-planificacio-i-el-suport-a-leducacio-infantil-0-3-anys\/","title":{"rendered":"El Grup Socialista reclama al Consell de Mallorca un refor\u00e7 urgent de la planificaci\u00f3 i el suport a l\u2019educaci\u00f3 infantil 0-3 anys."},"content":{"rendered":"<div class=\"wpb-content-wrapper\">\n<figure class=\"wp-block-image size-full is-resized is-style-default\"><img loading=\"lazy\" decoding=\"async\" width=\"1066\" height=\"995\" src=\"https:\/\/www.psib-psoe.org\/mallorca\/wp-content\/uploads\/Bea-Gamundi-1.jpeg\" alt=\"\" class=\"wp-image-30739\" style=\"width:788px;height:auto\" srcset=\"https:\/\/www.psib-psoe.org\/mallorca\/wp-content\/uploads\/Bea-Gamundi-1.jpeg 1066w, https:\/\/www.psib-psoe.org\/mallorca\/wp-content\/uploads\/Bea-Gamundi-1-300x280.jpeg 300w, https:\/\/www.psib-psoe.org\/mallorca\/wp-content\/uploads\/Bea-Gamundi-1-1024x956.jpeg 1024w, https:\/\/www.psib-psoe.org\/mallorca\/wp-content\/uploads\/Bea-Gamundi-1-768x717.jpeg 768w, https:\/\/www.psib-psoe.org\/mallorca\/wp-content\/uploads\/Bea-Gamundi-1-150x140.jpeg 150w, https:\/\/www.psib-psoe.org\/mallorca\/wp-content\/uploads\/Bea-Gamundi-1-600x560.jpeg 600w, https:\/\/www.psib-psoe.org\/mallorca\/wp-content\/uploads\/Bea-Gamundi-1-900x840.jpeg 900w, https:\/\/www.psib-psoe.org\/mallorca\/wp-content\/uploads\/Bea-Gamundi-1-20x18.jpeg 20w\" sizes=\"(max-width: 1066px) 100vw, 1066px\" \/><\/figure>\n\n\n[vc_row][vc_column][vc_column_text]\n<p><em><u> El Grup Socialista del Consell de Mallorca ha registrat una moci\u00f3 al ple d\u2019aquest dijous per impulsar mesures immediates que reforcin l\u2019atenci\u00f3 i l\u2019educaci\u00f3 infantil de 0 a 3 anys a l\u2019illa. La proposta reclama al govern insular m\u00e9s planificaci\u00f3, suport t\u00e8cnic i econ\u00f2mic, i coordinaci\u00f3 institucional per garantir la qualitat i la continu\u00eftat de les places existents en un moment de transici\u00f3 del model assistencial cap al model educatiu marcat per la LOMLOE i el Reglament dels Centres Assistencials de nins i nines de 0 a 3 anys aprovat pel Consell de Mallorca en 2023.<\/p>\n[\/vc_column_text][\/vc_column][\/vc_row]\n\n\n[vc_row][vc_column][vc_column_text]\n<p>El Grup Socialista reclama que el Consell de Mallorca adopti una estrat\u00e8gia d\u2019acompanyament t\u00e8cnic per evitar la p\u00e8rdua de places i garantir la qualitat i la seguretat dels centres 0-3. Aquesta iniciativa es debatr\u00e0 en el ple de la instituci\u00f3 insular d\u2019aquest dijous. La consellera socialista Beatriu Gamund\u00ed ha advertit que Mallorca es troba \u201cen un punt cr\u00edtic\u201d, ja que el proc\u00e9s d\u2019adaptaci\u00f3 dels antics Centres d\u2019Atenci\u00f3 Infantil (CAI) avan\u00e7a \u201csense el suport t\u00e8cnic necessari i amb una manca d\u2019informaci\u00f3 que est\u00e0 generant inseguretat jur\u00eddica, burocr\u00e0cia i risc real de tancaments\u201d.<\/p>\n<p>\u201cFa gaireb\u00e9 dos anys que va comen\u00e7ar el termini d\u2019adaptaci\u00f3 i encara no hi ha una estrat\u00e8gia d\u2019acompanyament t\u00e8cnic per part de l\u2019IMAS. Aquesta inacci\u00f3 pot provocar la p\u00e8rdua de places que encara s\u00f3n imprescindibles per a moltes fam\u00edlies\u201d, ha afirmat Gamund\u00ed. El reglament que regula aquests centres d\u2019infants de 0 a 3 anys a Mallorca es va aprovar a finals de la passada legislatura, amb el consens de tot el sector. Exigia l\u2019elaboraci\u00f3 d\u2019un cens i un itinerari que s\u2019havia de seguir per aconseguir regularitzar tots els centres per adaptar-los a la nova norma. En tot aquest temps els centres no educatius de nins i nines de 0 a 3 anys a Mallorca no han rebut el suport necessari de part del Consell de Mallorca, fet pel qual el Grup Socialista eleva de nou aquesta q\u00fcesti\u00f3 al plenari. <\/p>\n<p>La moci\u00f3 planteja cinc mesures principals, elaborar i aplicar una estrat\u00e8gia d\u2019acompanyament, consensuada amb el sector, els centres i els ajuntaments. Fer un informe de diagn\u00f2stic sobre la situaci\u00f3 legal i les necessitats dels CAI a Mallorca; estudiar i impulsar un projecte pilot d\u2019Espais Familiars 0-3** com a model de suport social i educatiu; refor\u00e7ar la convocat\u00f2ria d\u2019activitats municipals d\u2019estiu per als nins i nines de fins a 3 anys, amb recursos econ\u00f2mics suficients; i la creaci\u00f3 d\u2019ajudes directes per a fam\u00edlies vulnerables que no accedeixin a places gratu\u00eftes i que siguin usu\u00e0ries de centres acreditats.<\/p>\n<p>Gamund\u00ed ha ressaltat que la moci\u00f3 ha comptat amb l\u2019assessorament de les tres entitats que integren aquest sector: UNICEF, COAPA-FAPA Mallorca i Assemblea 03, per poder elaborar una proposta protectora per als infants.<\/p>\n<p>La consellera socialista ha remarcat que el Consell t\u00e9 una responsabilitat directa en la regulaci\u00f3 i supervisi\u00f3 dels centres assistencials, i que \u201cla falta de planificaci\u00f3 i lideratge est\u00e0 posant en risc el futur de l\u2019etapa 0-3. No podem permetre que la inacci\u00f3 del govern insular deixi fam\u00edlies sense alternatives o centres sense acompanyament per adaptar-se a la normativa\u201d.<\/p>\n[\/vc_column_text][\/vc_column][\/vc_row]\n\n\n\n<p><\/p>\n<\/div>","protected":false},"excerpt":{"rendered":"[vc_row][vc_column][vc_column_text] El Grup Socialista del Consell de Mallorca ha registrat una moci\u00f3 al ple d\u2019aquest dijous per impulsar mesures immediates que reforcin l\u2019atenci\u00f3 i l\u2019educaci\u00f3 infantil de 0 a 3 anys a l\u2019illa. La proposta reclama al govern insular m\u00e9s planificaci\u00f3, suport t\u00e8cnic i econ\u00f2mic, i coordinaci\u00f3 institucional per garantir la qualitat i la continu\u00eftat&hellip;","protected":false},"author":3,"featured_media":30739,"comment_status":"closed","ping_status":"closed","sticky":false,"template":"","format":"standard","meta":{"footnotes":""},"categories":[2,1,90,92],"tags":[218,343,362,447,546,105,83,77,186,639,504,665,84,296],"class_list":["post-30738","post","type-post","status-publish","format-standard","has-post-thumbnail","hentry","category-federacio-de-mallorca","category-federacio-de-mallorca-portada","category-municipis","category-portada","tag-amanda-fernandez","tag-andreu-serra","tag-ares-fernandez","tag-bea-gamundi","tag-biel-alomar","tag-catalina-cladera","tag-consell-de-mallorca","tag-federacio-socialista-de-mallorca","tag-jaume-mateu","tag-joan-mendez-2","tag-juana-m-adrover","tag-lluis-socias-2","tag-psib-psoe","tag-sofia-alonso"],"_links":{"self":[{"href":"https:\/\/www.psib-psoe.org\/mallorca\/wp-json\/wp\/v2\/posts\/30738"}],"collection":[{"href":"https:\/\/www.psib-psoe.org\/mallorca\/wp-json\/wp\/v2\/posts"}],"about":[{"href":"https:\/\/www.psib-psoe.org\/mallorca\/wp-json\/wp\/v2\/types\/post"}],"author":[{"embeddable":true,"href":"https:\/\/www.psib-psoe.org\/mallorca\/wp-json\/wp\/v2\/users\/3"}],"replies":[{"embeddable":true,"href":"https:\/\/www.psib-psoe.org\/mallorca\/wp-json\/wp\/v2\/comments?post=30738"}],"version-history":[{"count":1,"href":"https:\/\/www.psib-psoe.org\/mallorca\/wp-json\/wp\/v2\/posts\/30738\/revisions"}],"predecessor-version":[{"id":30740,"href":"https:\/\/www.psib-psoe.org\/mallorca\/wp-json\/wp\/v2\/posts\/30738\/revisions\/30740"}],"wp:featuredmedia":[{"embeddable":true,"href":"https:\/\/www.psib-psoe.org\/mallorca\/wp-json\/wp\/v2\/media\/30739"}],"wp:attachment":[{"href":"https:\/\/www.psib-psoe.org\/mallorca\/wp-json\/wp\/v2\/media?parent=30738"}],"wp:term":[{"taxonomy":"category","embeddable":true,"href":"https:\/\/www.psib-psoe.org\/mallorca\/wp-json\/wp\/v2\/categories?post=30738"},{"taxonomy":"post_tag","embeddable":true,"href":"https:\/\/www.psib-psoe.org\/mallorca\/wp-json\/wp\/v2\/tags?post=30738"}],"curies":[{"name":"wp","href":"https:\/\/api.w.org\/{rel}","templated":true}]}}