{"id":30741,"date":"2025-12-10T17:04:32","date_gmt":"2025-12-10T15:04:32","guid":{"rendered":"https:\/\/www.psib-psoe.org\/mallorca\/?p=30741"},"modified":"2025-12-10T17:04:45","modified_gmt":"2025-12-10T15:04:45","slug":"el-grup-socialista-manifesta-el-seu-escepticisme-davant-les-xifres-dactuacions-sobre-loferta-turistica-illegal-que-ha-ofert-el-consell-de-mallorca","status":"publish","type":"post","link":"https:\/\/www.psib-psoe.org\/mallorca\/el-grup-socialista-manifesta-el-seu-escepticisme-davant-les-xifres-dactuacions-sobre-loferta-turistica-illegal-que-ha-ofert-el-consell-de-mallorca\/","title":{"rendered":"El Grup Socialista manifesta el seu \u201cescepticisme\u201d davant les xifres d\u2019actuacions sobre l\u2019oferta tur\u00edstica il\u00b7legal que ha ofert el Consell de Mallorca."},"content":{"rendered":"<div class=\"wpb-content-wrapper\">\n<figure class=\"wp-block-image size-full is-resized is-style-default\"><img loading=\"lazy\" decoding=\"async\" width=\"1600\" height=\"1066\" src=\"http:\/\/www.psib-psoe.org\/mallorca\/wp-content\/uploads\/Cladera-pressupostos-141125.jpeg\" alt=\"\" class=\"wp-image-30647\" style=\"width:788px;height:auto\" srcset=\"https:\/\/www.psib-psoe.org\/mallorca\/wp-content\/uploads\/Cladera-pressupostos-141125.jpeg 1600w, https:\/\/www.psib-psoe.org\/mallorca\/wp-content\/uploads\/Cladera-pressupostos-141125-300x200.jpeg 300w, https:\/\/www.psib-psoe.org\/mallorca\/wp-content\/uploads\/Cladera-pressupostos-141125-1024x682.jpeg 1024w, https:\/\/www.psib-psoe.org\/mallorca\/wp-content\/uploads\/Cladera-pressupostos-141125-768x512.jpeg 768w, https:\/\/www.psib-psoe.org\/mallorca\/wp-content\/uploads\/Cladera-pressupostos-141125-1536x1023.jpeg 1536w, https:\/\/www.psib-psoe.org\/mallorca\/wp-content\/uploads\/Cladera-pressupostos-141125-150x100.jpeg 150w, https:\/\/www.psib-psoe.org\/mallorca\/wp-content\/uploads\/Cladera-pressupostos-141125-600x400.jpeg 600w, https:\/\/www.psib-psoe.org\/mallorca\/wp-content\/uploads\/Cladera-pressupostos-141125-900x600.jpeg 900w, https:\/\/www.psib-psoe.org\/mallorca\/wp-content\/uploads\/Cladera-pressupostos-141125-20x13.jpeg 20w\" sizes=\"(max-width: 1600px) 100vw, 1600px\" \/><\/figure>\n\n\n[vc_row][vc_column][vc_column_text]\n<p><em><u> Els socialistes acusen el conseller de Turisme, Jos\u00e9 Marcial Rodr\u00edguez, d\u2019abocar xifres i dades que no es contrasten per amagar \u201cla manca de gesti\u00f3 i l\u2019abs\u00e8ncia de zel en la persecuci\u00f3 de l\u2019allotjament il\u00b7legal a Mallorca\u201d. La portaveu del Grup Socialista ha constatat que \u201cno deixa de ser estrany que els estudis del mateix Consell facin aflorar 8.000 allotjaments il\u00b7legals per\u00f2 que despr\u00e9s de la campanya nom\u00e9s s\u2019hagin obert 188 expedients sancionadors en 2025\u201d. <\/p>\n[\/vc_column_text][\/vc_column][\/vc_row]\n\n\n[vc_row][vc_column][vc_column_text]\n<p>Les xifres aportades pel departament de Turisme sobre l\u2019activitat d\u2019inspeccions a l\u2019oferta tur\u00edstica il\u00b7legal a Mallorca durant 2025 \u201cs\u2019ha d\u2019agafar amb pinces, per que el conseller Marcial Rodr\u00edguez ha demostrat que no aporta informaci\u00f3 fiable\u201d. La portaveu socialista al Consell, Catalina Cladera ha declarat el seu escepticisme per les dades de Rodr\u00edguez, \u201cun conseller que \u00e9s poc de fiar i que ha fet de la seva gesti\u00f3 una teringa de sigles i xifres sense contingut\u201d. <\/p>\n<p>Cladera ha recordat que el mateix Consell va afirmar, en un estudi d\u2019aquest mateix estiu, que un 40% del total dels allotjaments de lloguer tur\u00edstic eren il\u00b7legals, i aix\u00f2 suposaven uns 8.000 establiments nom\u00e9s a Mallorca. \u201cAra Marcial ens ve a dir que de tots aquests allotjaments, en 2025 s\u2019han incoat 181 expedients sancionadors, realment semblen pocs\u201d. En realitat, fa nom\u00e9s uns dies, en resposta a una pregunta del Grup Socialista, el mateix Rodr\u00edguez va admetre que havia deixat caducar 52 expedients sancionadors, i que cap de les tramitacions en fase executiva va ser tramesa a Fiscalia, tal i com ha de fer el Consell de Mallorca en l\u2019exercici de les seves compet\u00e8ncies en Ordenaci\u00f3. <\/p>\n<p>\u201cMarcial va faltar a la realitat en 2024 quan va anunciar que incorporaria nou personal a la inspecci\u00f3; ara resulta que segueix anunciant per 2026 el mateix increment d\u2019inspectors que no ha complert enguany\u201d. Sobre els anunciats 4.400 anuncis que diu que Turisme ha fet desapar\u00e8ixer de les plataformes de comercialitzaci\u00f3 per internet, Cladera expressa que \u201cen tot cas podrem anar comprovant si \u00e9s cert o no, per\u00f2 en tot cas no es tracta m\u00e9s que el compliment d\u2019una obligaci\u00f3 legal de les plataformes, segons la llei estatal\u201d.<\/p>\n<p>En el decurs del ple de dem\u00e0, el Grup Socialista ha previst una pregunta al mateix conseller Rodr\u00edguez, per a qu\u00e8 expliqui les causes per les quals s\u2019ha deixat de perseguir als infractors en expedients sancionadors. Cladera creu que darrere les xifres que aporta, el fum de Rodr\u00edguez nom\u00e9s vol \u201cmaquillar la realitat de qu\u00e8 el Consell vol afavorir els de sempre i que en realitat aposta pel turisme desbocat per\u00f2 amb un discurs carregat de llocs comuns i paraules buides a l\u2019entorn de la conviv\u00e8ncia pac\u00edfica entre visitant i resident, i un suposat comprom\u00eds de respecte que nom\u00e9s perpetua la massificaci\u00f3 tur\u00edstica que patim, i que ens costa m\u00e9s milions d\u2019euros que mai en propaganda i publicitat\u201d.<\/p>\n[\/vc_column_text][\/vc_column][\/vc_row]\n\n\n\n<p><\/p>\n<\/div>","protected":false},"excerpt":{"rendered":"[vc_row][vc_column][vc_column_text] Els socialistes acusen el conseller de Turisme, Jos\u00e9 Marcial Rodr\u00edguez, d\u2019abocar xifres i dades que no es contrasten per amagar \u201cla manca de gesti\u00f3 i l\u2019abs\u00e8ncia de zel en la persecuci\u00f3 de l\u2019allotjament il\u00b7legal a Mallorca\u201d. La portaveu del Grup Socialista ha constatat que \u201cno deixa de ser estrany que els estudis del mateix&hellip;","protected":false},"author":3,"featured_media":30647,"comment_status":"closed","ping_status":"closed","sticky":false,"template":"","format":"standard","meta":{"footnotes":""},"categories":[2,1,90,92],"tags":[218,343,362,447,546,105,83,77,186,639,504,665,84,296],"class_list":["post-30741","post","type-post","status-publish","format-standard","has-post-thumbnail","hentry","category-federacio-de-mallorca","category-federacio-de-mallorca-portada","category-municipis","category-portada","tag-amanda-fernandez","tag-andreu-serra","tag-ares-fernandez","tag-bea-gamundi","tag-biel-alomar","tag-catalina-cladera","tag-consell-de-mallorca","tag-federacio-socialista-de-mallorca","tag-jaume-mateu","tag-joan-mendez-2","tag-juana-m-adrover","tag-lluis-socias-2","tag-psib-psoe","tag-sofia-alonso"],"_links":{"self":[{"href":"https:\/\/www.psib-psoe.org\/mallorca\/wp-json\/wp\/v2\/posts\/30741"}],"collection":[{"href":"https:\/\/www.psib-psoe.org\/mallorca\/wp-json\/wp\/v2\/posts"}],"about":[{"href":"https:\/\/www.psib-psoe.org\/mallorca\/wp-json\/wp\/v2\/types\/post"}],"author":[{"embeddable":true,"href":"https:\/\/www.psib-psoe.org\/mallorca\/wp-json\/wp\/v2\/users\/3"}],"replies":[{"embeddable":true,"href":"https:\/\/www.psib-psoe.org\/mallorca\/wp-json\/wp\/v2\/comments?post=30741"}],"version-history":[{"count":1,"href":"https:\/\/www.psib-psoe.org\/mallorca\/wp-json\/wp\/v2\/posts\/30741\/revisions"}],"predecessor-version":[{"id":30742,"href":"https:\/\/www.psib-psoe.org\/mallorca\/wp-json\/wp\/v2\/posts\/30741\/revisions\/30742"}],"wp:featuredmedia":[{"embeddable":true,"href":"https:\/\/www.psib-psoe.org\/mallorca\/wp-json\/wp\/v2\/media\/30647"}],"wp:attachment":[{"href":"https:\/\/www.psib-psoe.org\/mallorca\/wp-json\/wp\/v2\/media?parent=30741"}],"wp:term":[{"taxonomy":"category","embeddable":true,"href":"https:\/\/www.psib-psoe.org\/mallorca\/wp-json\/wp\/v2\/categories?post=30741"},{"taxonomy":"post_tag","embeddable":true,"href":"https:\/\/www.psib-psoe.org\/mallorca\/wp-json\/wp\/v2\/tags?post=30741"}],"curies":[{"name":"wp","href":"https:\/\/api.w.org\/{rel}","templated":true}]}}