{"id":30743,"date":"2025-12-11T11:23:13","date_gmt":"2025-12-11T09:23:13","guid":{"rendered":"https:\/\/www.psib-psoe.org\/mallorca\/?p=30743"},"modified":"2025-12-11T11:23:23","modified_gmt":"2025-12-11T09:23:23","slug":"els-grups-de-consellers-de-el-pi-mes-per-mallorca-psib-psoe-i-del-partit-popular-de-mallorca-reafirmen-el-seu-compromis-amb-els-drets-humans-en-la-celebracio-del-dia-internacional","status":"publish","type":"post","link":"https:\/\/www.psib-psoe.org\/mallorca\/els-grups-de-consellers-de-el-pi-mes-per-mallorca-psib-psoe-i-del-partit-popular-de-mallorca-reafirmen-el-seu-compromis-amb-els-drets-humans-en-la-celebracio-del-dia-internacional\/","title":{"rendered":"Els Grups de Consellers de El Pi, Mes per Mallorca, PSIB-PSOE i del Partit Popular de Mallorca reafirmen el seu comprom\u00eds amb els Drets Humans en la celebraci\u00f3 del Dia Internacional."},"content":{"rendered":"<div class=\"wpb-content-wrapper\">\n<figure class=\"wp-block-image size-full is-resized is-style-default\"><img loading=\"lazy\" decoding=\"async\" width=\"1600\" height=\"900\" src=\"https:\/\/www.psib-psoe.org\/mallorca\/wp-content\/uploads\/Lectura-2-edited.jpeg\" alt=\"\" class=\"wp-image-30745\" style=\"width:788px;height:auto\" srcset=\"https:\/\/www.psib-psoe.org\/mallorca\/wp-content\/uploads\/Lectura-2-edited.jpeg 1600w, https:\/\/www.psib-psoe.org\/mallorca\/wp-content\/uploads\/Lectura-2-edited-300x169.jpeg 300w, https:\/\/www.psib-psoe.org\/mallorca\/wp-content\/uploads\/Lectura-2-edited-1024x576.jpeg 1024w, https:\/\/www.psib-psoe.org\/mallorca\/wp-content\/uploads\/Lectura-2-edited-768x432.jpeg 768w, https:\/\/www.psib-psoe.org\/mallorca\/wp-content\/uploads\/Lectura-2-edited-1536x864.jpeg 1536w, https:\/\/www.psib-psoe.org\/mallorca\/wp-content\/uploads\/Lectura-2-edited-20x11.jpeg 20w, https:\/\/www.psib-psoe.org\/mallorca\/wp-content\/uploads\/Lectura-2-edited-150x84.jpeg 150w, https:\/\/www.psib-psoe.org\/mallorca\/wp-content\/uploads\/Lectura-2-edited-600x338.jpeg 600w, https:\/\/www.psib-psoe.org\/mallorca\/wp-content\/uploads\/Lectura-2-edited-900x506.jpeg 900w\" sizes=\"(max-width: 1600px) 100vw, 1600px\" \/><\/figure>\n\n\n[vc_row][vc_column][vc_column_text]\n<p><em><u> Els portaveus dels quatre grups han realitzat la lectura d\u2019un manifest conjunt abans de l\u2019inici del ple ordinari del Consell de Mallorca, amb el que han constatat la defensa dels Drets Humans com a pe\u00e7a clau de la conviv\u00e8ncia democr\u00e0tica i han instat a les institucions a seguir aplicant aquests principis per enfortir la Democr\u00e0cia i la cultura de la pau. A la lectura del manifest s\u2019hi ha sumat membres d\u2019Amnistia Internacional a Mallorca. L\u2019acte s\u2019ha celebrat fora de l\u2019\u00e0mbit del ple del Consell en no comptar amb la necess\u00e0ria unanimitat pol\u00edtica a causa del desacord dels consellers de Vox.  <\/p>\n[\/vc_column_text][\/vc_column][\/vc_row]\n\n\n[vc_row][vc_column][vc_column_text]\n<p>Quatre dels cinc grups pol\u00edtics que conformen la representaci\u00f3 al ple del Consell de Mallorca han commemorat avui el Dia Internacional dels Drets Humans amb la lectura d\u2019un manifest que subratlla la dignitat de cada persona com a fonament de la conviv\u00e8ncia democr\u00e0tica. La Declaraci\u00f3 Universal de 1948 continua essent la guia \u00e8tica que inspira la defensa de les llibertats fonamentals i la lluita contra l\u2019opressi\u00f3 i la discriminaci\u00f3.<\/p>\n<p>Durant la lectura que a anat a c\u00e0rrec dels quatre portaveus dels grups pol\u00edtics, N\u00faria Riera, Catalina Cladera, Catalina In\u00e8s Perell\u00f3 i Antoni Salas, s\u2019ha reconegut la tasca incansable de la societat civil i entitats com Amnistia Internacional, que fiscalitzen i defensen els drets vulnerats arreu del m\u00f3n. El Consell ha destacat que aquest moviment social \u00e9s clau per enfortir el teixit democr\u00e0tic de Mallorca i consolidar la cultura de la pau. Agust\u00edn Aguirrebengoa i Carlos Mart\u00edn, membres d\u2019Amnistia Internacional a Mallorca, han assistit a l\u2019acte.<\/p>\n<p>Els grups pol\u00edtics, PP, PSIB-PSOE, M\u00c9S per Mallorca i El PI, han acordat de manera un\u00e0nime donar suport a pol\u00edtiques transversals que garanteixin el ple desenvolupament dels Drets Humans i la Just\u00edcia Global a l\u2019illa. Tamb\u00e9 han manifestat el seu agra\u00efment institucional a les entitats que treballen en aquest \u00e0mbit, i s\u2019han adherit a l\u2019acte commemoratiu del Parlament de les Illes Balears on es llegiran els 30 articles de la Declaraci\u00f3 Universal.<\/p>\n<p>Finalment, han fet una crida a la ciutadania perqu\u00e8 incorpori la defensa activa dels Drets Humans en el dia a dia, com a motor de conviv\u00e8ncia democr\u00e0tica i cohesi\u00f3 social, reafirmant el comprom\u00eds institucional amb la cooperaci\u00f3 i la just\u00edcia global. L\u2019acte, convertit en una lectura i no en Declaraci\u00f3 institucional del Consell a causa de la negativa de Vox en secundar-lo, s\u2019ha celebrat l\u2019entrada de l\u2019edifici de Palau Reial, abans de l\u2019inici de la sessi\u00f3 del ple d\u2019aquest dijous.   <\/p>\n[\/vc_column_text][\/vc_column][\/vc_row]\n\n\n\n<p><\/p>\n<\/div>","protected":false},"excerpt":{"rendered":"[vc_row][vc_column][vc_column_text] Els portaveus dels quatre grups han realitzat la lectura d\u2019un manifest conjunt abans de l\u2019inici del ple ordinari del Consell de Mallorca, amb el que han constatat la defensa dels Drets Humans com a pe\u00e7a clau de la conviv\u00e8ncia democr\u00e0tica i han instat a les institucions a seguir aplicant aquests principis per enfortir la&hellip;","protected":false},"author":3,"featured_media":30745,"comment_status":"closed","ping_status":"closed","sticky":false,"template":"","format":"standard","meta":{"footnotes":""},"categories":[2,1,90,92],"tags":[218,343,362,447,546,105,83,77,186,639,504,665,84,296],"class_list":["post-30743","post","type-post","status-publish","format-standard","has-post-thumbnail","hentry","category-federacio-de-mallorca","category-federacio-de-mallorca-portada","category-municipis","category-portada","tag-amanda-fernandez","tag-andreu-serra","tag-ares-fernandez","tag-bea-gamundi","tag-biel-alomar","tag-catalina-cladera","tag-consell-de-mallorca","tag-federacio-socialista-de-mallorca","tag-jaume-mateu","tag-joan-mendez-2","tag-juana-m-adrover","tag-lluis-socias-2","tag-psib-psoe","tag-sofia-alonso"],"_links":{"self":[{"href":"https:\/\/www.psib-psoe.org\/mallorca\/wp-json\/wp\/v2\/posts\/30743"}],"collection":[{"href":"https:\/\/www.psib-psoe.org\/mallorca\/wp-json\/wp\/v2\/posts"}],"about":[{"href":"https:\/\/www.psib-psoe.org\/mallorca\/wp-json\/wp\/v2\/types\/post"}],"author":[{"embeddable":true,"href":"https:\/\/www.psib-psoe.org\/mallorca\/wp-json\/wp\/v2\/users\/3"}],"replies":[{"embeddable":true,"href":"https:\/\/www.psib-psoe.org\/mallorca\/wp-json\/wp\/v2\/comments?post=30743"}],"version-history":[{"count":1,"href":"https:\/\/www.psib-psoe.org\/mallorca\/wp-json\/wp\/v2\/posts\/30743\/revisions"}],"predecessor-version":[{"id":30746,"href":"https:\/\/www.psib-psoe.org\/mallorca\/wp-json\/wp\/v2\/posts\/30743\/revisions\/30746"}],"wp:featuredmedia":[{"embeddable":true,"href":"https:\/\/www.psib-psoe.org\/mallorca\/wp-json\/wp\/v2\/media\/30745"}],"wp:attachment":[{"href":"https:\/\/www.psib-psoe.org\/mallorca\/wp-json\/wp\/v2\/media?parent=30743"}],"wp:term":[{"taxonomy":"category","embeddable":true,"href":"https:\/\/www.psib-psoe.org\/mallorca\/wp-json\/wp\/v2\/categories?post=30743"},{"taxonomy":"post_tag","embeddable":true,"href":"https:\/\/www.psib-psoe.org\/mallorca\/wp-json\/wp\/v2\/tags?post=30743"}],"curies":[{"name":"wp","href":"https:\/\/api.w.org\/{rel}","templated":true}]}}