{"id":30747,"date":"2025-12-11T18:23:05","date_gmt":"2025-12-11T16:23:05","guid":{"rendered":"https:\/\/www.psib-psoe.org\/mallorca\/?p=30747"},"modified":"2025-12-11T18:23:16","modified_gmt":"2025-12-11T16:23:16","slug":"el-grup-socialista-impulsa-la-llei-de-mobilitat-sostenible-amb-una-mocio-al-ple-que-reforca-la-tramitacio-al-consell-i-al-parlament","status":"publish","type":"post","link":"https:\/\/www.psib-psoe.org\/mallorca\/el-grup-socialista-impulsa-la-llei-de-mobilitat-sostenible-amb-una-mocio-al-ple-que-reforca-la-tramitacio-al-consell-i-al-parlament\/","title":{"rendered":"El Grup Socialista impulsa la Llei de Mobilitat Sostenible amb una moci\u00f3 al ple que refor\u00e7a la tramitaci\u00f3 al Consell i al Parlament."},"content":{"rendered":"<div class=\"wpb-content-wrapper\">\n<figure class=\"wp-block-image size-full is-resized is-style-default\"><img loading=\"lazy\" decoding=\"async\" width=\"1600\" height=\"1200\" src=\"https:\/\/www.psib-psoe.org\/mallorca\/wp-content\/uploads\/Ple-111225.jpeg\" alt=\"\" class=\"wp-image-30748\" style=\"width:788px;height:auto\" srcset=\"https:\/\/www.psib-psoe.org\/mallorca\/wp-content\/uploads\/Ple-111225.jpeg 1600w, https:\/\/www.psib-psoe.org\/mallorca\/wp-content\/uploads\/Ple-111225-300x225.jpeg 300w, https:\/\/www.psib-psoe.org\/mallorca\/wp-content\/uploads\/Ple-111225-1024x768.jpeg 1024w, https:\/\/www.psib-psoe.org\/mallorca\/wp-content\/uploads\/Ple-111225-768x576.jpeg 768w, https:\/\/www.psib-psoe.org\/mallorca\/wp-content\/uploads\/Ple-111225-1536x1152.jpeg 1536w, https:\/\/www.psib-psoe.org\/mallorca\/wp-content\/uploads\/Ple-111225-150x113.jpeg 150w, https:\/\/www.psib-psoe.org\/mallorca\/wp-content\/uploads\/Ple-111225-600x450.jpeg 600w, https:\/\/www.psib-psoe.org\/mallorca\/wp-content\/uploads\/Ple-111225-900x675.jpeg 900w, https:\/\/www.psib-psoe.org\/mallorca\/wp-content\/uploads\/Ple-111225-20x16.jpeg 20w\" sizes=\"(max-width: 1600px) 100vw, 1600px\" \/><\/figure>\n\n\n[vc_row][vc_column][vc_column_text]\n<p><em><u> Els Socialistes al Consell de Mallorca han refermat l\u2019impuls a la tramitaci\u00f3 de la Llei de Mobilitat Sostenible, amb una moci\u00f3 al ple del Consell per instar a qu\u00e8 la llei pugui tramitar-se de manera r\u00e0pida i pugui entrar en vigor de cara al pr\u00f2xim estiu, tot i que una transacci\u00f3 del PP ha optat per no instar a la urg\u00e8ncia de la tramitaci\u00f3, i s\u2019ha deixat fora de l\u2019acord l\u2019impuls als projectes ferroviaris de Llevant i del Tramvia de Palma.    <\/p>\n[\/vc_column_text][\/vc_column][\/vc_row]\n\n\n[vc_row][vc_column][vc_column_text]\n<p>El ple del Consell de Mallorca ha avalat la moci\u00f3 del Grup Socialista per instar a tramitar el projecte de llei de Mobilitat Sostenible. El projecte de llei de regulaci\u00f3 d\u2019aflu\u00e8ncia de vehicles i mobilitat sostenible de Mallorca va ser registrat divendres passat al Parlament i al Consell de Mallorca. Es tracta del mateix projecte que Galm\u00e9s va presentar p\u00fablicament el passat 13 de juny, i del qual no s\u2019ha tornat a tenir not\u00edcies. Els socialistes han respectat el text original i han afegit algunes precisions en relaci\u00f3 a refor\u00e7ar el car\u00e0cter de mobilitat sostenible de la llei.<\/p>\n<p>La moci\u00f3 incideix amb la necessitat de \u201cseguir fent feina que ja es va apuntar durant la legislatura anterior\u201d, treballant en favor del transport p\u00fablic i de la mobilitat sostenible, com ha afirmat el conseller socialista Jaume Mateu. El text de la llei que defensa la moci\u00f3 presenta articles nous que recullen el mesures pel foment de la mobilitat activa, a peu o en bicicleta i el transport p\u00fablic. Aix\u00ed mateix tamb\u00e9 s\u2019inclou una refer\u00e8ncia a la necessitat d\u2019executar el trasp\u00e0s de compet\u00e8ncies en mat\u00e8ria de transport p\u00fablic cap al Consell de Mallorca, l\u2019execuci\u00f3 de plans de mobilitat sostenible municipals, i la possibilitat que les pol\u00edtiques de mobilitat sostenible comptin amb finan\u00e7ament estable per via de l\u2019Impost del Turisme Sostenible. <\/p>\n<p>El projecte de llei fa 6 mesos que va ser presentat, per\u00f2 PPVox no ha estat capa\u00e7 de dur-lo a aprovaci\u00f3 al ple del Consell, at\u00e8s que la formaci\u00f3 d\u2019extrema dreta ha anunciat repetidament la seva oposici\u00f3 a la mesura. Davant d\u2019aquesta par\u00e0lisi, la iniciativa del Grup Socialista renova l\u2019impulsa per aconseguir l\u2019aprovaci\u00f3 d\u2019una norma al Consell i tamb\u00e9 al Parlament. La norma parteix de les conclusions de l\u2019Estudi de C\u00e0rrega del Consell i Mateu creu que \u201c\u00e9s bona per a la ciutadania de Mallorca\u201d. <\/p>\n<p>D\u2019altra banda, el ple del Consell tamb\u00e9 ha estimat de manera parcial la iniciativa del Grup Socialista que ha defensat la consellera Beatriu Gamund\u00ed, i que pretenia millorar les condicions dels centres assistencials que presten servei en l\u2019atenci\u00f3 d\u2019infants d\u2019entre 0 a 3 anys a Mallorca. Aquests centres disposen d\u2019un reglament, aprovat en 2023 al Consell, que els obliga a adaptar-se a una nova realitat, com a centres assistencials no educatius. Les adaptacions i les ajudes previstes a la llei no arriben als centres, i la moci\u00f3 socialista apunta en aquesta direcci\u00f3 per permetre l\u2019adaptaci\u00f3. <\/p>\n<p>Gamund\u00ed s\u2019ha referit a qu\u00e8 aquests centres, m\u00e9s de 50 a Mallorca, \u201cno poden deixar sense atenci\u00f3 a les fam\u00edlies que cerquen conciliaci\u00f3 amb la guarda dels seus infants\u201d, ha dit la consellera, que ha afegit la preocupaci\u00f3 \u201cper que les ajudes directes no estan arribant a qui les necessita, ni permet tampoc ajudar a les fam\u00edlies vulnerables que les fan servir, tot i que ens consta la voluntat de fer-ho de l\u2019IMAS\u201d. Del mili\u00f3 d\u2019euros previst inicialment per aquestes ajudes, nom\u00e9s s\u2019han emprat 40.000 euros en 2024. La moci\u00f3 ha quedat aprovada parcialment, tot i que no s\u2019ha aconseguit incrementar la quantitat econ\u00f2mica prevista per les ajudes i les adaptacions. <\/p>\n<p>El Grup Socialista tamb\u00e9 ha defensat en el ple que el Consell es posicion\u00e9s en contra de la derogaci\u00f3 de la Llei de Mem\u00f2ria Democr\u00e0tica de les Illes Balears, un proc\u00e9s iniciat per PPVox al Parlament, i que fa enrere un proc\u00e9s llarg de consens entre totes les forces democr\u00e0tiques durant molts d\u2019anys, i que ara el Govern de Prohens ha decidit conculcar simplement per una voluntat d\u2019acostament a les tesis ultradretanes i reaccion\u00e0ries dels seus socis de govern. <\/p>\n<p>El conseller del Grup Socialista, Joan Ferrer, ha defensat la moci\u00f3 per que \u201cel Consell no es pot posar de perfil en la defensa de la mem\u00f2ria i la dignitat de les v\u00edctimes d\u2019un i altre b\u00e0ndol\u201d. Per Ferrer, \u201cderogar la llei \u00e9s indignant, \u00e9s un error pol\u00edtic i un insult a totes les v\u00edctimes del franquisme\u201d. Durant la passada legislatura, despr\u00e9s de l\u2019ampli consens que va comportar la negociaci\u00f3 i l\u2019aprovaci\u00f3 de la llei, el Govern va procedir a la recuperaci\u00f3 els cossos de les v\u00edctimes, dignificar espais de mem\u00f2ria, i tancar ferides recuperant la dignitat de les fam\u00edlies agreujades despr\u00e9s de d\u00e8cades de silenci. <\/p>\n<p>Ferrer s\u2019ha referit directament a l\u2019actitud canviant del PP en afirmar que \u201cha renunciat a la centralitat pol\u00edtica i ha assumit els postulats de l\u2019extrema dreta\u201d, per abolir la norma que havia negociat i aprovat fa nom\u00e9s 3 anys. \u201cLa Mem\u00f2ria no \u00e9s un deure de partit i recordar no \u00e9s dividir, \u00e9s fer just\u00edcia\u201d ha dit el socialista, en la seva aferrissada defensa de la llei. \u201cNo es pot donar aire al revisionisme i al negacionisme\u201d que en mat\u00e8ria de Mem\u00f2ria Democr\u00e0tica representa l\u2019extrema dreta que pret\u00e9n \u201cblanquejar la dictadura i equiparar v\u00edctimes i botxins\u201d.  A la votaci\u00f3, de nou PPVox s\u2019ha alineat en favor de la derogaci\u00f3 de la Llei de Mem\u00f2ria Democr\u00e0tica. <\/p>\n[\/vc_column_text][\/vc_column][\/vc_row]\n\n\n\n<p><\/p>\n<\/div>","protected":false},"excerpt":{"rendered":"[vc_row][vc_column][vc_column_text] Els Socialistes al Consell de Mallorca han refermat l\u2019impuls a la tramitaci\u00f3 de la Llei de Mobilitat Sostenible, amb una moci\u00f3 al ple del Consell per instar a qu\u00e8 la llei pugui tramitar-se de manera r\u00e0pida i pugui entrar en vigor de cara al pr\u00f2xim estiu, tot i que una transacci\u00f3 del PP ha&hellip;","protected":false},"author":3,"featured_media":30748,"comment_status":"closed","ping_status":"closed","sticky":false,"template":"","format":"standard","meta":{"footnotes":""},"categories":[2,1,90,92],"tags":[218,343,362,447,546,105,83,77,186,639,504,665,84,296],"class_list":["post-30747","post","type-post","status-publish","format-standard","has-post-thumbnail","hentry","category-federacio-de-mallorca","category-federacio-de-mallorca-portada","category-municipis","category-portada","tag-amanda-fernandez","tag-andreu-serra","tag-ares-fernandez","tag-bea-gamundi","tag-biel-alomar","tag-catalina-cladera","tag-consell-de-mallorca","tag-federacio-socialista-de-mallorca","tag-jaume-mateu","tag-joan-mendez-2","tag-juana-m-adrover","tag-lluis-socias-2","tag-psib-psoe","tag-sofia-alonso"],"_links":{"self":[{"href":"https:\/\/www.psib-psoe.org\/mallorca\/wp-json\/wp\/v2\/posts\/30747"}],"collection":[{"href":"https:\/\/www.psib-psoe.org\/mallorca\/wp-json\/wp\/v2\/posts"}],"about":[{"href":"https:\/\/www.psib-psoe.org\/mallorca\/wp-json\/wp\/v2\/types\/post"}],"author":[{"embeddable":true,"href":"https:\/\/www.psib-psoe.org\/mallorca\/wp-json\/wp\/v2\/users\/3"}],"replies":[{"embeddable":true,"href":"https:\/\/www.psib-psoe.org\/mallorca\/wp-json\/wp\/v2\/comments?post=30747"}],"version-history":[{"count":1,"href":"https:\/\/www.psib-psoe.org\/mallorca\/wp-json\/wp\/v2\/posts\/30747\/revisions"}],"predecessor-version":[{"id":30749,"href":"https:\/\/www.psib-psoe.org\/mallorca\/wp-json\/wp\/v2\/posts\/30747\/revisions\/30749"}],"wp:featuredmedia":[{"embeddable":true,"href":"https:\/\/www.psib-psoe.org\/mallorca\/wp-json\/wp\/v2\/media\/30748"}],"wp:attachment":[{"href":"https:\/\/www.psib-psoe.org\/mallorca\/wp-json\/wp\/v2\/media?parent=30747"}],"wp:term":[{"taxonomy":"category","embeddable":true,"href":"https:\/\/www.psib-psoe.org\/mallorca\/wp-json\/wp\/v2\/categories?post=30747"},{"taxonomy":"post_tag","embeddable":true,"href":"https:\/\/www.psib-psoe.org\/mallorca\/wp-json\/wp\/v2\/tags?post=30747"}],"curies":[{"name":"wp","href":"https:\/\/api.w.org\/{rel}","templated":true}]}}