{"id":30751,"date":"2025-12-13T19:51:08","date_gmt":"2025-12-13T17:51:08","guid":{"rendered":"https:\/\/www.psib-psoe.org\/mallorca\/?p=30751"},"modified":"2025-12-15T11:21:30","modified_gmt":"2025-12-15T09:21:30","slug":"els-socialistes-de-soller-expressen-la-seva-preocupacio-per-lesllistes-despera-per-consultes-datencio-primaria-al-centre-desalut","status":"publish","type":"post","link":"https:\/\/www.psib-psoe.org\/mallorca\/els-socialistes-de-soller-expressen-la-seva-preocupacio-per-lesllistes-despera-per-consultes-datencio-primaria-al-centre-desalut\/","title":{"rendered":"Els Socialistes de S\u00f3ller expressen la seva preocupaci\u00f3 per les llistes d\u2019espera per consultes d\u2019atenci\u00f3 prim\u00e0ria al Centre deSalut"},"content":{"rendered":"\n<figure class=\"wp-block-image size-full\"><img loading=\"lazy\" decoding=\"async\" width=\"921\" height=\"663\" src=\"http:\/\/www.psib-psoe.org\/mallorca\/wp-content\/uploads\/WhatsApp-Image-2025-12-12-at-14.25.22.jpeg\" alt=\"\" class=\"wp-image-30752\" srcset=\"https:\/\/www.psib-psoe.org\/mallorca\/wp-content\/uploads\/WhatsApp-Image-2025-12-12-at-14.25.22.jpeg 921w, https:\/\/www.psib-psoe.org\/mallorca\/wp-content\/uploads\/WhatsApp-Image-2025-12-12-at-14.25.22-300x216.jpeg 300w, https:\/\/www.psib-psoe.org\/mallorca\/wp-content\/uploads\/WhatsApp-Image-2025-12-12-at-14.25.22-768x553.jpeg 768w, https:\/\/www.psib-psoe.org\/mallorca\/wp-content\/uploads\/WhatsApp-Image-2025-12-12-at-14.25.22-150x108.jpeg 150w, https:\/\/www.psib-psoe.org\/mallorca\/wp-content\/uploads\/WhatsApp-Image-2025-12-12-at-14.25.22-600x432.jpeg 600w, https:\/\/www.psib-psoe.org\/mallorca\/wp-content\/uploads\/WhatsApp-Image-2025-12-12-at-14.25.22-900x648.jpeg 900w, https:\/\/www.psib-psoe.org\/mallorca\/wp-content\/uploads\/WhatsApp-Image-2025-12-12-at-14.25.22-20x13.jpeg 20w\" sizes=\"(max-width: 921px) 100vw, 921px\" \/><\/figure>\n\n\n\n<p>Jaume Mateu: \u201cLa salut \u00e9s un dret, no un negoci\u201d.<\/p>\n\n\n\n<p>L\u2019Agrupaci\u00f3 Socialista de S\u00f3ller vol expressar la seva preocupaci\u00f3 per l\u2019elevat temps d\u2019espera que hi ha al Centre de Salut de S\u00f3ller per ser at\u00e8s pel metge de fam\u00edlia, que en alguns casos \u00e9s superior als 15 dies.<\/p>\n\n\n\n<p>Si qualsevol ve\u00efnat o ve\u00efnada del municipi sol\u00b7licita avui cita presencial o telef\u00f2nica a trav\u00e9s de l\u2019aplicaci\u00f3 m\u00f2bil del Govern, es trobar\u00e0 amb qu\u00e8 no hi ha cita amb la gran majoria dels professionals, mentre que en altres casos l\u2019espera \u00e9s superior als 15 dies. La cita m\u00e9s pr\u00f2xima que es pot trobar presencial, segons les consultes fetes pels socialistes, \u00e9s d\u2019aqu\u00ed a vuit dies.<\/p>\n\n\n\n<p>\u201cEstam en plena temporada de grip i de malalties respirat\u00f2ries, per la qual cosa el PP hauria de preveure un refor\u00e7 de l\u2019atenci\u00f3 prim\u00e0ria que pugui garantir una atenci\u00f3 sanit\u00e0ria de qualitat i que eviti la saturaci\u00f3 de les urg\u00e8ncies, tant al nostre centre de salut com als hospitals\u201d, ha advertit el secretari general i portaveu a l\u2019Ajuntament, Jaume Mateu.<\/p>\n\n\n\n<p>Per demanar cita per tel\u00e8fon, els mitjans de comunicaci\u00f3 denunciaven aquesta setmana que el servei \u201cInfoSalut Connecta\u201d ha estat m\u00e9s de 7 dies sense atendre les cridades dels ciutadans i les ciutadanes, per la qual cosa tampoc ha estat una alternativa \u00fatil davant la manca de cites per l\u2019aplicaci\u00f3 m\u00f2bil.<\/p>\n\n\n\n<p>En qualsevol cas, els Socialistes de S\u00f3ller volen recon\u00e8ixer una vegada m\u00e9s la magn\u00edfica tasca dels professionals sanitaris del nostre municipi, els quals sempre es deixen la pell per atendre des de l\u2019excel\u00b7l\u00e8ncia, la humanitat i la m\u00e0xima professionalitat als seus pacients, per la qual cosa tamb\u00e9 necessiten planificaci\u00f3, gesti\u00f3 i recursos per poder desenvolupar la seva feina en millors condicions.<\/p>\n\n\n\n<p>Els sollerics i les solleriques tamb\u00e9 pateixen la mala gesti\u00f3 del PP quan arriben a l\u2019Hospital de Son Ll\u00e0tzer, on les llistes d\u2019espera superen els 110 dies de mitjana per a una operaci\u00f3, un temps gaireb\u00e9 r\u00e8cord respecte a fa un any, i gaireb\u00e9 tres mesos per a ser at\u00e8s per l\u2019especialista.<\/p>\n\n\n\n<p>Per aix\u00f2, Mateu ha expressat la seva preocupaci\u00f3 i ha demanat al PP que prioritzi la sanitat p\u00fablica, la qual sempre es veu abandonada i desmantellada sota els governs populars, seguint l\u2019estrat\u00e8gia d\u2019engreixar les llistes d\u2019espera per beneficiar a la privada. \u201cLa salut \u00e9s un dret, no un negoci\u201d, ha recordat el socialista.<\/p>\n\n\n\n<p>Aix\u00ed les coses, els socialistes estaran vigilants per tal que aquesta situaci\u00f3 es pugui anar revertint i s\u2019ofereixi al nostre municipi l\u2019atenci\u00f3 sanit\u00e0ria p\u00fablica que es mereix.<\/p>\n","protected":false},"excerpt":{"rendered":"<p>Jaume Mateu: \u201cLa salut \u00e9s un dret, no un negoci\u201d. L\u2019Agrupaci\u00f3 Socialista de S\u00f3ller vol expressar la seva preocupaci\u00f3 per l\u2019elevat temps d\u2019espera que hi ha al Centre de Salut de S\u00f3ller per ser at\u00e8s pel metge de fam\u00edlia, que en alguns casos \u00e9s superior als 15 dies. Si qualsevol ve\u00efnat o ve\u00efnada del municipi&hellip;<\/p>\n","protected":false},"author":4,"featured_media":30752,"comment_status":"closed","ping_status":"closed","sticky":false,"template":"","format":"standard","meta":{"footnotes":""},"categories":[1,90,92],"tags":[],"class_list":["post-30751","post","type-post","status-publish","format-standard","has-post-thumbnail","hentry","category-federacio-de-mallorca-portada","category-municipis","category-portada"],"_links":{"self":[{"href":"https:\/\/www.psib-psoe.org\/mallorca\/wp-json\/wp\/v2\/posts\/30751"}],"collection":[{"href":"https:\/\/www.psib-psoe.org\/mallorca\/wp-json\/wp\/v2\/posts"}],"about":[{"href":"https:\/\/www.psib-psoe.org\/mallorca\/wp-json\/wp\/v2\/types\/post"}],"author":[{"embeddable":true,"href":"https:\/\/www.psib-psoe.org\/mallorca\/wp-json\/wp\/v2\/users\/4"}],"replies":[{"embeddable":true,"href":"https:\/\/www.psib-psoe.org\/mallorca\/wp-json\/wp\/v2\/comments?post=30751"}],"version-history":[{"count":2,"href":"https:\/\/www.psib-psoe.org\/mallorca\/wp-json\/wp\/v2\/posts\/30751\/revisions"}],"predecessor-version":[{"id":30754,"href":"https:\/\/www.psib-psoe.org\/mallorca\/wp-json\/wp\/v2\/posts\/30751\/revisions\/30754"}],"wp:featuredmedia":[{"embeddable":true,"href":"https:\/\/www.psib-psoe.org\/mallorca\/wp-json\/wp\/v2\/media\/30752"}],"wp:attachment":[{"href":"https:\/\/www.psib-psoe.org\/mallorca\/wp-json\/wp\/v2\/media?parent=30751"}],"wp:term":[{"taxonomy":"category","embeddable":true,"href":"https:\/\/www.psib-psoe.org\/mallorca\/wp-json\/wp\/v2\/categories?post=30751"},{"taxonomy":"post_tag","embeddable":true,"href":"https:\/\/www.psib-psoe.org\/mallorca\/wp-json\/wp\/v2\/tags?post=30751"}],"curies":[{"name":"wp","href":"https:\/\/api.w.org\/{rel}","templated":true}]}}