{"id":30832,"date":"2026-01-09T14:49:13","date_gmt":"2026-01-09T12:49:13","guid":{"rendered":"https:\/\/www.psib-psoe.org\/mallorca\/?p=30832"},"modified":"2026-01-09T14:49:25","modified_gmt":"2026-01-09T12:49:25","slug":"el-psib-psoe-exigeix-al-govern-lincrement-del-financament-que-atorga-als-municipis-pel-lleure-inclusiu-dels-infants-i-joves-amb-dependencia","status":"publish","type":"post","link":"https:\/\/www.psib-psoe.org\/mallorca\/el-psib-psoe-exigeix-al-govern-lincrement-del-financament-que-atorga-als-municipis-pel-lleure-inclusiu-dels-infants-i-joves-amb-dependencia\/","title":{"rendered":"El PSIB-PSOE exigeix al Govern l\u2019increment del finan\u00e7ament que atorga als municipis pel lleure inclusiu dels infants i joves amb depend\u00e8ncia."},"content":{"rendered":"<div class=\"wpb-content-wrapper\">\n<figure class=\"wp-block-image size-full is-style-default\"><img loading=\"lazy\" decoding=\"async\" width=\"1600\" height=\"1200\" src=\"https:\/\/www.psib-psoe.org\/mallorca\/wp-content\/uploads\/Sa-Pobla-lleure-infantil-dependencia-090126.jpeg\" alt=\"\" class=\"wp-image-30833\" srcset=\"https:\/\/www.psib-psoe.org\/mallorca\/wp-content\/uploads\/Sa-Pobla-lleure-infantil-dependencia-090126.jpeg 1600w, https:\/\/www.psib-psoe.org\/mallorca\/wp-content\/uploads\/Sa-Pobla-lleure-infantil-dependencia-090126-300x225.jpeg 300w, https:\/\/www.psib-psoe.org\/mallorca\/wp-content\/uploads\/Sa-Pobla-lleure-infantil-dependencia-090126-1024x768.jpeg 1024w, https:\/\/www.psib-psoe.org\/mallorca\/wp-content\/uploads\/Sa-Pobla-lleure-infantil-dependencia-090126-768x576.jpeg 768w, https:\/\/www.psib-psoe.org\/mallorca\/wp-content\/uploads\/Sa-Pobla-lleure-infantil-dependencia-090126-1536x1152.jpeg 1536w, https:\/\/www.psib-psoe.org\/mallorca\/wp-content\/uploads\/Sa-Pobla-lleure-infantil-dependencia-090126-150x113.jpeg 150w, https:\/\/www.psib-psoe.org\/mallorca\/wp-content\/uploads\/Sa-Pobla-lleure-infantil-dependencia-090126-600x450.jpeg 600w, https:\/\/www.psib-psoe.org\/mallorca\/wp-content\/uploads\/Sa-Pobla-lleure-infantil-dependencia-090126-900x675.jpeg 900w, https:\/\/www.psib-psoe.org\/mallorca\/wp-content\/uploads\/Sa-Pobla-lleure-infantil-dependencia-090126-20x16.jpeg 20w\" sizes=\"(max-width: 1600px) 100vw, 1600px\" \/><\/figure>\n\n\n[vc_row][vc_column][vc_column_text]\n<p><em><u> Sa Pobla, municipi excl\u00f2s de la convocat\u00f2ria de 2025, ha aprovat una iniciativa en el mateix sentit, a proposta del Grup Municipal Socialista. \u201cLes fam\u00edlies que tenen infants i joves amb discapacitat tenen tot el dret a tenir monitors per deixar els seus fills i filles en bones mans, i gaudir d\u2019estones de respir\u201d, ha dit la secret\u00e0ria general de la Federaci\u00f3 Socialista de Mallorca, Amanda Fern\u00e0ndez.<\/p>\n[\/vc_column_text][\/vc_column][\/vc_row]\n\n\n[vc_row][vc_column][vc_column_text]\n<p>El Grup Parlamentari Socialista ha registrat al Parlament de les Illes Balears una Proposici\u00f3 No de Llei per garantir que tots els infants i joves amb depend\u00e8ncia puguin accedir a activitats de lleure educatiu en condicions d\u2019igualtat, mitjan\u00e7ant un finan\u00e7ament suficient i estable per als ajuntaments i entitats que organitzen aquestes activitats. <\/p>\n<p>Aquesta l\u00ednia de finan\u00e7ament municipal es va posar en marxa durant la passada legislatura, per\u00f2 en els tres anys de l\u2019actual mandat, el govern Prohens no ha incrementat ni un euro la dotaci\u00f3 de la partida. Aix\u00f2 i la creixent demanda ha provocat que en les dues convocat\u00f2ries de 2024 i 2025, s\u2019han donat casos de sol\u00b7licituds de subvenci\u00f3 que han quedat excloses de la convocat\u00f2ria per manca de cr\u00e8dit. \u201cProhens no ha volgut augmentar el pressupost de les ajudes, i el que hi ha no basta per cobrir les demandes de tots els sol\u00b7licitants\u201d, ha constatat Fern\u00e0ndez. <\/p>\n<p>Aquest \u00e9s el cas de sa Pobla, que \u201cno ha rebut suport del Govern per a contractar monitors per lleure estival de menors en situaci\u00f3 de depend\u00e8ncia en 2025, tot i haver presentat una sol\u00b7licitud ajustada a la normativa\u201d, segons ha afirmat la regidora socialista de l\u2019equip de govern i portaveu, Xesca Mir. Avui mateix el ple de l\u2019Ajuntament de sa Pobla ha aprovat una iniciativa del Grup Municipal Socialista per reclamar al Govern l\u2019ampliaci\u00f3 del cr\u00e8dit de la convocat\u00f2ria tancada i que aquesta ampliaci\u00f3 es reprodueixi en la convocat\u00f2ria de 2026, en la mateixa l\u00ednia que marca la iniciativa socialista al Parlament. La secret\u00e0ria general dels socialistes de Mallorca ha estat contundent en afirmar que \u201cno permetrem que deixin enrere els infants i els joves amb depend\u00e8ncia i a les seves fam\u00edlies, i \u00e9s per aix\u00f2 que creiem de just\u00edcia que el Govern incrementi la partida de dedicada a aquest servei\u201d. <\/p>\n<p>Tant la PNL presentada al Parlament com la moci\u00f3 aprovada a sa Pobla, insten el Govern a ampliar el cr\u00e8dit de la convocat\u00f2ria de 2025 per cobrir totes les sol\u00b7licituds justificades, i a garantir una dotaci\u00f3 ajustada a la demanda real per a la convocat\u00f2ria de 2026 i futures edicions. \u201cCap infant o jove amb depend\u00e8ncia ni les seves fam\u00edlies poden quedar exclosos del lleure educatiu per manca de recursos\u201d ha dit Fern\u00e0ndez, que reclama que  \u201ctots els municipis que ho sol\u00b7licitin puguin oferir aquest servei amb garanties\u201d.<\/p>\n<p>El diputat socialista Omar Lamin, impulsor de la iniciativa, ha defensat que \u201ccap infant amb depend\u00e8ncia pot quedar fora del lleure educatiu per una q\u00fcesti\u00f3 pressupost\u00e0ria; \u00e9s un dret reconegut i una obligaci\u00f3 dels poders p\u00fablics garantir-lo\u201d. Per aix\u00f2, el PSIB-PSOE \u201cexigeix que el Govern rectifiqui, ampli\u00ef el pressupost i garanteixi que cap ajuntament, entitat o fam\u00edlia torni a sentir que est\u00e0 sola\u201d. Lamin lamenta que el Govern es vanti de  \u201cposar les persones al centre mentre es deixen fora els ajuntaments i les entitats que ofereixen un servei essencial com \u00e9s el lleure inclusiu\u201d.<\/p>\n[\/vc_column_text][\/vc_column][\/vc_row]\n\n\n\n<p><\/p>\n\n\n\n<p><\/p>\n<\/div>","protected":false},"excerpt":{"rendered":"[vc_row][vc_column][vc_column_text] Sa Pobla, municipi excl\u00f2s de la convocat\u00f2ria de 2025, ha aprovat una iniciativa en el mateix sentit, a proposta del Grup Municipal Socialista. \u201cLes fam\u00edlies que tenen infants i joves amb discapacitat tenen tot el dret a tenir monitors per deixar els seus fills i filles en bones mans, i gaudir d\u2019estones de respir\u201d,&hellip;","protected":false},"author":3,"featured_media":30833,"comment_status":"closed","ping_status":"closed","sticky":false,"template":"","format":"standard","meta":{"footnotes":""},"categories":[2,1,90,92],"tags":[608,218,362,447,105,77,551,84,146,296,192],"class_list":["post-30832","post","type-post","status-publish","format-standard","has-post-thumbnail","hentry","category-federacio-de-mallorca","category-federacio-de-mallorca-portada","category-municipis","category-portada","tag-agrupacio-socialista-sa-pobla","tag-amanda-fernandez","tag-ares-fernandez","tag-bea-gamundi","tag-catalina-cladera","tag-federacio-socialista-de-mallorca","tag-omar-lamin","tag-psib-psoe","tag-sa-pobla","tag-sofia-alonso","tag-xesca-mir"],"_links":{"self":[{"href":"https:\/\/www.psib-psoe.org\/mallorca\/wp-json\/wp\/v2\/posts\/30832"}],"collection":[{"href":"https:\/\/www.psib-psoe.org\/mallorca\/wp-json\/wp\/v2\/posts"}],"about":[{"href":"https:\/\/www.psib-psoe.org\/mallorca\/wp-json\/wp\/v2\/types\/post"}],"author":[{"embeddable":true,"href":"https:\/\/www.psib-psoe.org\/mallorca\/wp-json\/wp\/v2\/users\/3"}],"replies":[{"embeddable":true,"href":"https:\/\/www.psib-psoe.org\/mallorca\/wp-json\/wp\/v2\/comments?post=30832"}],"version-history":[{"count":1,"href":"https:\/\/www.psib-psoe.org\/mallorca\/wp-json\/wp\/v2\/posts\/30832\/revisions"}],"predecessor-version":[{"id":30834,"href":"https:\/\/www.psib-psoe.org\/mallorca\/wp-json\/wp\/v2\/posts\/30832\/revisions\/30834"}],"wp:featuredmedia":[{"embeddable":true,"href":"https:\/\/www.psib-psoe.org\/mallorca\/wp-json\/wp\/v2\/media\/30833"}],"wp:attachment":[{"href":"https:\/\/www.psib-psoe.org\/mallorca\/wp-json\/wp\/v2\/media?parent=30832"}],"wp:term":[{"taxonomy":"category","embeddable":true,"href":"https:\/\/www.psib-psoe.org\/mallorca\/wp-json\/wp\/v2\/categories?post=30832"},{"taxonomy":"post_tag","embeddable":true,"href":"https:\/\/www.psib-psoe.org\/mallorca\/wp-json\/wp\/v2\/tags?post=30832"}],"curies":[{"name":"wp","href":"https:\/\/api.w.org\/{rel}","templated":true}]}}