{"id":30835,"date":"2026-01-13T16:13:21","date_gmt":"2026-01-13T14:13:21","guid":{"rendered":"https:\/\/www.psib-psoe.org\/mallorca\/?p=30835"},"modified":"2026-01-13T16:13:33","modified_gmt":"2026-01-13T14:13:33","slug":"els-socialistes-dalcudia-denuncien-la-manca-de-respecte-a-loposicio-per-deixar-unicament-48-hores-per-revisar-el-projecte-de-pressupost-municipal-de-2026","status":"publish","type":"post","link":"https:\/\/www.psib-psoe.org\/mallorca\/els-socialistes-dalcudia-denuncien-la-manca-de-respecte-a-loposicio-per-deixar-unicament-48-hores-per-revisar-el-projecte-de-pressupost-municipal-de-2026\/","title":{"rendered":"Els Socialistes d\u2019Alc\u00fadia denuncien la \u201cmanca de respecte a l\u2019oposici\u00f3\u201d per deixar \u00fanicament 48 hores per revisar el projecte de pressupost municipal de 2026."},"content":{"rendered":"<div class=\"wpb-content-wrapper\">\n<figure class=\"wp-block-image size-full\"><img loading=\"lazy\" decoding=\"async\" width=\"768\" height=\"605\" src=\"https:\/\/www.psib-psoe.org\/mallorca\/wp-content\/uploads\/Agrupacio-Alcudia-3.jpg\" alt=\"\" class=\"wp-image-30836\" srcset=\"https:\/\/www.psib-psoe.org\/mallorca\/wp-content\/uploads\/Agrupacio-Alcudia-3.jpg 768w, https:\/\/www.psib-psoe.org\/mallorca\/wp-content\/uploads\/Agrupacio-Alcudia-3-300x236.jpg 300w, https:\/\/www.psib-psoe.org\/mallorca\/wp-content\/uploads\/Agrupacio-Alcudia-3-20x16.jpg 20w, https:\/\/www.psib-psoe.org\/mallorca\/wp-content\/uploads\/Agrupacio-Alcudia-3-150x118.jpg 150w, https:\/\/www.psib-psoe.org\/mallorca\/wp-content\/uploads\/Agrupacio-Alcudia-3-600x473.jpg 600w\" sizes=\"(max-width: 768px) 100vw, 768px\" \/><\/figure>\n\n\n<p>L\u2019equip de govern de la batlessa Linares torna a mancar al respecte als partits de l\u2019oposici\u00f3. El pr\u00f2xim dijous la comissi\u00f3 informativa posar\u00e0 damunt la taula el projecte de pressupost municipal de 2026, per\u00f2 els partits de l\u2019oposici\u00f3 nom\u00e9s hauran disposat de 48 hores per revisar la gran quantitat d\u2019informaci\u00f3 que cont\u00e9. El portaveu adjunt dels Socialistes d\u2019Alc\u00fadia, Joan Gaspar Vallori, lamenta la \u201cmanca de respecte democr\u00e0tic\u201d de Linares i l\u2019acusa de \u201cpoc transparent\u201d, perque actua \u201cconscientment per dificultar la feina de control de l\u2019oposici\u00f3\u201d.<\/p>\n\n\n[vc_row][vc_column][vc_column_text]\n<p>L\u2019oposici\u00f3 a l\u2019Ajuntament d\u2019Alc\u00fadia nom\u00e9s disposar\u00e0 de 48 hores per revisar el projecte de pressupostos 2026, despr\u00e9s que l\u2019equip de govern hagi convocat la comissi\u00f3 informativa del pr\u00f2xim ple, per sorpresa, per aquest pr\u00f2xim dijous. Un lapse de temps que fa pr\u00e0cticament impossible que es pugui revisar adequadament els comptes d\u2019Alc\u00fadia per enguany, i que per tant, dificulta la feina de control de l\u2019oposici\u00f3 als responsables municipals. <\/p>\n<p>\u201cLinares se\u2019n torna a riure de tota la ciutadania, no nom\u00e9s de l\u2019oposici\u00f3\u201d, ha afirmat el portaveu adjunt del Grup Municipal Socialista a Alc\u00fadia, Joan Gaspar Vallori. Ja el passat m\u00e9s d\u2019agost, amb motiu de l\u2019aprovaci\u00f3 amb retard dels pressupostos de 2025, Linares va obrar d\u2019igual manera i va deixar dos dies per revisar tot el projecte de pressuposts.  <\/p>\n<p>Per Vallori, aquesta manera d\u2019actuar de Linares demostra que el seu objectiu \u00e9s \u201cevitar que puguem revisar a fons els comptes, per que cada cop que ho hem fet, hem trobat forats i mala gesti\u00f3 per tot arreu\u201d. Aix\u00ed el pressupost de 2025 es va aprovar amb 8 mesos de retard, a meitat d\u2019agost, i nom\u00e9s s\u2019ha pogut executar una m\u00ednima part en aquests darrers quatre mesos de 2025.  <\/p>\n<p>El portaveu socialista ha recordat que Linares ha demostrat \u201cla prec\u00e0ria gesti\u00f3 financera del seu equip de Govern\u201d, quan en un ajuntament que compta amb m\u00e9s de 100 milions d\u2019euros de romanents als bancs, s\u2019ha hagut de sotmetre a un Pla Econ\u00f2mic-Financer per haver incomplert les normes fiscals.  Els ciutadans d\u2019Alc\u00fadia han hagut de pagar m\u00e9s impostos i renunciar a serveis que els pertoquen nom\u00e9s per la deficient gesti\u00f3 de Linares, ha afirmat Vallori. <\/p>\n[\/vc_column_text][\/vc_column][\/vc_row]\n<\/div>","protected":false},"excerpt":{"rendered":"L\u2019equip de govern de la batlessa Linares torna a mancar al respecte als partits de l\u2019oposici\u00f3. El pr\u00f2xim dijous la comissi\u00f3 informativa posar\u00e0 damunt la taula el projecte de pressupost municipal de 2026, per\u00f2 els partits de l\u2019oposici\u00f3 nom\u00e9s hauran disposat de 48 hores per revisar la gran quantitat d\u2019informaci\u00f3 que cont\u00e9. El portaveu adjunt&hellip;","protected":false},"author":3,"featured_media":30836,"comment_status":"closed","ping_status":"closed","sticky":false,"template":"","format":"standard","meta":{"footnotes":""},"categories":[2,1,90,92],"tags":[348,556,218,349,77,304],"class_list":["post-30835","post","type-post","status-publish","format-standard","has-post-thumbnail","hentry","category-federacio-de-mallorca","category-federacio-de-mallorca-portada","category-municipis","category-portada","tag-agrupacio-socialista-dalcudia","tag-agui-lobo","tag-amanda-fernandez","tag-barbara-rebassa","tag-federacio-socialista-de-mallorca","tag-joan-gaspar-vallori"],"_links":{"self":[{"href":"https:\/\/www.psib-psoe.org\/mallorca\/wp-json\/wp\/v2\/posts\/30835"}],"collection":[{"href":"https:\/\/www.psib-psoe.org\/mallorca\/wp-json\/wp\/v2\/posts"}],"about":[{"href":"https:\/\/www.psib-psoe.org\/mallorca\/wp-json\/wp\/v2\/types\/post"}],"author":[{"embeddable":true,"href":"https:\/\/www.psib-psoe.org\/mallorca\/wp-json\/wp\/v2\/users\/3"}],"replies":[{"embeddable":true,"href":"https:\/\/www.psib-psoe.org\/mallorca\/wp-json\/wp\/v2\/comments?post=30835"}],"version-history":[{"count":1,"href":"https:\/\/www.psib-psoe.org\/mallorca\/wp-json\/wp\/v2\/posts\/30835\/revisions"}],"predecessor-version":[{"id":30837,"href":"https:\/\/www.psib-psoe.org\/mallorca\/wp-json\/wp\/v2\/posts\/30835\/revisions\/30837"}],"wp:featuredmedia":[{"embeddable":true,"href":"https:\/\/www.psib-psoe.org\/mallorca\/wp-json\/wp\/v2\/media\/30836"}],"wp:attachment":[{"href":"https:\/\/www.psib-psoe.org\/mallorca\/wp-json\/wp\/v2\/media?parent=30835"}],"wp:term":[{"taxonomy":"category","embeddable":true,"href":"https:\/\/www.psib-psoe.org\/mallorca\/wp-json\/wp\/v2\/categories?post=30835"},{"taxonomy":"post_tag","embeddable":true,"href":"https:\/\/www.psib-psoe.org\/mallorca\/wp-json\/wp\/v2\/tags?post=30835"}],"curies":[{"name":"wp","href":"https:\/\/api.w.org\/{rel}","templated":true}]}}