{"id":30838,"date":"2026-01-13T16:23:06","date_gmt":"2026-01-13T14:23:06","guid":{"rendered":"https:\/\/www.psib-psoe.org\/mallorca\/?p=30838"},"modified":"2026-01-13T16:23:17","modified_gmt":"2026-01-13T14:23:17","slug":"els-partits-desquerres-demanen-al-president-del-consell-i-al-batle-que-restaurin-i-protegeixin-el-bust-daurora-picornell","status":"publish","type":"post","link":"https:\/\/www.psib-psoe.org\/mallorca\/els-partits-desquerres-demanen-al-president-del-consell-i-al-batle-que-restaurin-i-protegeixin-el-bust-daurora-picornell\/","title":{"rendered":"Els partits d\u2019esquerres demanen al president del Consell i al batle que restaurin i protegeixin el bust d\u2019Aurora Picornell"},"content":{"rendered":"<div class=\"wpb-content-wrapper\">\n<figure class=\"wp-block-image size-full is-style-default\"><img loading=\"lazy\" decoding=\"async\" width=\"2560\" height=\"1920\" src=\"https:\/\/www.psib-psoe.org\/mallorca\/wp-content\/uploads\/Bust-Picornell-4-scaled.jpeg\" alt=\"\" class=\"wp-image-30839\" srcset=\"https:\/\/www.psib-psoe.org\/mallorca\/wp-content\/uploads\/Bust-Picornell-4-scaled.jpeg 2560w, https:\/\/www.psib-psoe.org\/mallorca\/wp-content\/uploads\/Bust-Picornell-4-300x225.jpeg 300w, https:\/\/www.psib-psoe.org\/mallorca\/wp-content\/uploads\/Bust-Picornell-4-1024x768.jpeg 1024w, https:\/\/www.psib-psoe.org\/mallorca\/wp-content\/uploads\/Bust-Picornell-4-768x576.jpeg 768w, https:\/\/www.psib-psoe.org\/mallorca\/wp-content\/uploads\/Bust-Picornell-4-1536x1152.jpeg 1536w, https:\/\/www.psib-psoe.org\/mallorca\/wp-content\/uploads\/Bust-Picornell-4-2048x1536.jpeg 2048w, https:\/\/www.psib-psoe.org\/mallorca\/wp-content\/uploads\/Bust-Picornell-4-150x113.jpeg 150w, https:\/\/www.psib-psoe.org\/mallorca\/wp-content\/uploads\/Bust-Picornell-4-600x450.jpeg 600w, https:\/\/www.psib-psoe.org\/mallorca\/wp-content\/uploads\/Bust-Picornell-4-900x675.jpeg 900w, https:\/\/www.psib-psoe.org\/mallorca\/wp-content\/uploads\/Bust-Picornell-4-20x16.jpeg 20w\" sizes=\"(max-width: 2560px) 100vw, 2560px\" \/><\/figure>\n\n\n[vc_row][vc_column][vc_column_text]\n<p><em><u> El bust es troba deteriorat a causa dels reiterats actes vand\u00e0lics que ha patit, tal i com ha denunciat Mem\u00f2ria de Mallorca.<\/p>\n<p>PSIB-PSOE, M\u00e9s i Unides Podem han escrit una carta conjunta a Galm\u00e9s i a Mart\u00ednez on tamb\u00e9 es demana l\u2019elaboraci\u00f3 d\u2019un protocol de manteniment i resposta r\u00e0pida davant nous atacs.<\/p>\n<p>Les tres formacions reclamen mesures de prevenci\u00f3 i dissuasi\u00f3 i que es traslladin els fets als serveis competents per a la identificaci\u00f3 i persecuci\u00f3 dels responsables.<\/p>\n[\/vc_column_text][\/vc_column][\/vc_row]\n\n\n[vc_row][vc_column][vc_column_text]\n<p>El PSIB-PSOE, M\u00e9s i Unides Podem han sol\u00b7licitat formalment al president del Consell de Mallorca, Lloren\u00e7 Galm\u00e9s, i al batle de Palma, Jaime Mart\u00ednez, la restauraci\u00f3 i protecci\u00f3 del bust d\u2019Aurora Picornell que es troba al passeig del Born del Molinar, molt deteriorat a causa dels reiterats actes vand\u00e0lics que ha patit. Les formacions d\u2019esquerres es sumen, aix\u00ed, a la petici\u00f3 de l\u2019associaci\u00f3 Mem\u00f2ria de Mallorca, i han registrat iniciatives a les dues institucions en aquest sentit. <\/p>\n<p>A l\u2019acte, celebrat just davant del mon\u00f2lit al barri del Molinar de Palma, hi han estat presents diputats i diputades, consellers i conselleres insulars i regidors i regidores del PSIB-PSOE, M\u00e9s per Mallorca i Unides Podem. En representaci\u00f3 del PSIB-PSOE, el conseller del Grup Socialista al Consell, Joan Ferrer, ha exigit al Consell de Mallorca i a l\u2019Ajuntament, que \u201cincrementin la vigil\u00e0ncia del monument, i que el restaurin sempre que pateixi una acci\u00f3 vand\u00e0lica. El bust de n\u2019Aurora Picornell \u00e9s el monument m\u00e9s vandalitzat de Palma, per que pateix accions d\u2019arrel feixista. Per aix\u00f2 \u00e9s necessari que l\u2019Ajuntament i el Consell prenguin mesures i protegeixin aquest bust com fan amb la resta del patrimoni de Ciutat\u201d. Ferrer ha relacionat les accions vand\u00e0liques amb el corrent feixista que \u201cvol esborrar tot all\u00f2 que significa el bust i la representaci\u00f3 d\u2019una dona, que ara es demostra amb la derogaci\u00f3 de la Llei de Mem\u00f2ria Democr\u00e0tica al Parlament\u201d. Per aix\u00f2 han deixat que aquest bust sigui vandalitzat gaireb\u00e9 cada setmana, i demostra una desprotecci\u00f3 total per part de les autoritats; per aix\u00f2 ens ajuntam les tres forces progressistes, per exigir a les institucions que actu\u00efn\u201d. <\/p>\n<p>Per la seva banda, la portaveu del Grup de Mes per Mallorca al Consell, Catalina In\u00e9s Perell\u00f3, ha afirmat que \u201cel bust d\u2019Aurora Picornell, filla predilecta de Mallorca i s\u00edmbol de la mem\u00f2ria democr\u00e0tica, est\u00e0 avui degradat, atacat i abandonat. No parlam nom\u00e9s d\u2019una escultura, parlam del respecte a les v\u00edctimes del feixisme i als valors democr\u00e0tics de la nostra illa. Des de M\u00c9S exigim al president del Consell que actu\u00ef de manera immediata: que es restauri el monument, que s\u2019estableixi un protocol de manteniment i que s\u2019apliquin mesures per evitar nous actes vand\u00e0lics. La llei obliga les institucions a protegir aquests espais, i no fer-ho \u00e9s permetre la impunitat. La mem\u00f2ria democr\u00e0tica no es defensa amb paraules, es defensa amb fets. I avui el Consell t\u00e9 una responsabilitat clara: dignificar Aurora Picornell i protegir all\u00f2 que representa.\u201d<\/p>\n<p>Luc\u00eda Mu\u00f1oz, regidora d\u2019Unides Podem a Cort, ha declarat que \u201catacar el bust d\u2019Aurora Picornell \u00e9s atacar la mem\u00f2ria de les dones lluitadores, del moviment obrer i de totes les v\u00edctimes del franquisme. La inacci\u00f3 institucional nom\u00e9s alimenta la impunitat dels feixistes. Aix\u00f2 no \u00e9s vandalisme, son nazis deixant empremta I les antifeixistes estarem enfront. Lo m\u00ednim  i urgent \u00e9s restaurar el monument, depurar responsabilitats i aplicar la Llei de Mem\u00f2ria Democr\u00e0tica amb tota la seva contund\u00e8ncia. La mem\u00f2ria es cuida, es protegeix i es defensa\u201d.<\/p>\n<p>D\u2019aquesta manera, els partits han escrit una carta conjunta tant a Galm\u00e9s com a Mart\u00ednez on es demana que el Consell restauri de forma immediata el bust, la placa i els elements de suport per retornar el conjunt al seu estat original. A m\u00e9s, es sol\u00b7licita que ambdues institucions es coordinin i elaborin un protocol de manteniment i resposta r\u00e0pida davant nous atacs i que s\u2019implementin mesures de prevenci\u00f3 i dissuasi\u00f3 com, per exemple, la millora de l\u2019enllumenat o el refor\u00e7 de la vigil\u00e0ncia. Tamb\u00e9 s\u2019insta a traslladar els fets als serveis competents perqu\u00e8 s\u2019afavoreixi la identificaci\u00f3 i persecuci\u00f3 dels responsables dels atacs i la col\u00b7laboraci\u00f3 activa amb les forces i cossos de seguretat. Per \u00faltim, es reclama que s\u2019estableixi un canal de treball directe amb Mem\u00f2ria de Mallorca i entitats memorialistes per acordar criteris de preservaci\u00f3, senyalitzaci\u00f3 i activitats de sensibilitzaci\u00f3.<\/p>\n<p>Aurora Picornell, referent del moviment obrer i feminista i v\u00edctima de la repressi\u00f3 franquista, fou nomenada Filla Predilecta de l\u2019Illa de Mallorca per la instituci\u00f3 insular l\u2019any 2017, en reconeixement a la seva traject\u00f2ria i al seu valor com a s\u00edmbol de la mem\u00f2ria democr\u00e0tica de Mallorca. L&#8217;any 2019, a iniciativa tamb\u00e9 del Consell de Mallorca, es va inaugurar el bust de n&#8217;Aurora Picornell al Born del Molinar, barri en el que va n\u00e9ixer i viure. Des de llavors, ha patit nombrosos actes vand\u00e0lics, que han malm\u00e8s el bust. Cal recordar que la llei de Mem\u00f2ria Democr\u00e0tica estableix l\u2019obligaci\u00f3 de les administracions p\u00fabliques de garantir la preservaci\u00f3 i perdurabilitat dels espais i elements de mem\u00f2ria democr\u00e0tica.<\/p>\n[\/vc_column_text][\/vc_column][\/vc_row]\n\n\n\n<figure class=\"wp-block-audio\"><audio controls src=\"https:\/\/www.psib-psoe.org\/mallorca\/wp-content\/uploads\/Audio-Joan-Ferrer-Picornell-130126.mp3\"><\/audio><\/figure>\n\n\n\n<p><\/p>\n<\/div>","protected":false},"excerpt":{"rendered":"[vc_row][vc_column][vc_column_text] El bust es troba deteriorat a causa dels reiterats actes vand\u00e0lics que ha patit, tal i com ha denunciat Mem\u00f2ria de Mallorca. PSIB-PSOE, M\u00e9s i Unides Podem han escrit una carta conjunta a Galm\u00e9s i a Mart\u00ednez on tamb\u00e9 es demana l\u2019elaboraci\u00f3 d\u2019un protocol de manteniment i resposta r\u00e0pida davant nous atacs. Les tres&hellip;","protected":false},"author":3,"featured_media":30839,"comment_status":"closed","ping_status":"closed","sticky":false,"template":"","format":"standard","meta":{"footnotes":""},"categories":[2,1,90,92],"tags":[218,362,105,650,77,483,551,84,296,581],"class_list":["post-30838","post","type-post","status-publish","format-standard","has-post-thumbnail","hentry","category-federacio-de-mallorca","category-federacio-de-mallorca-portada","category-municipis","category-portada","tag-amanda-fernandez","tag-ares-fernandez","tag-catalina-cladera","tag-daniel-oliveira","tag-federacio-socialista-de-mallorca","tag-joan-ferrer","tag-omar-lamin","tag-psib-psoe","tag-sofia-alonso","tag-xisco-dalmau"],"_links":{"self":[{"href":"https:\/\/www.psib-psoe.org\/mallorca\/wp-json\/wp\/v2\/posts\/30838"}],"collection":[{"href":"https:\/\/www.psib-psoe.org\/mallorca\/wp-json\/wp\/v2\/posts"}],"about":[{"href":"https:\/\/www.psib-psoe.org\/mallorca\/wp-json\/wp\/v2\/types\/post"}],"author":[{"embeddable":true,"href":"https:\/\/www.psib-psoe.org\/mallorca\/wp-json\/wp\/v2\/users\/3"}],"replies":[{"embeddable":true,"href":"https:\/\/www.psib-psoe.org\/mallorca\/wp-json\/wp\/v2\/comments?post=30838"}],"version-history":[{"count":1,"href":"https:\/\/www.psib-psoe.org\/mallorca\/wp-json\/wp\/v2\/posts\/30838\/revisions"}],"predecessor-version":[{"id":30841,"href":"https:\/\/www.psib-psoe.org\/mallorca\/wp-json\/wp\/v2\/posts\/30838\/revisions\/30841"}],"wp:featuredmedia":[{"embeddable":true,"href":"https:\/\/www.psib-psoe.org\/mallorca\/wp-json\/wp\/v2\/media\/30839"}],"wp:attachment":[{"href":"https:\/\/www.psib-psoe.org\/mallorca\/wp-json\/wp\/v2\/media?parent=30838"}],"wp:term":[{"taxonomy":"category","embeddable":true,"href":"https:\/\/www.psib-psoe.org\/mallorca\/wp-json\/wp\/v2\/categories?post=30838"},{"taxonomy":"post_tag","embeddable":true,"href":"https:\/\/www.psib-psoe.org\/mallorca\/wp-json\/wp\/v2\/tags?post=30838"}],"curies":[{"name":"wp","href":"https:\/\/api.w.org\/{rel}","templated":true}]}}