{"id":30843,"date":"2026-01-15T14:35:32","date_gmt":"2026-01-15T12:35:32","guid":{"rendered":"https:\/\/www.psib-psoe.org\/mallorca\/?p=30843"},"modified":"2026-01-15T14:35:45","modified_gmt":"2026-01-15T12:35:45","slug":"els-socialistes-denuncien-el-desastre-de-gestio-del-consorci-serra-de-tramuntana-que-no-resol-les-subvencions-municipals-i-exigeixen-una-junta-rectora-urgent","status":"publish","type":"post","link":"https:\/\/www.psib-psoe.org\/mallorca\/els-socialistes-denuncien-el-desastre-de-gestio-del-consorci-serra-de-tramuntana-que-no-resol-les-subvencions-municipals-i-exigeixen-una-junta-rectora-urgent\/","title":{"rendered":"Els Socialistes denuncien el \u201cdesastre de gesti\u00f3\u201d del Consorci Serra de Tramuntana \u201cque no resol les subvencions municipals\u201d i exigeixen una Junta Rectora urgent."},"content":{"rendered":"<div class=\"wpb-content-wrapper\">\n<figure class=\"wp-block-image size-full\"><img loading=\"lazy\" decoding=\"async\" width=\"2560\" height=\"1920\" src=\"https:\/\/www.psib-psoe.org\/mallorca\/wp-content\/uploads\/Sofia-150126.jpeg\" alt=\"\" class=\"wp-image-30844\" srcset=\"https:\/\/www.psib-psoe.org\/mallorca\/wp-content\/uploads\/Sofia-150126.jpeg 2560w, https:\/\/www.psib-psoe.org\/mallorca\/wp-content\/uploads\/Sofia-150126-300x225.jpeg 300w, https:\/\/www.psib-psoe.org\/mallorca\/wp-content\/uploads\/Sofia-150126-1024x768.jpeg 1024w, https:\/\/www.psib-psoe.org\/mallorca\/wp-content\/uploads\/Sofia-150126-768x576.jpeg 768w, https:\/\/www.psib-psoe.org\/mallorca\/wp-content\/uploads\/Sofia-150126-1536x1152.jpeg 1536w, https:\/\/www.psib-psoe.org\/mallorca\/wp-content\/uploads\/Sofia-150126-2048x1536.jpeg 2048w, https:\/\/www.psib-psoe.org\/mallorca\/wp-content\/uploads\/Sofia-150126-150x113.jpeg 150w, https:\/\/www.psib-psoe.org\/mallorca\/wp-content\/uploads\/Sofia-150126-600x450.jpeg 600w, https:\/\/www.psib-psoe.org\/mallorca\/wp-content\/uploads\/Sofia-150126-900x675.jpeg 900w, https:\/\/www.psib-psoe.org\/mallorca\/wp-content\/uploads\/Sofia-150126-20x16.jpeg 20w\" sizes=\"(max-width: 2560px) 100vw, 2560px\" \/><\/figure>\n\n\n<p>La den\u00fancia del Grup Socialista al Consell i dels batles de Puigpunyent i Pollen\u00e7a, i la batlessa de Lloseta exposa que a dia d\u2019avui encara no s\u2019ha resol la convocat\u00f2ria 2025 de subvencions per obres patrimonials a municipis de la Serra que atorga anualment el Consorci Serra de Tramuntana, quan nom\u00e9s queden dos mesos per adjudicar, executar i justificar les despeses. La portaveu adjunta del Grup Socialista, Sofia Alonso, alerta que el termini de la convocat\u00f2ria ja va ser allargat el passat mes de desembre, i culpa del retard el \u201cdesastre de gesti\u00f3\u201d del Consell de Mallorca.<\/p>\n\n\n[vc_row][vc_column][vc_column_text]\n<p>Els Socialistes del Consell de Mallorca han denunciat avui el retard \u201cinjustificable\u201d en la resoluci\u00f3 de les subvencions municipals del Consorci Serra de Tramuntana (CST), corresponents a la convocat\u00f2ria de 2025, publicada el passat mes d\u2019agost. La portaveu adjunta del Grup Socialista, Sofia Alonso, ha advertit que aquesta situaci\u00f3 posa en risc projectes essencials per a la conservaci\u00f3 del patrimoni i del paisatge de la Serra, i ha remarcat que \u201c\u00e9s incomprensible que, mesos despr\u00e9s, els ajuntaments encara no s\u00e0piguen si tenen o no la subvenci\u00f3\u201d. A Lloseta esperen saber si tenen finan\u00e7ament per la reforma del pou d\u2019Ayamans, o per la neteja i el tancament de la mina de Son Ramis. Els projectes paralitzats a Puigpunyent s\u00f3n la rehabilitaci\u00f3 de la casa de neu de Galilea, i la consolidaci\u00f3 de l\u2019estructura del mol\u00ed d\u2019en Soler. <\/p>\n<p>Davant aquesta situaci\u00f3, el Grup Socialista ha registrat una petici\u00f3 formal per convocar una Junta Rectora extraordin\u00e0ria del Consorci Serra de Tramuntana, amb l\u2019objectiu que Galm\u00e9s, Fuster i el director insular de la Serra de Tramuntana, Antoni Solivellas, donin explicacions als 19 municipis afectats. Alonso ha explicat que \u201cvolem saber qu\u00e8 est\u00e0 passant, per qu\u00e8 no s\u2019han resolt les ajudes i quines mesures pensen adoptar per desbloquejar aquesta situaci\u00f3. Els municipis no poden continuar pagant la seva mala gesti\u00f3; que se llevin la mandra i que pensin de veritat en els ajuntaments\u201d.<\/p>\n<p>La portaveu socialista ha concl\u00f2s que el Consell de Mallorca disposa de recursos suficients per gestionar correctament les subvencions, per\u00f2 que manca direcci\u00f3 i voluntat pol\u00edtica. \u201cTres anys de mala gesti\u00f3 ja s\u00f3n suficients. Els municipis de la Serra necessiten solucions, no excuses. I les necessiten ja\u201d. Alonso ha criticat durament la gesti\u00f3 del president del Consell, Lloren\u00e7 Galm\u00e9s, i del conseller de Presid\u00e8ncia, Antoni Fuster: \u201cla Serra de Tramuntana \u00e9s el nostre tresor, per\u00f2 est\u00e0 abandonada per la manca de gesti\u00f3 de PP i Vox\u201d. Ha recordat que fa tres anys que s\u2019espera una nova llei que reguli els usos de la Serra i que \u201cno s\u00f3n capa\u00e7os de treure res en clar, perqu\u00e8 posen per davant els seus pactes amb Vox i la febre especulativa que sempre ha animat el PP\u201d.<\/p>\n<p>La portaveu adjunta ha recordat que no \u00e9s la primera vegada que es produeixen retards greus en les convocat\u00f2ries del CST. \u201cJa el 2024 v\u00e0rem advertir que hi havia ajudes que acumulaven dos anys de retard. Ara tornam a estar igual: subvencions del 2025 que no es resolen el 2026. \u00c9s un emb\u00f3s inacceptable\u201d, ha afirmat.<\/p>\n<p>El Consorci va ampliar a finals d\u2019any passat, el termini d\u2019execuci\u00f3 fins al 31 de mar\u00e7 de 2026, despr\u00e9s d\u2019haver tret la convocat\u00f2ria en ple mes d\u2019agost, fet que ja deixava poc marge als municipis. Tot i aix\u00ed, a dia 15 de gener de 2026, els ajuntaments encara no han rebut la resoluci\u00f3 sobre si els seus projectes han estat acceptats. Segons Alonso, aquesta situaci\u00f3 afecta especialment municipis com Lloseta, Pollen\u00e7a i Puigpunyent, fet que pressuposa que la resta de municipis de la Serra tamb\u00e9 esperen resposta. La portaveu socialista ha remarcat que aix\u00f2 ells deixa nom\u00e9s dos mesos per executar i justificar obres que requereixen planificaci\u00f3, licitaci\u00f3 i execuci\u00f3 rigorosa. \u201cA quina hora espera Galm\u00e9s que els municipis puguin justificar a temps unes obres que no saben que poden fer?\u201d.<\/p>\n[\/vc_column_text][\/vc_column][\/vc_row]\n\n\n\n<p><\/p>\n\n\n\n<figure class=\"wp-block-audio\"><audio controls src=\"https:\/\/www.psib-psoe.org\/mallorca\/wp-content\/uploads\/150126_Sofia-Alonso-RDP.mp3\"><\/audio><\/figure>\n<\/div>","protected":false},"excerpt":{"rendered":"La den\u00fancia del Grup Socialista al Consell i dels batles de Puigpunyent i Pollen\u00e7a, i la batlessa de Lloseta exposa que a dia d\u2019avui encara no s\u2019ha resol la convocat\u00f2ria 2025 de subvencions per obres patrimonials a municipis de la Serra que atorga anualment el Consorci Serra de Tramuntana, quan nom\u00e9s queden dos mesos per&hellip;","protected":false},"author":3,"featured_media":30844,"comment_status":"closed","ping_status":"closed","sticky":false,"template":"","format":"standard","meta":{"footnotes":""},"categories":[2,1,90,92],"tags":[218,343,262,447,105,83,77,186,483,639,504,607,614],"class_list":["post-30843","post","type-post","status-publish","format-standard","has-post-thumbnail","hentry","category-federacio-de-mallorca","category-federacio-de-mallorca-portada","category-municipis","category-portada","tag-amanda-fernandez","tag-andreu-serra","tag-antoni-mari","tag-bea-gamundi","tag-catalina-cladera","tag-consell-de-mallorca","tag-federacio-socialista-de-mallorca","tag-jaume-mateu","tag-joan-ferrer","tag-joan-mendez-2","tag-juana-m-adrover","tag-marti-march-2","tag-paquita-campins"],"_links":{"self":[{"href":"https:\/\/www.psib-psoe.org\/mallorca\/wp-json\/wp\/v2\/posts\/30843"}],"collection":[{"href":"https:\/\/www.psib-psoe.org\/mallorca\/wp-json\/wp\/v2\/posts"}],"about":[{"href":"https:\/\/www.psib-psoe.org\/mallorca\/wp-json\/wp\/v2\/types\/post"}],"author":[{"embeddable":true,"href":"https:\/\/www.psib-psoe.org\/mallorca\/wp-json\/wp\/v2\/users\/3"}],"replies":[{"embeddable":true,"href":"https:\/\/www.psib-psoe.org\/mallorca\/wp-json\/wp\/v2\/comments?post=30843"}],"version-history":[{"count":1,"href":"https:\/\/www.psib-psoe.org\/mallorca\/wp-json\/wp\/v2\/posts\/30843\/revisions"}],"predecessor-version":[{"id":30846,"href":"https:\/\/www.psib-psoe.org\/mallorca\/wp-json\/wp\/v2\/posts\/30843\/revisions\/30846"}],"wp:featuredmedia":[{"embeddable":true,"href":"https:\/\/www.psib-psoe.org\/mallorca\/wp-json\/wp\/v2\/media\/30844"}],"wp:attachment":[{"href":"https:\/\/www.psib-psoe.org\/mallorca\/wp-json\/wp\/v2\/media?parent=30843"}],"wp:term":[{"taxonomy":"category","embeddable":true,"href":"https:\/\/www.psib-psoe.org\/mallorca\/wp-json\/wp\/v2\/categories?post=30843"},{"taxonomy":"post_tag","embeddable":true,"href":"https:\/\/www.psib-psoe.org\/mallorca\/wp-json\/wp\/v2\/tags?post=30843"}],"curies":[{"name":"wp","href":"https:\/\/api.w.org\/{rel}","templated":true}]}}