{"id":30848,"date":"2026-01-16T11:51:24","date_gmt":"2026-01-16T09:51:24","guid":{"rendered":"https:\/\/www.psib-psoe.org\/mallorca\/?p=30848"},"modified":"2026-01-16T11:51:35","modified_gmt":"2026-01-16T09:51:35","slug":"els-socialistes-de-soller-denuncien-el-retard-i-la-manca-de-previsio-de-lajuntament-en-les-obres-de-la-piscina-de-son-angelats","status":"publish","type":"post","link":"https:\/\/www.psib-psoe.org\/mallorca\/els-socialistes-de-soller-denuncien-el-retard-i-la-manca-de-previsio-de-lajuntament-en-les-obres-de-la-piscina-de-son-angelats\/","title":{"rendered":"Els Socialistes de S\u00f3ller denuncien el retard i la manca de previsi\u00f3 de l\u2019Ajuntament en les obres de la piscina de Son Angelats"},"content":{"rendered":"\n<figure class=\"wp-block-image size-large\"><img loading=\"lazy\" decoding=\"async\" width=\"1024\" height=\"576\" src=\"http:\/\/www.psib-psoe.org\/mallorca\/wp-content\/uploads\/150126_-Piscina-Soller-3-1024x576.jpeg\" alt=\"\" class=\"wp-image-30849\" srcset=\"https:\/\/www.psib-psoe.org\/mallorca\/wp-content\/uploads\/150126_-Piscina-Soller-3-1024x576.jpeg 1024w, https:\/\/www.psib-psoe.org\/mallorca\/wp-content\/uploads\/150126_-Piscina-Soller-3-300x169.jpeg 300w, https:\/\/www.psib-psoe.org\/mallorca\/wp-content\/uploads\/150126_-Piscina-Soller-3-768x432.jpeg 768w, https:\/\/www.psib-psoe.org\/mallorca\/wp-content\/uploads\/150126_-Piscina-Soller-3-1536x864.jpeg 1536w, https:\/\/www.psib-psoe.org\/mallorca\/wp-content\/uploads\/150126_-Piscina-Soller-3-20x11.jpeg 20w, https:\/\/www.psib-psoe.org\/mallorca\/wp-content\/uploads\/150126_-Piscina-Soller-3-150x84.jpeg 150w, https:\/\/www.psib-psoe.org\/mallorca\/wp-content\/uploads\/150126_-Piscina-Soller-3-600x338.jpeg 600w, https:\/\/www.psib-psoe.org\/mallorca\/wp-content\/uploads\/150126_-Piscina-Soller-3-900x506.jpeg 900w, https:\/\/www.psib-psoe.org\/mallorca\/wp-content\/uploads\/150126_-Piscina-Soller-3.jpeg 2048w\" sizes=\"(max-width: 1024px) 100vw, 1024px\" \/><\/figure>\n\n\n\n<p><em><u>Jaume Mateu ha reclamat al batle, Miquel Nadal, que doni una data d\u2019obertura definitiva de les instal\u00b7lacions i que doni explicacions a la ciutadania sobre com s\u2019han gestionat unes obres que s\u2019haurien d\u2019haver fet durant la temporada d\u2019estiu.<\/u><\/em><\/p>\n\n\n\n<p>El secretari general de l\u2019Agrupaci\u00f3 Socialista de S\u00f3ller i portaveu socialista a l\u2019Ajuntament, Jaume Mateu, ha denunciat la mala gesti\u00f3 de l\u2019equip de govern del PP amb les obres de la piscina de Son Angelats, que continua sense data d\u2019obertura.<\/p>\n\n\n\n<p>Cal recordar que aquesta infraestructura, molt utilitzada per tots els sollerics i solleriques, va tancar el mes d\u2019agost, en aquell moment amb l\u2019excusa de la sequera, segons el batle. Unes obres que havien de durar uns mesos, per\u00f2 segueixen passant les setmanes i encara no se sap quan es podr\u00e0 reprendre l\u2019activitat esportiva.<\/p>\n\n\n\n<p>\u201cEl Partit Popular ha enganat a tothom: amb les diferents excuses per tancar la instal\u00b7laci\u00f3, perqu\u00e8 va prometre alternatives per entrenar, com la piscina petita, que al final no s\u2019ha pogut emprar, i perqu\u00e8 s\u2019hauria pogut esperar als mesos d\u2019estiu per fer les obres sense perjudicar els usuaris ni al club Aqu\u00e0tics\u201d, ha lamentat Mateu.<\/p>\n\n\n\n<p>La manca de previsi\u00f3 de l\u2019Ajuntament ha fet un mal terrible al club Aqu\u00e0tics i als usuaris de la piscina, tenint en compte que hi ha molta gent gran que necessita els exercicis per a la seva salut i que no han pogut trobar alternatives per nedar fora de S\u00f3ller, mentre que moltes altres persones s\u2019han hagut de despla\u00e7ar fora del poble per poder mantenir la seva activitat f\u00edsica. \u201cUn Ajuntament ha d\u2019estar sempre al costat dels clubs esportius i dels usuaris de les instal\u00b7lacions municipals\u201d, ha reivindicat el portaveu socialista.<\/p>\n\n\n\n<p>Per tot plegat, els i les Socialistes de S\u00f3ller exigeixen al batle que doni una data d\u2019obertura que ajudi els usuaris a planificar-se i a reprendre la seva activitat, per\u00f2 tamb\u00e9 que expliqui els motius pels quals s\u2019han fet aix\u00ed les coses.<\/p>\n\n\n\n<p>L\u2019exemple de la piscina de Son Angelats \u00e9s un cas m\u00e9s de la mala gesti\u00f3 del PP al capdavant de l\u2019Ajuntament de S\u00f3ller, i que malauradament passa amb molts altres temes, fruit de la manca d\u2019un projecte clar per al municipi, del desgast d\u2019anys governant i de la manca de previsi\u00f3 i ganes de fer feina de l\u2019equip de govern.<\/p>\n","protected":false},"excerpt":{"rendered":"<p>Jaume Mateu ha reclamat al batle, Miquel Nadal, que doni una data d\u2019obertura definitiva de les instal\u00b7lacions i que doni explicacions a la ciutadania sobre com s\u2019han gestionat unes obres que s\u2019haurien d\u2019haver fet durant la temporada d\u2019estiu. El secretari general de l\u2019Agrupaci\u00f3 Socialista de S\u00f3ller i portaveu socialista a l\u2019Ajuntament, Jaume Mateu, ha denunciat&hellip;<\/p>\n","protected":false},"author":4,"featured_media":30849,"comment_status":"closed","ping_status":"closed","sticky":false,"template":"","format":"standard","meta":{"footnotes":""},"categories":[1,90,92],"tags":[],"class_list":["post-30848","post","type-post","status-publish","format-standard","has-post-thumbnail","hentry","category-federacio-de-mallorca-portada","category-municipis","category-portada"],"_links":{"self":[{"href":"https:\/\/www.psib-psoe.org\/mallorca\/wp-json\/wp\/v2\/posts\/30848"}],"collection":[{"href":"https:\/\/www.psib-psoe.org\/mallorca\/wp-json\/wp\/v2\/posts"}],"about":[{"href":"https:\/\/www.psib-psoe.org\/mallorca\/wp-json\/wp\/v2\/types\/post"}],"author":[{"embeddable":true,"href":"https:\/\/www.psib-psoe.org\/mallorca\/wp-json\/wp\/v2\/users\/4"}],"replies":[{"embeddable":true,"href":"https:\/\/www.psib-psoe.org\/mallorca\/wp-json\/wp\/v2\/comments?post=30848"}],"version-history":[{"count":1,"href":"https:\/\/www.psib-psoe.org\/mallorca\/wp-json\/wp\/v2\/posts\/30848\/revisions"}],"predecessor-version":[{"id":30850,"href":"https:\/\/www.psib-psoe.org\/mallorca\/wp-json\/wp\/v2\/posts\/30848\/revisions\/30850"}],"wp:featuredmedia":[{"embeddable":true,"href":"https:\/\/www.psib-psoe.org\/mallorca\/wp-json\/wp\/v2\/media\/30849"}],"wp:attachment":[{"href":"https:\/\/www.psib-psoe.org\/mallorca\/wp-json\/wp\/v2\/media?parent=30848"}],"wp:term":[{"taxonomy":"category","embeddable":true,"href":"https:\/\/www.psib-psoe.org\/mallorca\/wp-json\/wp\/v2\/categories?post=30848"},{"taxonomy":"post_tag","embeddable":true,"href":"https:\/\/www.psib-psoe.org\/mallorca\/wp-json\/wp\/v2\/tags?post=30848"}],"curies":[{"name":"wp","href":"https:\/\/api.w.org\/{rel}","templated":true}]}}