{"id":30851,"date":"2026-01-18T12:03:10","date_gmt":"2026-01-18T10:03:10","guid":{"rendered":"https:\/\/www.psib-psoe.org\/mallorca\/?p=30851"},"modified":"2026-01-18T12:03:22","modified_gmt":"2026-01-18T10:03:22","slug":"el-grup-socialista-lamenta-la-manca-de-control-del-consell-de-mallorca-damunt-del-servei-dinspeccio-de-vehicles","status":"publish","type":"post","link":"https:\/\/www.psib-psoe.org\/mallorca\/el-grup-socialista-lamenta-la-manca-de-control-del-consell-de-mallorca-damunt-del-servei-dinspeccio-de-vehicles\/","title":{"rendered":"El Grup Socialista lamenta la manca de control del Consell de Mallorca damunt del servei d\u2019Inspecci\u00f3 de Vehicles."},"content":{"rendered":"<div class=\"wpb-content-wrapper\">\n<figure class=\"wp-block-image size-full\"><img loading=\"lazy\" decoding=\"async\" width=\"2560\" height=\"2450\" src=\"https:\/\/www.psib-psoe.org\/mallorca\/wp-content\/uploads\/Joan-rdp-scaled.jpeg\" alt=\"\" class=\"wp-image-30852\" srcset=\"https:\/\/www.psib-psoe.org\/mallorca\/wp-content\/uploads\/Joan-rdp-scaled.jpeg 2560w, https:\/\/www.psib-psoe.org\/mallorca\/wp-content\/uploads\/Joan-rdp-300x287.jpeg 300w, https:\/\/www.psib-psoe.org\/mallorca\/wp-content\/uploads\/Joan-rdp-1024x980.jpeg 1024w, https:\/\/www.psib-psoe.org\/mallorca\/wp-content\/uploads\/Joan-rdp-768x735.jpeg 768w, https:\/\/www.psib-psoe.org\/mallorca\/wp-content\/uploads\/Joan-rdp-1536x1470.jpeg 1536w, https:\/\/www.psib-psoe.org\/mallorca\/wp-content\/uploads\/Joan-rdp-2048x1960.jpeg 2048w, https:\/\/www.psib-psoe.org\/mallorca\/wp-content\/uploads\/Joan-rdp-150x144.jpeg 150w, https:\/\/www.psib-psoe.org\/mallorca\/wp-content\/uploads\/Joan-rdp-600x574.jpeg 600w, https:\/\/www.psib-psoe.org\/mallorca\/wp-content\/uploads\/Joan-rdp-900x861.jpeg 900w, https:\/\/www.psib-psoe.org\/mallorca\/wp-content\/uploads\/Joan-rdp-20x18.jpeg 20w\" sizes=\"(max-width: 2560px) 100vw, 2560px\" \/><\/figure>\n\n\n<p>El departament de Territori i Mobilitat desconeix la xifra de vehicles que a Mallorca circulen sense haver passat l\u2019obligat\u00f2ria revisi\u00f3 de la ITV, i no exigeix a la concession\u00e0ria complir amb el protocol d\u2019atenci\u00f3 als usuaris en menys de 45 minuts per evitar coes innecess\u00e0ries en un sistema de cita pr\u00e8via. A tot aix\u00f2 se suma la precarietat dels treballadors de la concession\u00e0ria, que han denunciat la vulneraci\u00f3 dels seus drets laborals. El conseller del Grup Socialista, Joan Ferrer afirma que aquesta manca de control del Consell damunt la concession\u00e0ria i el servei que presta a la ITV de Mallorca demostra \u201cuna manca de planificaci\u00f3 total i una improvisaci\u00f3 permanent\u201d en la gesti\u00f3 de Rubio i Galm\u00e9s. <\/p>\n\n\n[vc_row][vc_column][vc_column_text]\n<p>El Consell de Mallorca desconeix quants de vehicles que havien de passar la ITV no ho han fet. Malgrat que el departament de Territori i Mobilitat te totes les compet\u00e8ncies en mat\u00e8ria d\u2019inspecci\u00f3 de vehicles a Mallorca, els seus responsables afirmen descon\u00e8ixer quants de vehicles que haurien de passar la ITV obligat\u00f2ria no ho han fet a dia d\u2019avui, i per tant es troben en situaci\u00f3 prec\u00e0ria davant de qualsevol eventualitat en el cas que segueixin circulant. <\/p>\n<p>Aquesta ha estat la resposta que ha em\u00e8s el departament a una sol\u00b7licitud d\u2019informaci\u00f3 emesa des del Grup Socialista, davant la sospita que el Consell ha dimitit de la seva obligaci\u00f3 de controlar el servei que presta la concession\u00e0ria del servei ITEVEBASA. Aix\u00ed, la manca de control es demostra en qu\u00e8 davant les repetides queixes i den\u00fancies d\u2019usuaris per les demores en l\u2019atenci\u00f3 de les revisions, el Consell no ha iniciat ni un sol expedient sancionador davant la concession\u00e0ria, com aix\u00ed estipula el contracte de concessi\u00f3 en el cas que les demores de les cues superin els 45 minuts. <\/p>\n<p>\u201cDesconeixem exactament qu\u00e8 est\u00e0 passant dins les estacions d&#8217;ITV perqu\u00e8 o b\u00e9 se&#8217;ns contesta tard o no veiem que s&#8217;actu\u00ef per preservar el dret dels ciutadans a evitar nombroses hores de coa o esperes innecess\u00e0ries a la llista d&#8217;espera. I mentrestant el personal segueix reportant que la situaci\u00f3 \u00e9s insostenible\u201d ha afirmat Ferrer. Segons fonts dels treballadors, l&#8217;empresa adjudicat\u00e0ria, aparentment fora del control del Consell, segueix aplicant una pol\u00edtica contr\u00e0ria als drets dels treballadors. Aix\u00f2 est\u00e0 provocant un degoteig constant de baixes d\u2019operaris de les estacions que no aguanten la pressi\u00f3. Davant les preguntes formulades pel Grup Socialista de com pensa el Consell donar servei a les estacions actuals i al projecte (encara fantasma) de l&#8217;estaci\u00f3 de Campos, \u201cla resposta que ens donen \u00e9s que podran fer-ho. Per\u00f2 si ja s\u00f3n incapa\u00e7os de dotar correctament les estacions actuals, encara m\u00e9s dubt\u00f3s \u00e9s les futures\u201d.<\/p>\n<p>Igualment la deixadesa \u00e9s mescla amb l\u2019opacitat en la gesti\u00f3 de Rubio al capdavant de les ITV\u2019s de Mallorca. La petici\u00f3 d\u2019acc\u00e9s a l\u2019expedient de la pr\u00f2rroga del servei de l\u2019estaci\u00f3 provisional de Magaluf va ser formulada pel Grup Socialista a finals de 2023. La resposta del Consell s\u2019ha produ\u00eft dos anys despr\u00e9s, quan l\u2019estaci\u00f3 provisional ja fa un any que est\u00e0 desmantellada, despr\u00e9s de l\u2019entrada en servei de l\u2019estaci\u00f3 de Son Bugadelles a Calvi\u00e0. <\/p>\n<p>Precisament sobre aquesta nova estaci\u00f3, la cinquena ITV de Mallorca, el Consell ha denegat recentment la petici\u00f3 de visita de les instal\u00b7lacions que va demanar el Grup Socialista, formulada ja fa un any en el moment de la seva obertura, per cert produ\u00efda amb m\u00e9s d\u2019un any de retard sobre la finalitzaci\u00f3 de les obres licitades i executades durant la passada legislatura. \u201cL\u2019excusa que ens posen ara per denegar-nos una visita demanada fa un any, \u00e9s que la estaci\u00f3 ja est\u00e0 en marxa\u201d, ha lamentat Ferrer, per qui aquesta opacitat no fa m\u00e9s que incrementar els dubtes en la gesti\u00f3 de la concession\u00e0ria i en la manca de control del Consell de Mallorca. <\/p>\n<p>El Grup Socialista ha anunciat noves accions per \u201csaber qu\u00e8 est\u00e0 passant a la ITV de Mallorca, per que aquest descontrol de gesti\u00f3 de Rubio i Galm\u00e9s genera insatisfacci\u00f3 entre els usuaris que reben un mal servei del Consell\u201d. <\/p>\n[\/vc_column_text][\/vc_column][\/vc_row]\n\n\n\n<p><\/p>\n\n\n\n<figure class=\"wp-block-audio\"><audio controls src=\"https:\/\/www.psib-psoe.org\/mallorca\/wp-content\/uploads\/Audio-Ferrer-170126.mp3\"><\/audio><\/figure>\n<\/div>","protected":false},"excerpt":{"rendered":"El departament de Territori i Mobilitat desconeix la xifra de vehicles que a Mallorca circulen sense haver passat l\u2019obligat\u00f2ria revisi\u00f3 de la ITV, i no exigeix a la concession\u00e0ria complir amb el protocol d\u2019atenci\u00f3 als usuaris en menys de 45 minuts per evitar coes innecess\u00e0ries en un sistema de cita pr\u00e8via. A tot aix\u00f2 se&hellip;","protected":false},"author":3,"featured_media":30852,"comment_status":"closed","ping_status":"closed","sticky":false,"template":"","format":"standard","meta":{"footnotes":""},"categories":[2,1,90,92],"tags":[218,343,262,447,105,83,77,186,483,639,504,607,614],"class_list":["post-30851","post","type-post","status-publish","format-standard","has-post-thumbnail","hentry","category-federacio-de-mallorca","category-federacio-de-mallorca-portada","category-municipis","category-portada","tag-amanda-fernandez","tag-andreu-serra","tag-antoni-mari","tag-bea-gamundi","tag-catalina-cladera","tag-consell-de-mallorca","tag-federacio-socialista-de-mallorca","tag-jaume-mateu","tag-joan-ferrer","tag-joan-mendez-2","tag-juana-m-adrover","tag-marti-march-2","tag-paquita-campins"],"_links":{"self":[{"href":"https:\/\/www.psib-psoe.org\/mallorca\/wp-json\/wp\/v2\/posts\/30851"}],"collection":[{"href":"https:\/\/www.psib-psoe.org\/mallorca\/wp-json\/wp\/v2\/posts"}],"about":[{"href":"https:\/\/www.psib-psoe.org\/mallorca\/wp-json\/wp\/v2\/types\/post"}],"author":[{"embeddable":true,"href":"https:\/\/www.psib-psoe.org\/mallorca\/wp-json\/wp\/v2\/users\/3"}],"replies":[{"embeddable":true,"href":"https:\/\/www.psib-psoe.org\/mallorca\/wp-json\/wp\/v2\/comments?post=30851"}],"version-history":[{"count":2,"href":"https:\/\/www.psib-psoe.org\/mallorca\/wp-json\/wp\/v2\/posts\/30851\/revisions"}],"predecessor-version":[{"id":30855,"href":"https:\/\/www.psib-psoe.org\/mallorca\/wp-json\/wp\/v2\/posts\/30851\/revisions\/30855"}],"wp:featuredmedia":[{"embeddable":true,"href":"https:\/\/www.psib-psoe.org\/mallorca\/wp-json\/wp\/v2\/media\/30852"}],"wp:attachment":[{"href":"https:\/\/www.psib-psoe.org\/mallorca\/wp-json\/wp\/v2\/media?parent=30851"}],"wp:term":[{"taxonomy":"category","embeddable":true,"href":"https:\/\/www.psib-psoe.org\/mallorca\/wp-json\/wp\/v2\/categories?post=30851"},{"taxonomy":"post_tag","embeddable":true,"href":"https:\/\/www.psib-psoe.org\/mallorca\/wp-json\/wp\/v2\/tags?post=30851"}],"curies":[{"name":"wp","href":"https:\/\/api.w.org\/{rel}","templated":true}]}}