{"id":30856,"date":"2026-01-20T11:46:19","date_gmt":"2026-01-20T09:46:19","guid":{"rendered":"https:\/\/www.psib-psoe.org\/mallorca\/?p=30856"},"modified":"2026-01-20T11:46:31","modified_gmt":"2026-01-20T09:46:31","slug":"el-consell-de-mallorca-relega-els-coneixements-dhistoria-de-lart-en-la-convocatoria-duna-placa-de-tecnic-de-patrimoni-artistic-del-departament-de-cultura","status":"publish","type":"post","link":"https:\/\/www.psib-psoe.org\/mallorca\/el-consell-de-mallorca-relega-els-coneixements-dhistoria-de-lart-en-la-convocatoria-duna-placa-de-tecnic-de-patrimoni-artistic-del-departament-de-cultura\/","title":{"rendered":"El Consell de Mallorca relega els coneixements d\u2019Hist\u00f2ria de l\u2019Art en la convocat\u00f2ria d\u2019una pla\u00e7a de t\u00e8cnic de Patrimoni Art\u00edstic del departament de Cultura."},"content":{"rendered":"<div class=\"wpb-content-wrapper\">\n<figure class=\"wp-block-image size-full\"><img loading=\"lazy\" decoding=\"async\" width=\"844\" height=\"661\" src=\"https:\/\/www.psib-psoe.org\/mallorca\/wp-content\/uploads\/Sofia-Alonso-2.jpeg\" alt=\"\" class=\"wp-image-30857\" srcset=\"https:\/\/www.psib-psoe.org\/mallorca\/wp-content\/uploads\/Sofia-Alonso-2.jpeg 844w, https:\/\/www.psib-psoe.org\/mallorca\/wp-content\/uploads\/Sofia-Alonso-2-300x235.jpeg 300w, https:\/\/www.psib-psoe.org\/mallorca\/wp-content\/uploads\/Sofia-Alonso-2-768x601.jpeg 768w, https:\/\/www.psib-psoe.org\/mallorca\/wp-content\/uploads\/Sofia-Alonso-2-20x16.jpeg 20w, https:\/\/www.psib-psoe.org\/mallorca\/wp-content\/uploads\/Sofia-Alonso-2-150x117.jpeg 150w, https:\/\/www.psib-psoe.org\/mallorca\/wp-content\/uploads\/Sofia-Alonso-2-600x470.jpeg 600w\" sizes=\"(max-width: 844px) 100vw, 844px\" \/><\/figure>\n\n\n<p>El Grup Socialista es declara \u201cperplex\u201d davant l\u2019actitud del departament de Cultura i de la seva titular, Ant\u00f2nia Roca, que ha decidit relegar els coneixements d\u2019Hist\u00f2ria de l\u2019Art en la convocat\u00f2ria de la pla\u00e7a de t\u00e8cnic superior de Patrimoni Art\u00edstic. La portaveu adjunta del Grup, Sofia Alonso, lamenta que ara es prioritzin coneixements de tipus administratiu per damunt dels art\u00edstics i culturals, i reclama que el departament de Cultura refaci la convocat\u00f2ria i recuperi els criteris selectius en vigor fins a la data, que dota a la pla\u00e7a de coneixements per protegir i decidir sobre el patrimoni de Mallorca amb criteris art\u00edstics. Una petici\u00f3 que segueix el dictamen de la Universitat de les Illes Balears i del Comit\u00e8 Espanyol d\u2019Historiadors de l\u2019Art. <\/p>\n\n\n[vc_row][vc_column][vc_column_text]\n<p>El nou t\u00e8cnic superior de Patrimoni Art\u00edstic del Consell de Mallorca que surti de la convocat\u00f2ria en marxa ja no haur\u00e0 d\u2019acreditar coneixements art\u00edstics en profunditat per guanyar la pla\u00e7a. Aix\u00f2 \u00e9s aix\u00ed, despr\u00e9s que el departament de Cultura que lidera Ant\u00f2nia Roca hagi decidit canviar els criteris que regeixen la pla\u00e7a des de fa almanco dues d\u00e8cades, per uns altres molt m\u00e9s administrativistes. \u201cEl temari que ha decidit imposar el Consell omet noms propis i etapes senceres de la hist\u00f2ria art\u00edstica de Mallorca, com la cultura pre-talai\u00f2tica, el g\u00f2tic pict\u00f2ric o la import\u00e0ncia i influ\u00e8ncia de Joan Mir\u00f3; no creiem que sigui una bona not\u00edcia no exigir aquest tipus de coneixement per a un perfil que ha de treballar en la tutela de bens mobles, col\u00b7leccions pict\u00f2riques i escult\u00f2riques i altres manifestacions art\u00edstiques que formen part de la nostra cultura\u201d, ha dit Sofia Alonso. <\/p>\n<p>La decisi\u00f3 del Consell de Mallorca suposa un canvi radical en el perfil de la pla\u00e7a que des de fa dues d\u00e8cades exigeix coneixements art\u00edstics concrets a les persones que opten a guanyar-la. Alonso considera que \u201cno \u00e9s de rebut que ara, de cop, es prioritzin coneixements de tipus normatiu i de gesti\u00f3, per damunt d\u2019aquells que permeten la correcta identificaci\u00f3, posada en valor i interpretaci\u00f3 del patrimoni art\u00edstic de Mallorca\u201d. <\/p>\n<p>En aquest sentit el Grup Socialista ha demanat l\u2019anul\u00b7laci\u00f3 de la convocat\u00f2ria en curs i el retorn als criteris que s\u2019han requerit fins la data. Alonso s\u2019ha posicionat al costat de les tesis d\u2019experts de la Universitat de les Illes Balears i del Comit\u00e8 Espanyol d\u2019Historiadors de l\u2019Art. La UIB ja ha qualificat la situaci\u00f3 generada al Consell de Mallorca com a greu i preocupant, ja que el personal que fa feina per a la instituci\u00f3 que ostenta les compet\u00e8ncies plenes en mat\u00e8ria de cultura i pressupost a l\u2019illa no pot prendre decisions ponderades en la mat\u00e8ria sense personal que disposi dels coneixements hist\u00f2rics i art\u00edstics adients. <\/p>\n<p>La socialista ha afirmat que \u201cel t\u00e8cnic superior de Patrimoni Art\u00edstic no pot ser \u00fanicament un tramitador de l\u2019administraci\u00f3\u201d, sin\u00f3 que ha de con\u00e8ixer en tot moment quin \u00e9s \u201cel valor del material cultural i patrimonial sobre el qual actua. Galm\u00e9s i Roca no poden tornar a decidir al marge de la Universitat i de la ci\u00e8ncia\u201d ha destacat Alonso, i ha recordat que l\u2019actuaci\u00f3 del Consell per justificar la decisi\u00f3 pol\u00edtica del canvi de data oficial per a la celebraci\u00f3 de la Diada de Mallorca ja es va fer \u201cd\u2019esquena als historiadors de la UIB\u201d. Una administraci\u00f3 forta i madura \u201cno pot renunciar a tenir perfils culturals potents entre el seu cos de funcionaris, i per aix\u00f2 els socialistes convidem Roca i Galm\u00e9s a reflexionar i a esmenar aquesta convocat\u00f2ria absurda.\u201d<\/p>\n[\/vc_column_text][\/vc_column][\/vc_row]\n\n\n\n<p><\/p>\n\n\n\n<figure class=\"wp-block-audio\"><audio controls src=\"https:\/\/www.psib-psoe.org\/mallorca\/wp-content\/uploads\/Alonso-tecnic-patrimoni-200126.mp3\"><\/audio><\/figure>\n<\/div>","protected":false},"excerpt":{"rendered":"El Grup Socialista es declara \u201cperplex\u201d davant l\u2019actitud del departament de Cultura i de la seva titular, Ant\u00f2nia Roca, que ha decidit relegar els coneixements d\u2019Hist\u00f2ria de l\u2019Art en la convocat\u00f2ria de la pla\u00e7a de t\u00e8cnic superior de Patrimoni Art\u00edstic. La portaveu adjunta del Grup, Sofia Alonso, lamenta que ara es prioritzin coneixements de tipus&hellip;","protected":false},"author":3,"featured_media":30857,"comment_status":"closed","ping_status":"closed","sticky":false,"template":"","format":"standard","meta":{"footnotes":""},"categories":[2,1,90,92],"tags":[218,343,262,447,105,83,77,186,483,639,504,607,614],"class_list":["post-30856","post","type-post","status-publish","format-standard","has-post-thumbnail","hentry","category-federacio-de-mallorca","category-federacio-de-mallorca-portada","category-municipis","category-portada","tag-amanda-fernandez","tag-andreu-serra","tag-antoni-mari","tag-bea-gamundi","tag-catalina-cladera","tag-consell-de-mallorca","tag-federacio-socialista-de-mallorca","tag-jaume-mateu","tag-joan-ferrer","tag-joan-mendez-2","tag-juana-m-adrover","tag-marti-march-2","tag-paquita-campins"],"_links":{"self":[{"href":"https:\/\/www.psib-psoe.org\/mallorca\/wp-json\/wp\/v2\/posts\/30856"}],"collection":[{"href":"https:\/\/www.psib-psoe.org\/mallorca\/wp-json\/wp\/v2\/posts"}],"about":[{"href":"https:\/\/www.psib-psoe.org\/mallorca\/wp-json\/wp\/v2\/types\/post"}],"author":[{"embeddable":true,"href":"https:\/\/www.psib-psoe.org\/mallorca\/wp-json\/wp\/v2\/users\/3"}],"replies":[{"embeddable":true,"href":"https:\/\/www.psib-psoe.org\/mallorca\/wp-json\/wp\/v2\/comments?post=30856"}],"version-history":[{"count":1,"href":"https:\/\/www.psib-psoe.org\/mallorca\/wp-json\/wp\/v2\/posts\/30856\/revisions"}],"predecessor-version":[{"id":30859,"href":"https:\/\/www.psib-psoe.org\/mallorca\/wp-json\/wp\/v2\/posts\/30856\/revisions\/30859"}],"wp:featuredmedia":[{"embeddable":true,"href":"https:\/\/www.psib-psoe.org\/mallorca\/wp-json\/wp\/v2\/media\/30857"}],"wp:attachment":[{"href":"https:\/\/www.psib-psoe.org\/mallorca\/wp-json\/wp\/v2\/media?parent=30856"}],"wp:term":[{"taxonomy":"category","embeddable":true,"href":"https:\/\/www.psib-psoe.org\/mallorca\/wp-json\/wp\/v2\/categories?post=30856"},{"taxonomy":"post_tag","embeddable":true,"href":"https:\/\/www.psib-psoe.org\/mallorca\/wp-json\/wp\/v2\/tags?post=30856"}],"curies":[{"name":"wp","href":"https:\/\/api.w.org\/{rel}","templated":true}]}}