{"id":30862,"date":"2026-01-21T13:21:10","date_gmt":"2026-01-21T11:21:10","guid":{"rendered":"https:\/\/www.psib-psoe.org\/mallorca\/?p=30862"},"modified":"2026-01-21T13:21:22","modified_gmt":"2026-01-21T11:21:22","slug":"el-grup-socialista-a-lajuntament-de-llucmajor-exigeix-transparencia-i-un-pla-daccio-urgent-davant-el-collapse-del-departament-durbanisme","status":"publish","type":"post","link":"https:\/\/www.psib-psoe.org\/mallorca\/el-grup-socialista-a-lajuntament-de-llucmajor-exigeix-transparencia-i-un-pla-daccio-urgent-davant-el-collapse-del-departament-durbanisme\/","title":{"rendered":"El Grup Socialista a l\u2019Ajuntament de Llucmajor exigeix transpar\u00e8ncia i un pla d\u2019acci\u00f3 urgent davant el col\u00b7lapse del departament d\u2019Urbanisme."},"content":{"rendered":"<div class=\"wpb-content-wrapper\">\n<figure class=\"wp-block-image size-full\"><img loading=\"lazy\" decoding=\"async\" width=\"828\" height=\"828\" src=\"https:\/\/www.psib-psoe.org\/mallorca\/wp-content\/uploads\/Jaume-J-Oliver.jpeg\" alt=\"\" class=\"wp-image-30863\" srcset=\"https:\/\/www.psib-psoe.org\/mallorca\/wp-content\/uploads\/Jaume-J-Oliver.jpeg 828w, https:\/\/www.psib-psoe.org\/mallorca\/wp-content\/uploads\/Jaume-J-Oliver-300x300.jpeg 300w, https:\/\/www.psib-psoe.org\/mallorca\/wp-content\/uploads\/Jaume-J-Oliver-150x150.jpeg 150w, https:\/\/www.psib-psoe.org\/mallorca\/wp-content\/uploads\/Jaume-J-Oliver-768x768.jpeg 768w, https:\/\/www.psib-psoe.org\/mallorca\/wp-content\/uploads\/Jaume-J-Oliver-600x600.jpeg 600w, https:\/\/www.psib-psoe.org\/mallorca\/wp-content\/uploads\/Jaume-J-Oliver-20x20.jpeg 20w\" sizes=\"(max-width: 828px) 100vw, 828px\" \/><\/figure>\n\n\n<p>Els socialistes denuncien que l\u2019emb\u00f3s de m\u00e9s de 1.000 expedients i els tres anys d\u2019espera per obtenir una llic\u00e8ncia s\u00f3n \u201cinsostenibles i fruit de la deixadesa pol\u00edtica de la batlessa Xisca Lascolas\u201d. El portaveu municipal socialista a Llucmajor, Jaume J. Oliver, he recordat que els socialistes ja van presentar una moci\u00f3 fa m\u00e9s de dos anys per poder reactivar el servei d\u2019Urbanisme municipal, per\u00f2 l\u2019equip de govern \u201cno ha fet absolutament res i la situaci\u00f3 ara \u00e9s encara pitjor \u201c. <\/p>\n\n\n<p>El Grup Municipal Socialista de Llucmajor ha registrat una nova proposta de resoluci\u00f3 per abordar el greu col\u00b7lapse que pateix el departament d\u2019Urbanisme, una situaci\u00f3 que qualifiquen de \u201ccr\u00f2nica, insostenible i d\u2019abandonament de la ciutadania\u201d per part de l\u2019equip de govern de la batlessa Xisca Lascolas. La iniciativa es presenta aquesta setmana a la comissi\u00f3 informativa i arribar\u00e0 al ple municipal la setmana vinent, defensada pel portaveu socialista, Jaume J. Oliver.<\/p>\n<p>Segons el Grup Municipal Socialista, l\u2019Ajuntament acumula m\u00e9s de 1.000 expedients pendents entre obres majors, menors i finals d\u2019obra, amb terminis d\u2019espera que superen els tres anys per obtenir una llic\u00e8ncia i un any addicional per al final d\u2019obra. Aquesta situaci\u00f3 ha provocat que molts ciutadans i empreses hagin deixat de presentar sol\u00b7licituds, conscients que el proc\u00e9s \u00e9s inassumible. Oliver recorda que aquesta problem\u00e0tica ja va ser denunciada l\u2019octubre de 2023, en una altra moci\u00f3 socialista \u201cque l\u2019equip de govern va ignorar, i ha provocat que la situaci\u00f3 empitjori encara m\u00e9s\u201d. El portaveu afirma que \u201cel desgovern i la mala gesti\u00f3 s\u00f3n enormes, i el servei que presta Urbanisme \u00e9s senzillament p\u00e8ssim\u201d.<\/p>\n<p>La moci\u00f3 socialista reclama que l\u2019Ajuntament publiqui de manera urgent i peri\u00f2dica el nombre real d\u2019expedients pendents; que cada sessi\u00f3 plen\u00e0ria inclogui un informe detallat sobre les llic\u00e8ncies atorgades, la recaptaci\u00f3 de l\u2019impost municipal sobre obres i construccions (ICIO) i les noves sol\u00b7licituds que es presentin; que es posi en marxa un pla d\u2019acci\u00f3 immediat per reduir terminis; que s\u2019adoptin mesures per restaurar la confian\u00e7a de ciutadania i empreses; i que es faci una avaluaci\u00f3 cont\u00ednua de l\u2019evoluci\u00f3 del volum d\u2019expedients. Oliver subratlla que \u201c\u00e9s imprescindible que la ciutadania conegui la magnitud real del col\u00b7lapse i que l\u2019Ajuntament deixi d\u2019amagar unes dades que s\u00f3n un aut\u00e8ntic esc\u00e0ndol\u201d. Afegeix que \u201cno \u00e9s admissible que Llucmajor tingui el departament d\u2019Urbanisme m\u00e9s lent i ineficient de Mallorca mentre la batlessa mira cap a una altra banda\u201d.<\/p>\n<p>Els socialistes alerten que la par\u00e0lisi urban\u00edstica est\u00e0 afectant greument l\u2019acc\u00e9s a l\u2019habitatge i l\u2019activitat econ\u00f2mica del municipi. \u201cFam\u00edlies que volen fer de Llucmajor la seva llar i empreses que volen invertir es troben amb un mur administratiu que els expulsa\u201d, denuncia Oliver. El portaveu conclou que \u201cLlucmajor no pot continuar aix\u00ed. Necessitem transpar\u00e8ncia, responsabilitat i una gesti\u00f3 seriosa. El que passa a Urbanisme \u00e9s un frac\u00e0s pol\u00edtic maj\u00fascul i l\u2019equip de govern ha de reaccionar d\u2019una vegada, amb una regidora que ja no ho hauria de ser, com Inmaculada P\u00e9rez, al capdavant que es dedica a insultar a la ciutadania que va al ple a exposar les seves demandes, per\u00f2 que desat\u00e9n completament la seva responsabilitat\u201d.<\/p>\n[\/vc_column_text][\/vc_column][\/vc_row]\n\n\n\n<p><\/p>\n<\/div>","protected":false},"excerpt":{"rendered":"Els socialistes denuncien que l\u2019emb\u00f3s de m\u00e9s de 1.000 expedients i els tres anys d\u2019espera per obtenir una llic\u00e8ncia s\u00f3n \u201cinsostenibles i fruit de la deixadesa pol\u00edtica de la batlessa Xisca Lascolas\u201d. El portaveu municipal socialista a Llucmajor, Jaume J. Oliver, he recordat que els socialistes ja van presentar una moci\u00f3 fa m\u00e9s de dos&hellip;","protected":false},"author":3,"featured_media":30863,"comment_status":"closed","ping_status":"closed","sticky":false,"template":"","format":"standard","meta":{"footnotes":""},"categories":[2,1,90,92],"tags":[130,218,613,77,664],"class_list":["post-30862","post","type-post","status-publish","format-standard","has-post-thumbnail","hentry","category-federacio-de-mallorca","category-federacio-de-mallorca-portada","category-municipis","category-portada","tag-agrupacio-socialista-de-llucmajor","tag-amanda-fernandez","tag-elsa-herranz","tag-federacio-socialista-de-mallorca","tag-jaume-j-oliver-2"],"_links":{"self":[{"href":"https:\/\/www.psib-psoe.org\/mallorca\/wp-json\/wp\/v2\/posts\/30862"}],"collection":[{"href":"https:\/\/www.psib-psoe.org\/mallorca\/wp-json\/wp\/v2\/posts"}],"about":[{"href":"https:\/\/www.psib-psoe.org\/mallorca\/wp-json\/wp\/v2\/types\/post"}],"author":[{"embeddable":true,"href":"https:\/\/www.psib-psoe.org\/mallorca\/wp-json\/wp\/v2\/users\/3"}],"replies":[{"embeddable":true,"href":"https:\/\/www.psib-psoe.org\/mallorca\/wp-json\/wp\/v2\/comments?post=30862"}],"version-history":[{"count":1,"href":"https:\/\/www.psib-psoe.org\/mallorca\/wp-json\/wp\/v2\/posts\/30862\/revisions"}],"predecessor-version":[{"id":30864,"href":"https:\/\/www.psib-psoe.org\/mallorca\/wp-json\/wp\/v2\/posts\/30862\/revisions\/30864"}],"wp:featuredmedia":[{"embeddable":true,"href":"https:\/\/www.psib-psoe.org\/mallorca\/wp-json\/wp\/v2\/media\/30863"}],"wp:attachment":[{"href":"https:\/\/www.psib-psoe.org\/mallorca\/wp-json\/wp\/v2\/media?parent=30862"}],"wp:term":[{"taxonomy":"category","embeddable":true,"href":"https:\/\/www.psib-psoe.org\/mallorca\/wp-json\/wp\/v2\/categories?post=30862"},{"taxonomy":"post_tag","embeddable":true,"href":"https:\/\/www.psib-psoe.org\/mallorca\/wp-json\/wp\/v2\/tags?post=30862"}],"curies":[{"name":"wp","href":"https:\/\/api.w.org\/{rel}","templated":true}]}}