{"id":30865,"date":"2026-01-21T18:54:44","date_gmt":"2026-01-21T16:54:44","guid":{"rendered":"https:\/\/www.psib-psoe.org\/mallorca\/?p=30865"},"modified":"2026-01-21T18:54:55","modified_gmt":"2026-01-21T16:54:55","slug":"el-consell-de-mallorca-presenta-com-a-principal-novetat-turistica-a-fitur-el-pla-de-destinacions-intelligents-que-lidera-el-govern-de-lestat-i-financa-la-ue-amb-fons-next-gen","status":"publish","type":"post","link":"https:\/\/www.psib-psoe.org\/mallorca\/el-consell-de-mallorca-presenta-com-a-principal-novetat-turistica-a-fitur-el-pla-de-destinacions-intelligents-que-lidera-el-govern-de-lestat-i-financa-la-ue-amb-fons-next-gen\/","title":{"rendered":"El Consell de Mallorca presenta com a principal novetat tur\u00edstica a FITUR el Pla de Destinacions Intel\u00b7ligents que lidera el Govern de l\u2019Estat i finan\u00e7a la UE amb fons Next Gen."},"content":{"rendered":"<div class=\"wpb-content-wrapper\">\n<figure class=\"wp-block-image size-full\"><img loading=\"lazy\" decoding=\"async\" width=\"1600\" height=\"1200\" src=\"https:\/\/www.psib-psoe.org\/mallorca\/wp-content\/uploads\/Ple-111225-1.jpeg\" alt=\"\" class=\"wp-image-30866\" srcset=\"https:\/\/www.psib-psoe.org\/mallorca\/wp-content\/uploads\/Ple-111225-1.jpeg 1600w, https:\/\/www.psib-psoe.org\/mallorca\/wp-content\/uploads\/Ple-111225-1-300x225.jpeg 300w, https:\/\/www.psib-psoe.org\/mallorca\/wp-content\/uploads\/Ple-111225-1-1024x768.jpeg 1024w, https:\/\/www.psib-psoe.org\/mallorca\/wp-content\/uploads\/Ple-111225-1-768x576.jpeg 768w, https:\/\/www.psib-psoe.org\/mallorca\/wp-content\/uploads\/Ple-111225-1-1536x1152.jpeg 1536w, https:\/\/www.psib-psoe.org\/mallorca\/wp-content\/uploads\/Ple-111225-1-150x113.jpeg 150w, https:\/\/www.psib-psoe.org\/mallorca\/wp-content\/uploads\/Ple-111225-1-600x450.jpeg 600w, https:\/\/www.psib-psoe.org\/mallorca\/wp-content\/uploads\/Ple-111225-1-900x675.jpeg 900w, https:\/\/www.psib-psoe.org\/mallorca\/wp-content\/uploads\/Ple-111225-1-20x16.jpeg 20w\" sizes=\"(max-width: 1600px) 100vw, 1600px\" \/><\/figure>\n\n\n<p>En una FITUR marcada pels tres dies de dol oficial per l\u2019accident ferroviari d\u2019Adamuz, els responsables tur\u00edstics del Consell de Mallorca \u201cs\u2019han fet seu\u201d el Pla de Destinacions Tur\u00edstiques de SEGITTUR i de la Secretaria d\u2019Estat de Turisme, per mostrar \u201cl\u2019aposta per la intel\u00b7lig\u00e8ncia tur\u00edstica per avan\u00e7ar cap a un model tur\u00edstic m\u00e9s sostenible\u201d. En paral\u00b7lel a les crides de Galm\u00e9s i Ginard a la sostenibilitat i l\u2019equilibri, el Consell presenta una nova ruta a\u00e8ria entre Palma i Abu Dabi que contradiu l\u2019estrat\u00e8gia de contenci\u00f3 tur\u00edstica de la que braveja el PP en els seus discursos. <\/p>\n\n\n[vc_row][vc_column][vc_column_text]\n<p>La secret\u00e0ria d\u2019Estat de Turisme, Rosario S\u00e1nchez, ha presentat avui a FITUR el Mallorca PID, el Pla de Destinacions Intel\u00b7ligents de SEGITTUR que compta amb el finan\u00e7ament europeu a c\u00e0rrec dels fons Next Generation, que suposaran l\u2019arribada de 142 milions d\u2019euros a Mallorca i 287 a Balears. Es tracta de l\u2019aposta del Govern de l\u2019Estat per implementar noves eines digitals que ajudaran a prendre decisions en la l\u00ednia de la sostenibilitat i l\u2019equilibri entre visitants, residents i l\u2019entorn dins de les destinacions tur\u00edstiques. <\/p>\n<p>La magnitud de la proposta per a la gesti\u00f3 tur\u00edstica \u00e9s tal que el mateix Consell de Mallorca PPVox no ha dubtat en fer-se seva aquesta iniciativa i usar-la per explicar un suposat canvi de rumb de la pol\u00edtica tur\u00edstica durant aquesta legislatura, en favor de la contenci\u00f3. Un cop m\u00e9s, la abs\u00e8ncia de projecte i la nul\u00b7la capacitat de gesti\u00f3 de l\u2019equip de govern del Consell de Mallorca en general, i del departament de Turisme en particular, es posa de manifest quan a la principal fira tur\u00edstica de l\u2019Estat no pot plantejar una estrat\u00e8gia tur\u00edstica pr\u00f2pia. <\/p>\n<p>Ni en l\u2019etapa de l\u2019ex conseller Jos\u00e9 Marcial Rodr\u00edguez, ni en la nova de Guillem Ginard com a nou responsable del turisme de Mallorca, sembla que hi hagi una l\u00ednia de feina clara al departament de Turisme, i a la Fundaci\u00f3 Mallorca Turisme, rebatejada com a Fundaci\u00f3 Turisme Responsable de Mallorca. Sense Rodr\u00edguez, l\u2019argumentaci\u00f3 del Consell de Mallorca ha abandonat el \u2018pledge\u2019 que va impulsar com a clau de volta de la seva gesti\u00f3. Un comprom\u00eds buit, que no obliga a res, i que el mateix Consell ha decidit deixar enrere, per\u00f2 que ha costat centenars de milers d\u2019euros en costoses campanyes de publicitat interna i externa, canvis de marca i estudis de mercat. <\/p>\n<p>Com a mostra de la contradicci\u00f3 del missatge em\u00e8s avui des del Consell de Mallorca, en la mateixa nota de premsa de FITUR adjunten la presentaci\u00f3 del Mallorca PID, amb l\u2019anunci de l\u2019obertura d\u2019una nova ruta a\u00e8ria entre Palma i Abu Dabi, a c\u00e0rrec de la companyia Etihad Airways. Un nou mercat tur\u00edstic asi\u00e0tic que te acc\u00e9s directe a Mallorca i que \u00e9s totalment contradictori amb qualsevol estrat\u00e8gia de contenci\u00f3 i contra la massificaci\u00f3 tur\u00edstica sobretot en temporada alta, tenint en compte que precisament l\u2019obertura de la l\u00ednia es far\u00e0 d\u2019inici durant els mesos d\u2019estiu. <\/p>\n<p>\u00c9s significatiu que precisament es pugui obrir una nova ruta que connecta els Emirats \u00c0rabs Units amb Mallorca, i que es presenti com una oportunitat de negoci quan all\u00f2 que es pot provocar \u00e9s una major pressi\u00f3 immobili\u00e0ria a l\u2019illa que repercuteixi en negatiu als residents que necessiten cada cop m\u00e9s ajuda per accedir a un pis en condicions. <\/p>\n<p>El Grup Socialista al Consell considera que FITUR 2026 torna a mostrar una imatge de desgovern i de gesti\u00f3 improcedent del Turisme de Mallorca, amb anuncis aliens venuts com a propis per tapar la manca d\u2019iniciatives, i amb la celebraci\u00f3 d\u2019acords que contradiuen els missatges de contenci\u00f3 tur\u00edstica i d\u2019actuaci\u00f3 en favor del benestar dels residents. <\/p>\n[\/vc_column_text][\/vc_column][\/vc_row]\n\n\n\n<p><\/p>\n<\/div>","protected":false},"excerpt":{"rendered":"En una FITUR marcada pels tres dies de dol oficial per l\u2019accident ferroviari d\u2019Adamuz, els responsables tur\u00edstics del Consell de Mallorca \u201cs\u2019han fet seu\u201d el Pla de Destinacions Tur\u00edstiques de SEGITTUR i de la Secretaria d\u2019Estat de Turisme, per mostrar \u201cl\u2019aposta per la intel\u00b7lig\u00e8ncia tur\u00edstica per avan\u00e7ar cap a un model tur\u00edstic m\u00e9s sostenible\u201d. En&hellip;","protected":false},"author":3,"featured_media":30866,"comment_status":"closed","ping_status":"closed","sticky":false,"template":"","format":"standard","meta":{"footnotes":""},"categories":[2,1,90,92],"tags":[218,343,262,447,105,83,77,186,483,639,504],"class_list":["post-30865","post","type-post","status-publish","format-standard","has-post-thumbnail","hentry","category-federacio-de-mallorca","category-federacio-de-mallorca-portada","category-municipis","category-portada","tag-amanda-fernandez","tag-andreu-serra","tag-antoni-mari","tag-bea-gamundi","tag-catalina-cladera","tag-consell-de-mallorca","tag-federacio-socialista-de-mallorca","tag-jaume-mateu","tag-joan-ferrer","tag-joan-mendez-2","tag-juana-m-adrover"],"_links":{"self":[{"href":"https:\/\/www.psib-psoe.org\/mallorca\/wp-json\/wp\/v2\/posts\/30865"}],"collection":[{"href":"https:\/\/www.psib-psoe.org\/mallorca\/wp-json\/wp\/v2\/posts"}],"about":[{"href":"https:\/\/www.psib-psoe.org\/mallorca\/wp-json\/wp\/v2\/types\/post"}],"author":[{"embeddable":true,"href":"https:\/\/www.psib-psoe.org\/mallorca\/wp-json\/wp\/v2\/users\/3"}],"replies":[{"embeddable":true,"href":"https:\/\/www.psib-psoe.org\/mallorca\/wp-json\/wp\/v2\/comments?post=30865"}],"version-history":[{"count":1,"href":"https:\/\/www.psib-psoe.org\/mallorca\/wp-json\/wp\/v2\/posts\/30865\/revisions"}],"predecessor-version":[{"id":30867,"href":"https:\/\/www.psib-psoe.org\/mallorca\/wp-json\/wp\/v2\/posts\/30865\/revisions\/30867"}],"wp:featuredmedia":[{"embeddable":true,"href":"https:\/\/www.psib-psoe.org\/mallorca\/wp-json\/wp\/v2\/media\/30866"}],"wp:attachment":[{"href":"https:\/\/www.psib-psoe.org\/mallorca\/wp-json\/wp\/v2\/media?parent=30865"}],"wp:term":[{"taxonomy":"category","embeddable":true,"href":"https:\/\/www.psib-psoe.org\/mallorca\/wp-json\/wp\/v2\/categories?post=30865"},{"taxonomy":"post_tag","embeddable":true,"href":"https:\/\/www.psib-psoe.org\/mallorca\/wp-json\/wp\/v2\/tags?post=30865"}],"curies":[{"name":"wp","href":"https:\/\/api.w.org\/{rel}","templated":true}]}}