{"id":30868,"date":"2026-01-22T17:23:50","date_gmt":"2026-01-22T15:23:50","guid":{"rendered":"https:\/\/www.psib-psoe.org\/mallorca\/?p=30868"},"modified":"2026-01-22T18:27:32","modified_gmt":"2026-01-22T16:27:32","slug":"el-grup-socialista-insta-a-limas-a-centrar-se-en-el-benestar-dels-primers-menors-migrants-no-acompanyats-que-acull-al-quarter-de-son-tous-i-a-no-usar-los-com-a-argument-politic-en-contra-del","status":"publish","type":"post","link":"https:\/\/www.psib-psoe.org\/mallorca\/el-grup-socialista-insta-a-limas-a-centrar-se-en-el-benestar-dels-primers-menors-migrants-no-acompanyats-que-acull-al-quarter-de-son-tous-i-a-no-usar-los-com-a-argument-politic-en-contra-del\/","title":{"rendered":"El Grup Socialista insta a l\u2019IMAS a centrar-se en el benestar dels primers menors migrants no acompanyats que acull al quarter de Son Tous, i a no usar-los com a argument pol\u00edtic en contra del Govern de l\u2019Estat."},"content":{"rendered":"<div class=\"wpb-content-wrapper\">\n<figure class=\"wp-block-image size-full\"><img loading=\"lazy\" decoding=\"async\" width=\"1179\" height=\"1433\" src=\"https:\/\/www.psib-psoe.org\/mallorca\/wp-content\/uploads\/Alonso-decles-230925-1.jpeg\" alt=\"\" class=\"wp-image-30869\" srcset=\"https:\/\/www.psib-psoe.org\/mallorca\/wp-content\/uploads\/Alonso-decles-230925-1.jpeg 1179w, https:\/\/www.psib-psoe.org\/mallorca\/wp-content\/uploads\/Alonso-decles-230925-1-247x300.jpeg 247w, https:\/\/www.psib-psoe.org\/mallorca\/wp-content\/uploads\/Alonso-decles-230925-1-842x1024.jpeg 842w, https:\/\/www.psib-psoe.org\/mallorca\/wp-content\/uploads\/Alonso-decles-230925-1-768x933.jpeg 768w, https:\/\/www.psib-psoe.org\/mallorca\/wp-content\/uploads\/Alonso-decles-230925-1-300x365.jpeg 300w, https:\/\/www.psib-psoe.org\/mallorca\/wp-content\/uploads\/Alonso-decles-230925-1-150x182.jpeg 150w, https:\/\/www.psib-psoe.org\/mallorca\/wp-content\/uploads\/Alonso-decles-230925-1-600x729.jpeg 600w, https:\/\/www.psib-psoe.org\/mallorca\/wp-content\/uploads\/Alonso-decles-230925-1-900x1094.jpeg 900w, https:\/\/www.psib-psoe.org\/mallorca\/wp-content\/uploads\/Alonso-decles-230925-1-20x24.jpeg 20w\" sizes=\"(max-width: 1179px) 100vw, 1179px\" \/><\/figure>\n\n\n<p>La portaveu adjunta del Grup Socialista, Sofia Alonso ha reclamat un cop m\u00e9s que l\u2019IMAS presti una atenci\u00f3 \u201cadequada i humana\u201d a tots els menors que acull, inclosos els menors migrants no acompanyats que ha comen\u00e7at a atendre al quarter de Son Tous. \u201cAquesta hauria de ser la principal i \u00fanica prioritat de l\u2019IMAS, per\u00f2 lamentablement veiem com el conseller Guillermo S\u00e1nchez no deixa d\u2019usar aquests menors per atacar pol\u00edticament al Govern de l\u2019Estat\u201d.<\/p>\n\n\n[vc_row][vc_column][vc_column_text]\n<p>La posada en marxa del centre d\u2019atenci\u00f3 de NNAMNA a Son Tous no \u00e9s per res el model d\u2019atenci\u00f3 dels socialistes, cal recordar que la passada legislatura es varen demanar Fons Next Generation per construir un centre de primera acollida amb totes les garanties tant d\u2019est\u00e0ndards de qualitat de infraestructura com de projecte educatiu. Fons que a hores d\u2019ara l\u2019actual equip de govern no sabem a que est\u00e0 destinant, at\u00e8s la negativa dels seus socis de Govern, VOX, a destinar diners a l\u2019atenci\u00f3 de menors migrants. <\/p>\n<p>L\u2019inici de l\u2019activitat del quarter de Son Tous com a centre de primera acollida de migrants menors no acompanyats acabats d\u2019arribar a Mallorca s\u2019ha de desenvolupar segons els mateixos est\u00e0ndards d\u2019atenci\u00f3 que es dispensa a la resta de menors a c\u00e0rrec de la instituci\u00f3. Sofia Alonso ha llen\u00e7at aquest advertiment, davant de les invectives de l\u2019extrema dreta de Vox que crida constantment a l\u2019a\u00efllament i la marginaci\u00f3 d\u2019aquests menors estrangers, i al perill que el PP cedeixi a les demandes per por de perdre el suport que els ultres aporten al govern de Mallorca. <\/p>\n<p>\u201cAcollir no \u00e9s castigar, i l\u2019IMAS ha de tenir en compte la Carta dels Drets Humans i dels Drets del Menor molt per damunt de l\u2019inter\u00e8s pol\u00edtic conjuntural del PP per mantenir el favor de la ultradreta\u201d, ha afirmat Alonso, per a qui Son Tous \u201cno pot ser un centre per aplicar mesures punitives a uns menors que s\u00f3n v\u00edctimes d\u2019una situaci\u00f3 de desprotecci\u00f3 extrema\u201d. <\/p>\n<p>Alonso ha censurat el president de l\u2019IMAS, Guillermo S\u00e1nchez, per qu\u00e8 continua presentant els menors migants com un factor pol\u00edtic per fer for\u00e7a en contra del Govern de l\u2019Estat. \u201cGalm\u00e9s i el seu conseller S\u00e1nchez han de ser conscients que l\u2019Estat ja aporta recursos materials i econ\u00f2mics a totes les comunitats que com Balears, han de gestionar l\u2019arribada de menors migrants\u201d. En aquest sentit, Alonso creu que el \u201cmantra constant de dir que les instal\u00b7lacions de menors del Consell estan al 1.100% de la seva capacitat \u00e9s un simple argument pol\u00edtic sense suport real\u201d. <\/p>\n<p>La portaveu adjunta del Grup Socialista ha argumentat que els vots de PPVox al ple del Consell van tombar la reclamaci\u00f3 en contra del pressupost per manca de dotaci\u00f3 econ\u00f2mica necess\u00e0ria per al servei de Menors: \u201cNosaltres vol\u00edem que el pressupost del Consell s\u2019increment\u00e9s per donar resposta a la possibilitat d\u2019arribar a atendre fins a 400 migrants m\u00e9s enguany, per\u00f2 la resposta del Consell per denegar la proposta va ser simplement que els recursos que preveu el pressupost de 2026, els mateixos que en 2025, ja eren suficients\u201d, un fet que per Alonso demostra \u201cla fal\u00b7l\u00e0cia del 1.100% de Galm\u00e9s i S\u00e1nchez, que no deixen d\u2019usar els menors com a arma pol\u00edtica com ja van fer durant la passada legislatura\u201d. <\/p>\n<p>Alonso ha destacat la disponibilitat de la Delegaci\u00f3 del Govern a les Illes Balears i del Ministeri de Defensa, que han estat atents a la demanda social que genera l\u2019arribada de menors migrants a Mallorca, amb la cessi\u00f3 d\u2019\u00fas de les instal\u00b7lacions de Son Tous. \u201cGuillermo S\u00e1nchez ha adm\u00e8s que el cost de cada dia d\u2019estada d\u2019aquests joves a Son Tous \u00e9s inferior al d\u2019un jove at\u00e8s en algun dels centres que gestiona l\u2019IMAS, i aix\u00f2 \u00e9s precisament gr\u00e0cies a qu\u00e8 el Consell no ha de fer-se c\u00e0rrec del lloguer de l\u2019immoble, que ha estat cedit de manera gratu\u00efta pel Ministeri de Defensa. Una col\u00b7laboraci\u00f3 institucional \u201cnecess\u00e0ria\u201d, segons Alonso, \u201cper\u00f2 que a Mallorca es topa amb el filibusterisme pol\u00edtic de Galm\u00e9s\u201d.  <\/p>\n[\/vc_column_text][\/vc_column][\/vc_row]\n\n\n\n<p><\/p>\n<\/div>","protected":false},"excerpt":{"rendered":"La portaveu adjunta del Grup Socialista, Sofia Alonso ha reclamat un cop m\u00e9s que l\u2019IMAS presti una atenci\u00f3 \u201cadequada i humana\u201d a tots els menors que acull, inclosos els menors migrants no acompanyats que ha comen\u00e7at a atendre al quarter de Son Tous. \u201cAquesta hauria de ser la principal i \u00fanica prioritat de l\u2019IMAS, per\u00f2&hellip;","protected":false},"author":3,"featured_media":30869,"comment_status":"closed","ping_status":"closed","sticky":false,"template":"","format":"standard","meta":{"footnotes":""},"categories":[2,1,90,92],"tags":[218,343,262,447,105,83,77,186,483,639,504],"class_list":["post-30868","post","type-post","status-publish","format-standard","has-post-thumbnail","hentry","category-federacio-de-mallorca","category-federacio-de-mallorca-portada","category-municipis","category-portada","tag-amanda-fernandez","tag-andreu-serra","tag-antoni-mari","tag-bea-gamundi","tag-catalina-cladera","tag-consell-de-mallorca","tag-federacio-socialista-de-mallorca","tag-jaume-mateu","tag-joan-ferrer","tag-joan-mendez-2","tag-juana-m-adrover"],"_links":{"self":[{"href":"https:\/\/www.psib-psoe.org\/mallorca\/wp-json\/wp\/v2\/posts\/30868"}],"collection":[{"href":"https:\/\/www.psib-psoe.org\/mallorca\/wp-json\/wp\/v2\/posts"}],"about":[{"href":"https:\/\/www.psib-psoe.org\/mallorca\/wp-json\/wp\/v2\/types\/post"}],"author":[{"embeddable":true,"href":"https:\/\/www.psib-psoe.org\/mallorca\/wp-json\/wp\/v2\/users\/3"}],"replies":[{"embeddable":true,"href":"https:\/\/www.psib-psoe.org\/mallorca\/wp-json\/wp\/v2\/comments?post=30868"}],"version-history":[{"count":2,"href":"https:\/\/www.psib-psoe.org\/mallorca\/wp-json\/wp\/v2\/posts\/30868\/revisions"}],"predecessor-version":[{"id":30871,"href":"https:\/\/www.psib-psoe.org\/mallorca\/wp-json\/wp\/v2\/posts\/30868\/revisions\/30871"}],"wp:featuredmedia":[{"embeddable":true,"href":"https:\/\/www.psib-psoe.org\/mallorca\/wp-json\/wp\/v2\/media\/30869"}],"wp:attachment":[{"href":"https:\/\/www.psib-psoe.org\/mallorca\/wp-json\/wp\/v2\/media?parent=30868"}],"wp:term":[{"taxonomy":"category","embeddable":true,"href":"https:\/\/www.psib-psoe.org\/mallorca\/wp-json\/wp\/v2\/categories?post=30868"},{"taxonomy":"post_tag","embeddable":true,"href":"https:\/\/www.psib-psoe.org\/mallorca\/wp-json\/wp\/v2\/tags?post=30868"}],"curies":[{"name":"wp","href":"https:\/\/api.w.org\/{rel}","templated":true}]}}