{"id":30878,"date":"2026-01-26T15:24:54","date_gmt":"2026-01-26T13:24:54","guid":{"rendered":"https:\/\/www.psib-psoe.org\/mallorca\/?p=30878"},"modified":"2026-01-26T15:25:05","modified_gmt":"2026-01-26T13:25:05","slug":"els-socialistes-de-marratxi-exigeixen-explicacions-immediates-i-responsabilitats-politiques-a-pp-vox-per-les-irregularitats-a-marratxi-xxi","status":"publish","type":"post","link":"https:\/\/www.psib-psoe.org\/mallorca\/els-socialistes-de-marratxi-exigeixen-explicacions-immediates-i-responsabilitats-politiques-a-pp-vox-per-les-irregularitats-a-marratxi-xxi\/","title":{"rendered":"Els Socialistes de Marratx\u00ed exigeixen \u201cexplicacions immediates i responsabilitats pol\u00edtiques\u201d a PP-VOX per les irregularitats a Marratx\u00ed XXI."},"content":{"rendered":"<div class=\"wpb-content-wrapper\">\n<figure class=\"wp-block-image size-full is-resized is-style-default\"><img loading=\"lazy\" decoding=\"async\" width=\"1536\" height=\"2048\" src=\"https:\/\/www.psib-psoe.org\/mallorca\/wp-content\/uploads\/Miquel-Cabot-.jpeg\" alt=\"\" class=\"wp-image-30879\" style=\"width:788px;height:auto\" srcset=\"https:\/\/www.psib-psoe.org\/mallorca\/wp-content\/uploads\/Miquel-Cabot-.jpeg 1536w, https:\/\/www.psib-psoe.org\/mallorca\/wp-content\/uploads\/Miquel-Cabot--225x300.jpeg 225w, https:\/\/www.psib-psoe.org\/mallorca\/wp-content\/uploads\/Miquel-Cabot--768x1024.jpeg 768w, https:\/\/www.psib-psoe.org\/mallorca\/wp-content\/uploads\/Miquel-Cabot--1152x1536.jpeg 1152w, https:\/\/www.psib-psoe.org\/mallorca\/wp-content\/uploads\/Miquel-Cabot--300x400.jpeg 300w, https:\/\/www.psib-psoe.org\/mallorca\/wp-content\/uploads\/Miquel-Cabot--150x200.jpeg 150w, https:\/\/www.psib-psoe.org\/mallorca\/wp-content\/uploads\/Miquel-Cabot--600x800.jpeg 600w, https:\/\/www.psib-psoe.org\/mallorca\/wp-content\/uploads\/Miquel-Cabot--900x1200.jpeg 900w, https:\/\/www.psib-psoe.org\/mallorca\/wp-content\/uploads\/Miquel-Cabot--20x27.jpeg 20w\" sizes=\"(max-width: 1536px) 100vw, 1536px\" \/><\/figure>\n\n\n[vc_row][vc_column][vc_column_text]\n<p><em><u> Si es confirma que el candidat va falsejar el seu curr\u00edculum per la seva contractaci\u00f3 a l\u2019empresa p\u00fablica municipal, els Socialistes de Marratx\u00ed exigiran el cessament immediat del treballador i del responsable pol\u00edtic responsable de la contractaci\u00f3, i que es torni a iniciar el proc\u00e9s de contractaci\u00f3 amb totes les garanties de legalitat, igualtat, m\u00e8rit i capacitat.<\/p>\n<p>El mes d\u2019abril de 2024 el grup socialista ja va sol\u00b7licitar formalment, la certificaci\u00f3 dels cursos i titulacions al\u00b7legades pel candidat, sense que a dia d\u2019avui encara s\u2019hagi facilitat cap documentaci\u00f3.<\/p>\n[\/vc_column_text][\/vc_column][\/vc_row]\n\n\n[vc_row][vc_column][vc_column_text]\n<p>Els Socialistes de Marratx\u00ed reclamen \u201cexplicacions immediates i urgents\u201d a l\u2019equip de govern del PP i VOX davant les greus irregularitats detectades en la contractaci\u00f3 d\u2019un treballador de l\u2019empresa p\u00fablica Marratx\u00ed XXI, fets que han estat recollits recentment per diversos mitjans de comunicaci\u00f3 arran de la publicaci\u00f3 d\u2019una auditoria independent.<\/p>\n<p>Aquesta auditoria posa en dubte el proc\u00e9s de selecci\u00f3 del candidat seleccionat, ja que s\u2019haurien modificat els requisits de la pla\u00e7a per afavorir clarament a un candidat que \u00e9s militant de VOX. Davant aquesta situaci\u00f3, ja en el mes d\u2019abril de 2024 el Grup Socialista Municipal ja va sol\u00b7licitar formalment, mitjan\u00e7ant correu electr\u00f2nic, la certificaci\u00f3 dels cursos i titulacions al\u00b7legades pel candidat, sense que a dia d\u2019avui encara s\u2019hagi facilitat cap documentaci\u00f3. Aquesta manca de resposta nom\u00e9s pot interpretar-se com una falta greu de transpar\u00e8ncia per part dels responsables pol\u00edtics de l\u2019empresa p\u00fablica i de l\u2019equip de govern municipal.<\/p>\n<p>Si es confirma que el candidat va falsejar el seu curr\u00edculum, ens trobar\u00edem davant un possible cas de falsedat documental, una situaci\u00f3 absolutament incompatible amb la perman\u00e8ncia en una empresa p\u00fablica. En aquest cas, els Socialistes exigeixen el cessament immediat del treballador i que es torni a iniciar el proc\u00e9s de contractaci\u00f3 amb totes les garanties de legalitat, igualtat, m\u00e8rit i capacitat.<\/p>\n<p>Per\u00f2 la responsabilitat no pot recaure \u00fanicament en el treballador. Si els responsables pol\u00edtics del PP i VOX varen permetre la contractaci\u00f3 d\u2019un afiliat seu sense comprovar ni validar la seva formaci\u00f3 i experi\u00e8ncia,  es tractaria d\u2019un cas molt greu d\u2019\u00fas partidista d\u2019una empresa p\u00fablica. En aquest escenari, tamb\u00e9 es reclama la dimissi\u00f3 dels responsables pol\u00edtics implicats.<\/p>\n<p>Cal recordar, a m\u00e9s, que existien candidats amb una preparaci\u00f3 i experi\u00e8ncia molt superiors, als quals se\u2019ls va negar l\u2019oportunitat de cobrir aquesta pla\u00e7a. A difer\u00e8ncia d\u2019altres processos selectius de Marratx\u00ed XXI, ni tan sols es varen realitzar entrevistes, fet que refor\u00e7a la sospita d\u2019un procediment fet a mida i sense garanties.<\/p>\n<p>Els Socialistes de Marratx\u00ed consideren \u201cinacceptable\u201d que l\u2019empresa p\u00fablica del municipi es converteixi en una \u201cag\u00e8ncia de col\u00b7locaci\u00f3 al servei d\u2019interessos partidistes\u201d, i manifesten el seu comprom\u00eds amb \u201cla transpar\u00e8ncia, la legalitat i l\u2019assumpci\u00f3 de responsabilitats fins al final\u201d.<\/p>\n[\/vc_column_text][\/vc_column][\/vc_row]\n<\/div>","protected":false},"excerpt":{"rendered":"[vc_row][vc_column][vc_column_text] Si es confirma que el candidat va falsejar el seu curr\u00edculum per la seva contractaci\u00f3 a l\u2019empresa p\u00fablica municipal, els Socialistes de Marratx\u00ed exigiran el cessament immediat del treballador i del responsable pol\u00edtic responsable de la contractaci\u00f3, i que es torni a iniciar el proc\u00e9s de contractaci\u00f3 amb totes les garanties de legalitat, igualtat,&hellip;","protected":false},"author":3,"featured_media":30879,"comment_status":"closed","ping_status":"closed","sticky":false,"template":"","format":"standard","meta":{"footnotes":""},"categories":[2,1,90,92],"tags":[414,218,362,100,84,351],"class_list":["post-30878","post","type-post","status-publish","format-standard","has-post-thumbnail","hentry","category-federacio-de-mallorca","category-federacio-de-mallorca-portada","category-municipis","category-portada","tag-agrupacio-socialista-marratxi","tag-amanda-fernandez","tag-ares-fernandez","tag-miquel-cabot","tag-psib-psoe","tag-tolo-aguilar"],"_links":{"self":[{"href":"https:\/\/www.psib-psoe.org\/mallorca\/wp-json\/wp\/v2\/posts\/30878"}],"collection":[{"href":"https:\/\/www.psib-psoe.org\/mallorca\/wp-json\/wp\/v2\/posts"}],"about":[{"href":"https:\/\/www.psib-psoe.org\/mallorca\/wp-json\/wp\/v2\/types\/post"}],"author":[{"embeddable":true,"href":"https:\/\/www.psib-psoe.org\/mallorca\/wp-json\/wp\/v2\/users\/3"}],"replies":[{"embeddable":true,"href":"https:\/\/www.psib-psoe.org\/mallorca\/wp-json\/wp\/v2\/comments?post=30878"}],"version-history":[{"count":1,"href":"https:\/\/www.psib-psoe.org\/mallorca\/wp-json\/wp\/v2\/posts\/30878\/revisions"}],"predecessor-version":[{"id":30880,"href":"https:\/\/www.psib-psoe.org\/mallorca\/wp-json\/wp\/v2\/posts\/30878\/revisions\/30880"}],"wp:featuredmedia":[{"embeddable":true,"href":"https:\/\/www.psib-psoe.org\/mallorca\/wp-json\/wp\/v2\/media\/30879"}],"wp:attachment":[{"href":"https:\/\/www.psib-psoe.org\/mallorca\/wp-json\/wp\/v2\/media?parent=30878"}],"wp:term":[{"taxonomy":"category","embeddable":true,"href":"https:\/\/www.psib-psoe.org\/mallorca\/wp-json\/wp\/v2\/categories?post=30878"},{"taxonomy":"post_tag","embeddable":true,"href":"https:\/\/www.psib-psoe.org\/mallorca\/wp-json\/wp\/v2\/tags?post=30878"}],"curies":[{"name":"wp","href":"https:\/\/api.w.org\/{rel}","templated":true}]}}